{"id":207305,"date":"2025-10-29T13:40:25","date_gmt":"2025-10-29T13:40:25","guid":{"rendered":"https:\/\/www.europesays.com\/es\/207305\/"},"modified":"2025-10-29T13:40:25","modified_gmt":"2025-10-29T13:40:25","slug":"ojala-tener-una-cita-al-salir-del-programa","status":"publish","type":"post","link":"https:\/\/www.europesays.com\/es\/207305\/","title":{"rendered":"Ojal\u00e1 tener una cita al salir del programa"},"content":{"rendered":"<p data-journey-content=\"true\" data-node-id=\"3\" class=\"css-6wxqfj emevuu60\"><strong data-node-id=\"3.0\"><a href=\"https:\/\/www.diezminutos.es\/jorge-javier\/\" target=\"_blank\" data-vars-ga-outbound-link=\"https:\/\/www.diezminutos.es\/jorge-javier\/\" data-vars-ga-ux-element=\"Hyperlink\" data-vars-ga-call-to-action=\"Jorge Javier V\u00e1zquez\" data-node-id=\"3.0.0\" class=\"body-link css-177bzfx emevuu60\" rel=\"nofollow noopener\">Jorge Javier V\u00e1zquez<\/a> se sorprende con la petici\u00f3n de Miri P\u00e9rez-Cabrero en &#8216;Supervivientes All Stars&#8217;. \u00abOjal\u00e1 tener una cita al salir del programa\u00bb, confes\u00f3.<\/strong> La aventura en Honduras est\u00e1 en la cuenta atr\u00e1s para su gran final, que <a href=\"https:\/\/www.diezminutos.es\/teleprograma\/programas-tv\/a69161080\/final-supervivientes-all-stars-honduras-novedad\/\" target=\"_blank\" data-vars-ga-outbound-link=\"https:\/\/www.diezminutos.es\/teleprograma\/programas-tv\/a69161080\/final-supervivientes-all-stars-honduras-novedad\/\" data-vars-ga-ux-element=\"Hyperlink\" data-vars-ga-call-to-action=\"se realizar\u00e1 en la propia isla con el acompa\u00f1amiento de los familiares\" data-node-id=\"3.2\" class=\"body-link css-177bzfx emevuu60\" rel=\"nofollow noopener\">se realizar\u00e1 en la propia isla con el acompa\u00f1amiento de los familiares<\/a> de aquellos concursantes que lleguen a ser finalistas. El reality ha dado para mucho, desde <strong data-node-id=\"3.4\">enfrentamientos<\/strong> entre los concursantes hasta <a href=\"https:\/\/www.diezminutos.es\/teleprograma\/programas-tv\/a69142210\/indignacion-supervivientes-jessica-bueno-corte-pelo\/\" target=\"_blank\" data-vars-ga-outbound-link=\"https:\/\/www.diezminutos.es\/teleprograma\/programas-tv\/a69142210\/indignacion-supervivientes-jessica-bueno-corte-pelo\/\" data-vars-ga-ux-element=\"Hyperlink\" data-vars-ga-call-to-action=\"cr\u00edticas de la audiencia por tongo\" data-node-id=\"3.6\" class=\"body-link css-177bzfx emevuu60\" rel=\"nofollow noopener\">cr\u00edticas de la audiencia por tongo<\/a> o por el trato hacia algunos participantes. Incluso hemos presenciado <a href=\"https:\/\/www.diezminutos.es\/teleprograma\/programas-tv\/a68965156\/supervivientes-all-stars-tony-spina-marta-penate-separacion-despues-boda\/\" target=\"_blank\" data-vars-ga-outbound-link=\"https:\/\/www.diezminutos.es\/teleprograma\/programas-tv\/a68965156\/supervivientes-all-stars-tony-spina-marta-penate-separacion-despues-boda\/\" data-vars-ga-ux-element=\"Hyperlink\" data-vars-ga-call-to-action=\"la boda de Marta Pe\u00f1ate y Tony\" data-node-id=\"3.8\" class=\"body-link css-177bzfx emevuu60\" rel=\"nofollow noopener\">la boda de Marta Pe\u00f1ate y Tony<\/a>, y un posible comienzo de una <strong data-node-id=\"3.10\">nueva historia de amor<\/strong> entre <a href=\"https:\/\/www.diezminutos.es\/teleprograma\/programas-tv\/a68838580\/miri-perez-cabrera-alejandro-albala-primera-noche-juntos-supervivientes-all-stars\/\" target=\"_blank\" data-vars-ga-outbound-link=\"https:\/\/www.diezminutos.es\/teleprograma\/programas-tv\/a68838580\/miri-perez-cabrera-alejandro-albala-primera-noche-juntos-supervivientes-all-stars\/\" data-vars-ga-ux-element=\"Hyperlink\" data-vars-ga-call-to-action=\"Alejandro Albal\u00e1 y Miri P\u00e9rez-Cabrero\" data-node-id=\"3.12\" class=\"body-link css-177bzfx emevuu60\" rel=\"nofollow noopener\">Alejandro Albal\u00e1 y Miri P\u00e9rez-Cabrero<\/a>.<\/p>\n<p data-journey-content=\"true\" data-node-id=\"6\" class=\"css-6wxqfj emevuu60\">Este acercamiento entre Albal\u00e1 y Miri fue una sorpresa para todos, y ya se bautiz\u00f3 como <strong data-node-id=\"6.1\">la \u00abparejita\u00bb de la edici\u00f3n<\/strong>. Lo que comenz\u00f3 como un simple tonteo acab\u00f3 resultando en un <a href=\"https:\/\/www.diezminutos.es\/teleprograma\/programas-tv\/a66007722\/miri-perez-cabrero-alejandro-albala-pareja-supervivientes-all-stars-2025\/\" target=\"_blank\" data-vars-ga-outbound-link=\"https:\/\/www.diezminutos.es\/teleprograma\/programas-tv\/a66007722\/miri-perez-cabrero-alejandro-albala-pareja-supervivientes-all-stars-2025\/\" data-vars-ga-ux-element=\"Hyperlink\" data-vars-ga-call-to-action=\"flechazo para ambos\" data-node-id=\"6.3\" class=\"body-link css-177bzfx emevuu60\" rel=\"nofollow noopener\">flechazo para ambos<\/a>; sin embargo, <strong data-node-id=\"6.5\">su tiempo juntos no dur\u00f3 mucho<\/strong>, y es que <a href=\"https:\/\/www.diezminutos.es\/teleprograma\/programas-tv\/a68992130\/supervivientes-all-stars-2025-miri-perez-cabrero-alejandro-albala-expulsion\/\" target=\"_blank\" data-vars-ga-outbound-link=\"https:\/\/www.diezminutos.es\/teleprograma\/programas-tv\/a68992130\/supervivientes-all-stars-2025-miri-perez-cabrero-alejandro-albala-expulsion\/\" data-vars-ga-ux-element=\"Hyperlink\" data-vars-ga-call-to-action=\"Alejandro fue expulsado\" data-node-id=\"6.7\" class=\"body-link css-177bzfx emevuu60\" rel=\"nofollow noopener\">Alejandro fue expulsado<\/a> hace dos semanas, tras batirse en duelo con la joven con quien sent\u00eda tanta conexi\u00f3n. <\/p>\n<p><img draggable=\"true\" alt=\"despedida miri perez y alejandro albala en 'supervivientes all stars'\" title=\"despedida miri perez y alejandro albala\" loading=\"lazy\" width=\"2081\" height=\"1136\" decoding=\"async\" data-nimg=\"1\" style=\"color:transparent;width:100%;height:auto;\"   src=\"https:\/\/www.europesays.com\/es\/wp-content\/uploads\/2025\/10\/miri-perez-y-alejandro-albala-jpg-68e8b2e3c5c26.jpg\" class=\"css-0 e1g79fud0\"\/><\/p>\n<p>Telecinco<\/p>\n<p>La sorpresa de Jorge Javier V\u00e1zquez ante la petici\u00f3n de Miri P\u00e9rez-Cabrero en &#8216;Supervivientes All Stars&#8217;<\/p>\n<p data-journey-content=\"true\" data-node-id=\"10\" class=\"css-6wxqfj emevuu60\">Cuando Alejandro lleg\u00f3 a Espa\u00f1a y visit\u00f3 el plat\u00f3 de Telecinco confirm\u00f3 lo que todos los espectadores ya sab\u00edan, <strong data-node-id=\"10.1\">sus sentimientos hacia la joven superviviente<\/strong>. Yendo m\u00e1s all\u00e1, <a href=\"https:\/\/www.diezminutos.es\/teleprograma\/programas-tv\/a69037216\/supervivientes-all-stars-alejandro-albala-peticion-padre-miri-novia\/\" target=\"_blank\" data-vars-ga-outbound-link=\"https:\/\/www.diezminutos.es\/teleprograma\/programas-tv\/a69037216\/supervivientes-all-stars-alejandro-albala-peticion-padre-miri-novia\/\" data-vars-ga-ux-element=\"Hyperlink\" data-vars-ga-call-to-action=\"sorprendi\u00f3 con la confesi\u00f3n\" data-node-id=\"10.3\" class=\"body-link css-177bzfx emevuu60\" rel=\"nofollow noopener\">sorprendi\u00f3 con la confesi\u00f3n<\/a> que le hizo al padre de la concursante: \u00ab<strong data-node-id=\"10.5\">Me gusta para que sea mi novia<\/strong>\u00ab. Miri, todav\u00eda en Honduras, tampoco ha olvidado a su compa\u00f1ero, y en su <strong data-node-id=\"10.7\">&#8216;Puente de las emociones&#8217;<\/strong> <a href=\"https:\/\/www.diezminutos.es\/teleprograma\/programas-tv\/a69159379\/miri-perez-cabrero-corazon-alejandro-albala-supervivientes-all-stars-2025\/\" target=\"_blank\" data-vars-ga-outbound-link=\"https:\/\/www.diezminutos.es\/teleprograma\/programas-tv\/a69159379\/miri-perez-cabrero-corazon-alejandro-albala-supervivientes-all-stars-2025\/\" data-vars-ga-ux-element=\"Hyperlink\" data-vars-ga-call-to-action=\"desvelaba si estaba preparada para mantener una relaci\u00f3n\" data-node-id=\"10.9\" class=\"body-link css-177bzfx emevuu60\" rel=\"nofollow noopener\">desvelaba si estaba preparada para mantener una relaci\u00f3n<\/a> con \u00e9l. Sin embargo, este romance no parece que sea bien visto por el resto de compa\u00f1eros. En la \u00faltima gala, <strong data-node-id=\"10.11\">Tony Spina criticaba la falta de confianza<\/strong> en la exconcursante de &#8216;<a href=\"https:\/\/www.diezminutos.es\/masterchef\/\" target=\"_blank\" data-vars-ga-outbound-link=\"https:\/\/www.diezminutos.es\/masterchef\/\" data-vars-ga-ux-element=\"Hyperlink\" data-vars-ga-call-to-action=\"Masterchef\" data-node-id=\"10.13\" class=\"body-link css-177bzfx emevuu60\" rel=\"nofollow noopener\">Masterchef<\/a>&#8216; por su \u00faltimo acercamiento con Adara Molinero, con quien ha estado enfrentada durante toda su aventura en Honduras. \u00ab<strong data-node-id=\"10.15\">Me han educado para ser como quiera ser y da igual lo que digan<\/strong>\u00ab, respond\u00eda Miri.<\/p>\n<p><img draggable=\"true\" alt=\"semifinalistas en 'supervivientes all stars'\" title=\"Semifinalistas en 'Supervivientes All Stars'\" loading=\"lazy\" width=\"2213\" height=\"1243\" decoding=\"async\" data-nimg=\"1\" style=\"color:transparent;width:100%;height:auto;\"   src=\"https:\/\/www.europesays.com\/es\/wp-content\/uploads\/2025\/10\/semifinalistas-supervivientes-all-stars-jpg-6901f29191938.jpg\" class=\"css-0 e1g79fud0\"\/><\/p>\n<p>Telecinco<\/p>\n<p data-journey-content=\"true\" data-node-id=\"15\" class=\"css-6wxqfj emevuu60\"> Ante las quejas del marido de <a href=\"https:\/\/www.diezminutos.es\/teleprograma\/programas-tv\/a66009487\/marta-penate-vida-supervivientes-problemas-ser-madre-relacion-tony-spina\/\" target=\"_blank\" data-vars-ga-outbound-link=\"https:\/\/www.diezminutos.es\/teleprograma\/programas-tv\/a66009487\/marta-penate-vida-supervivientes-problemas-ser-madre-relacion-tony-spina\/\" data-vars-ga-ux-element=\"Hyperlink\" data-vars-ga-call-to-action=\"Marta Pe\u00f1ate\" data-node-id=\"15.1\" class=\"body-link css-177bzfx emevuu60\" rel=\"nofollow noopener\">Marta Pe\u00f1ate<\/a> por la cantidad de \u00abpersonas especiales\u00bb que ha tenido la joven, era inevitable que saliese el nombre de Albal\u00e1. \u00ab<strong data-node-id=\"15.3\">De Alejandro has vendido aqu\u00ed una &#8216;love story&#8217;<\/strong>\u00ab, le recriminaba el italiano. Lo que menos esper\u00e1bamos es que ese roce resultar\u00eda en una petici\u00f3n de amor a manos de la finalista. \u00ab<strong data-node-id=\"15.5\">Alejandro se fue hace unas cuantas semanas y el concurso ha seguido evolucionando<\/strong>. Si hubiera estado, pues qui\u00e9n sabe\u00bb, comenz\u00f3. \u00abPara m\u00ed es superespecial Sonia, lo es Alejandro&#8230; <strong data-node-id=\"15.7\">Ojal\u00e1 tener una cita al salir del programa<\/strong>\u00ab. <\/p>\n<p><img draggable=\"true\" alt=\"miri perez cabrero en 'supervivientes all stars'\" title=\"Miri Perez-Cabrero en 'Supervivientes All Stars'\" loading=\"lazy\" width=\"2077\" height=\"1209\" decoding=\"async\" data-nimg=\"1\" style=\"color:transparent;width:100%;height:auto;\"   src=\"https:\/\/www.europesays.com\/es\/wp-content\/uploads\/2025\/10\/miri-perez-supervivientes-jpg-6901f53868947.jpg\" class=\"css-0 e1g79fud0\"\/><\/p>\n<p>Telecinco<\/p>\n<p data-journey-content=\"true\" data-node-id=\"18\" class=\"css-6wxqfj emevuu60\">El deseo de Miri result\u00f3 una sorpresa para Jorge Javier V\u00e1zquez, que volvi\u00f3 a repetir sus palabras con asombro. \u00ab<strong data-node-id=\"18.1\">100% quiero una cita con Alejandro Albal\u00e1 al salir<\/strong>\u00ab, asegur\u00f3 la joven. Tendremos que seguir de cerca los pasos de la parejita para saber si estamos ante una nueva historia de amor.<\/p>\n","protected":false},"excerpt":{"rendered":"Jorge Javier V\u00e1zquez se sorprende con la petici\u00f3n de Miri P\u00e9rez-Cabrero en &#8216;Supervivientes All Stars&#8217;. \u00abOjal\u00e1 tener una&hellip;\n","protected":false},"author":2,"featured_media":207306,"comment_status":"","ping_status":"","sticky":false,"template":"","format":"standard","meta":{"footnotes":""},"categories":[171],"tags":[253,146,147,25,24,23,214],"class_list":{"0":"post-207305","1":"post","2":"type-post","3":"status-publish","4":"format-standard","5":"has-post-thumbnail","7":"category-tv","8":"tag-discover","9":"tag-entertainment","10":"tag-entretenimiento","11":"tag-es","12":"tag-espana","13":"tag-spain","14":"tag-tv"},"share_on_mastodon":{"url":"https:\/\/pubeurope.com\/@es\/115457742397493356","error":""},"_links":{"self":[{"href":"https:\/\/www.europesays.com\/es\/wp-json\/wp\/v2\/posts\/207305","targetHints":{"allow":["GET"]}}],"collection":[{"href":"https:\/\/www.europesays.com\/es\/wp-json\/wp\/v2\/posts"}],"about":[{"href":"https:\/\/www.europesays.com\/es\/wp-json\/wp\/v2\/types\/post"}],"author":[{"embeddable":true,"href":"https:\/\/www.europesays.com\/es\/wp-json\/wp\/v2\/users\/2"}],"replies":[{"embeddable":true,"href":"https:\/\/www.europesays.com\/es\/wp-json\/wp\/v2\/comments?post=207305"}],"version-history":[{"count":0,"href":"https:\/\/www.europesays.com\/es\/wp-json\/wp\/v2\/posts\/207305\/revisions"}],"wp:featuredmedia":[{"embeddable":true,"href":"https:\/\/www.europesays.com\/es\/wp-json\/wp\/v2\/media\/207306"}],"wp:attachment":[{"href":"https:\/\/www.europesays.com\/es\/wp-json\/wp\/v2\/media?parent=207305"}],"wp:term":[{"taxonomy":"category","embeddable":true,"href":"https:\/\/www.europesays.com\/es\/wp-json\/wp\/v2\/categories?post=207305"},{"taxonomy":"post_tag","embeddable":true,"href":"https:\/\/www.europesays.com\/es\/wp-json\/wp\/v2\/tags?post=207305"}],"curies":[{"name":"wp","href":"https:\/\/api.w.org\/{rel}","templated":true}]}}