{"id":207321,"date":"2025-10-29T13:49:11","date_gmt":"2025-10-29T13:49:11","guid":{"rendered":"https:\/\/www.europesays.com\/es\/207321\/"},"modified":"2025-10-29T13:49:11","modified_gmt":"2025-10-29T13:49:11","slug":"hallados-mas-de-50-cadaveres-en-rio-de-janeiro-tras-la-operacion-contra-el-crimen-organizado-internacional","status":"publish","type":"post","link":"https:\/\/www.europesays.com\/es\/207321\/","title":{"rendered":"Hallados m\u00e1s de 50 cad\u00e1veres en R\u00edo de Janeiro tras la operaci\u00f3n contra el crimen organizado | Internacional"},"content":{"rendered":"<p class=\"\">Los vecinos del complejo de favelas Penha de R\u00edo de Janeiro han recuperado m\u00e1s de 50 cad\u00e1veres un d\u00eda despu\u00e9s del operativo policial m\u00e1s letal en la historia de la ciudad, dirigido contra una importante banda criminal. Las autoridades del estado de R\u00edo de Janeiro informaron el martes que <a href=\"https:\/\/elpais.com\/america\/2025-10-28\/muertos-y-decenas-de-detenidos-en-una-megaoperacion-contra-el-crimen-organizado-en-rio-de-janeiro.html\" target=\"_self\" rel=\"nofollow noopener\" title=\"https:\/\/elpais.com\/america\/2025-10-28\/muertos-y-decenas-de-detenidos-en-una-megaoperacion-contra-el-crimen-organizado-en-rio-de-janeiro.html\">al menos 64 personas, incluyendo cuatro polic\u00edas, murieron en los operativos<\/a>. La operaci\u00f3n se sald\u00f3 con la detenci\u00f3n de 81 personas. Se prev\u00e9 una actualizaci\u00f3n del balance de v\u00edctimas mortales en las pr\u00f3ximas horas. Los cuerpos han sido llevados a la plaza Sa\u00f5 Lucas por residentes que salieron a buscar a sus familiares desaparecidos, seg\u00fan han informado testigos en el lugar. <\/p>\n<p class=\"\">Los cad\u00e1veres encontrados durante la madrugada no estar\u00edan en el balance de v\u00edctimas mortales ofrecido ayer por las autoridades brasile\u00f1as, seg\u00fan inform\u00f3 este mi\u00e9rcoles el secretario del primer ministro, el coronel Marcelo de Menezes Nogueira.<\/p>\n<p class=\"\">El despliegue de 2.500 polic\u00edas en la megaoperaci\u00f3n de este martes, que se centr\u00f3 inicialmente en dos grandes barriadas cariocas de favelas, pretend\u00eda frenar la expansi\u00f3n territorial del <a href=\"https:\/\/elpais.com\/internacional\/2017\/01\/13\/actualidad\/1484339791_599405.html\" rel=\"nofollow noopener\" title=\"https:\/\/elpais.com\/internacional\/2017\/01\/13\/actualidad\/1484339791_599405.html\" target=\"_blank\">Comando Vermelho, el segundo grupo m\u00e1s poderoso<\/a>del crimen organizado en el pa\u00eds sudamericano. <\/p>\n<p class=\"\">El descomunal despliegue policial fue respondido con intensos tiroteos por los hombres del Comando Vermelho, que incluso han lanzado granadas desde drones sobre los agentes. <\/p>\n<p class=\"\">El Comando Vermelho es un grupo criminal que se dedica al tr\u00e1fico de drogas y de armas, entre otras actividades il\u00edcitas como el transporte ilegal, que naci\u00f3 en 1979 en una c\u00e1rcel de R\u00edo, se ha expandido a otros Estados en los \u00faltimos a\u00f1os. En territorio brasile\u00f1o, solo<a href=\"https:\/\/elpais.com\/especiales\/2020\/pcc-la-hermandad-de-los-criminales-en-brasil\/\" rel=\"nofollow noopener\" title=\"https:\/\/elpais.com\/especiales\/2020\/pcc-la-hermandad-de-los-criminales-en-brasil\/\" target=\"_blank\">le supera el Primer Comando de la Capital <\/a>(el PCC), que tiene su base en S\u00e3o Paulo y es su rival m\u00e1s encarnizado.<\/p>\n<p class=\"\">La Oficina de la ONU para los Derechos Humanos ha dicho sentirse \u201chorrorizada\u201d por la macrooperaci\u00f3n policial contra una importante banda del crimen organizado en R\u00edo de Janeiro, en la que murieron el martes 64 personas, la cifra m\u00e1s alta nunca antes registrada en una acci\u00f3n de este tipo en la ciudad. \u201cRecordamos a las autoridades sus obligaciones ante el derecho internacional, y urgimos a que se conduzcan investigaciones de forma pronta y efectiva\u201d sobre las muertes, indic\u00f3 en su cuenta oficial de X la oficina que dirige el alto comisionado Volker T\u00fcrk.<\/p>\n<p class=\"\">El operativo policial tuvo lugar d\u00edas antes de que R\u00edo de Janeiro albergue eventos mundiales relacionados con la cumbre clim\u00e1tica de Naciones Unidas conocida como COP30, que incluye la cumbre mundial C40 de alcaldes que abordan el cambio clim\u00e1tico y el Premio Earthshot del Pr\u00edncipe Guillermo de Inglaterra. La polic\u00eda ha llevado a cabo con frecuencia operaciones a gran escala contra grupos criminales antes de grandes eventos en R\u00edo, ciudad que acogi\u00f3 los Juegos Ol\u00edmpicos de 2016, la cumbre del G20 de 2024 y la cumbre de los BRICS en julio.<\/p>\n","protected":false},"excerpt":{"rendered":"Los vecinos del complejo de favelas Penha de R\u00edo de Janeiro han recuperado m\u00e1s de 50 cad\u00e1veres un&hellip;\n","protected":false},"author":2,"featured_media":207322,"comment_status":"","ping_status":"","sticky":false,"template":"","format":"standard","meta":{"footnotes":""},"categories":[42],"tags":[889,3216,17,18,27522,15705,13,14,11,61,62,63,64,19,20,1804,4809,9,10,15,16,586,18954,12,21,22,65,66,67],"class_list":{"0":"post-207321","1":"post","2":"type-post","3":"status-publish","4":"format-standard","5":"has-post-thumbnail","7":"category-internacional","8":"tag-america","9":"tag-brasil","10":"tag-breaking-news","11":"tag-breakingnews","12":"tag-crimen-organizado","13":"tag-detenciones","14":"tag-featured-news","15":"tag-featurednews","16":"tag-headlines","17":"tag-internacional","18":"tag-international","19":"tag-international-news","20":"tag-internationalnews","21":"tag-latest-news","22":"tag-latestnews","23":"tag-latinoamerica","24":"tag-muertes","25":"tag-news","26":"tag-noticias","27":"tag-noticias-destacadas","28":"tag-noticiasdestacadas","29":"tag-policia","30":"tag-rio-de-janeiro","31":"tag-titulares","32":"tag-ultimas-noticias","33":"tag-ultimasnoticias","34":"tag-world","35":"tag-world-news","36":"tag-worldnews"},"share_on_mastodon":{"url":"","error":"Validation failed: Text character limit of 500 exceeded"},"_links":{"self":[{"href":"https:\/\/www.europesays.com\/es\/wp-json\/wp\/v2\/posts\/207321","targetHints":{"allow":["GET"]}}],"collection":[{"href":"https:\/\/www.europesays.com\/es\/wp-json\/wp\/v2\/posts"}],"about":[{"href":"https:\/\/www.europesays.com\/es\/wp-json\/wp\/v2\/types\/post"}],"author":[{"embeddable":true,"href":"https:\/\/www.europesays.com\/es\/wp-json\/wp\/v2\/users\/2"}],"replies":[{"embeddable":true,"href":"https:\/\/www.europesays.com\/es\/wp-json\/wp\/v2\/comments?post=207321"}],"version-history":[{"count":0,"href":"https:\/\/www.europesays.com\/es\/wp-json\/wp\/v2\/posts\/207321\/revisions"}],"wp:featuredmedia":[{"embeddable":true,"href":"https:\/\/www.europesays.com\/es\/wp-json\/wp\/v2\/media\/207322"}],"wp:attachment":[{"href":"https:\/\/www.europesays.com\/es\/wp-json\/wp\/v2\/media?parent=207321"}],"wp:term":[{"taxonomy":"category","embeddable":true,"href":"https:\/\/www.europesays.com\/es\/wp-json\/wp\/v2\/categories?post=207321"},{"taxonomy":"post_tag","embeddable":true,"href":"https:\/\/www.europesays.com\/es\/wp-json\/wp\/v2\/tags?post=207321"}],"curies":[{"name":"wp","href":"https:\/\/api.w.org\/{rel}","templated":true}]}}