{"id":207369,"date":"2025-10-29T14:25:15","date_gmt":"2025-10-29T14:25:15","guid":{"rendered":"https:\/\/www.europesays.com\/es\/207369\/"},"modified":"2025-10-29T14:25:15","modified_gmt":"2025-10-29T14:25:15","slug":"asi-reacciona-tu-cerebro-cuando-visitas-galerias-de-arte","status":"publish","type":"post","link":"https:\/\/www.europesays.com\/es\/207369\/","title":{"rendered":"As\u00ed reacciona tu cerebro cuando visitas galer\u00edas de arte"},"content":{"rendered":"<p>Ver obras de arte en galer\u00edas y museos tiene un impacto positivo inmediato en el cuerpo y reduce los <a href=\"https:\/\/okdiario.com\/salud\/pasos-calmar-estres-emocional-9839024\" target=\"_blank\" rel=\"noopener noreferrer nofollow\">niveles de estr\u00e9s<\/a>, seg\u00fan una investigaci\u00f3n publicada este martes por el Instituto de Psiquiatr\u00eda, Psicolog\u00eda y Neurociencia del <strong>King\u2019s College de Londres.<\/strong><\/p>\n<p>El estudio, que a\u00fan no ha sido revisado por pares, estudi\u00f3 las respuestas fisiol\u00f3gicas de 50 voluntarios de entre 18 y 40 a\u00f1os mientras ve\u00edan obras maestras de artistas reconocidos como <strong>Manet, Van Gogh y Gauguin en la Galer\u00eda Courtauld<\/strong> de la capital brit\u00e1nica, o reproducciones de \u00e9stas en un entorno similar.Durante el experimento, se monitoriz\u00f3 la variabilidad de la frecuencia card\u00edaca y la temperatura de la piel de los participantes mediante \u00abrelojes digitales de alta calidad\u00bb para registrar sus niveles de inter\u00e9s y excitaci\u00f3n.<\/p>\n<p>Los niveles de cortisol, una de las hormonas claves en el estr\u00e9s, disminuyeron una media de<strong> un 22 % en el grupo que estuvo en la galer\u00eda<\/strong>, en comparaci\u00f3n con el 8 % de los participantes que vieron reproducciones.<\/p>\n<p>Quienes vieron arte original tambi\u00e9n mostraron, seg\u00fan la investigaci\u00f3n, una actividad card\u00edaca \u00ab<strong>m\u00e1s din\u00e1mica\u00bb<\/strong>, lo que indica \u00abque el arte estimula el cuerpo mediante la activaci\u00f3n emocional y la regulaci\u00f3n del estr\u00e9s\u00bb.<\/p>\n<p>Adem\u00e1s, las citocinas proinflamatorias IL-6 y TNF-\u03b1, vinculadas al estr\u00e9s y a diversas enfermedades cr\u00f3nicas, disminuyeron un 30 y un 28 % respectivamente en quienes vieron obras de arte originales, algo que no se observ\u00f3 en el grupo que vio reproducciones. \u00abEsto sugiere que <strong>el arte tiene un posible efecto calmante sobre las respuestas inflamatorias del organism<\/strong>o\u00bb, sostuvo el <strong>King\u2019s College.<\/strong><\/p>\n<p>\u00abNuestro estudio \u00fanico y original proporciona evidencia convincente de que ver arte en una galer\u00eda es beneficioso para la salud y contribuye a comprender mejor sus <strong>beneficios fundamentales<\/strong>. En esencia, el arte no solo nos conmueve emocionalmente, sino que tambi\u00e9n nos calma\u00bb, asegur\u00f3 el doctor <strong>Tony Woods<\/strong>, autor principal del estudio.<\/p>\n","protected":false},"excerpt":{"rendered":"Ver obras de arte en galer\u00edas y museos tiene un impacto positivo inmediato en el cuerpo y reduce&hellip;\n","protected":false},"author":2,"featured_media":207370,"comment_status":"","ping_status":"","sticky":false,"template":"","format":"standard","meta":{"footnotes":""},"categories":[173],"tags":[229,233,231,230,232,234,146,147,25,24,23],"class_list":{"0":"post-207369","1":"post","2":"type-post","3":"status-publish","4":"format-standard","5":"has-post-thumbnail","7":"category-arte-y-diseno","8":"tag-arte","9":"tag-arte-y-diseno","10":"tag-arts","11":"tag-arts-and-design","12":"tag-design","13":"tag-diseno","14":"tag-entertainment","15":"tag-entretenimiento","16":"tag-es","17":"tag-espana","18":"tag-spain"},"share_on_mastodon":{"url":"https:\/\/pubeurope.com\/@es\/115457918418957407","error":""},"_links":{"self":[{"href":"https:\/\/www.europesays.com\/es\/wp-json\/wp\/v2\/posts\/207369","targetHints":{"allow":["GET"]}}],"collection":[{"href":"https:\/\/www.europesays.com\/es\/wp-json\/wp\/v2\/posts"}],"about":[{"href":"https:\/\/www.europesays.com\/es\/wp-json\/wp\/v2\/types\/post"}],"author":[{"embeddable":true,"href":"https:\/\/www.europesays.com\/es\/wp-json\/wp\/v2\/users\/2"}],"replies":[{"embeddable":true,"href":"https:\/\/www.europesays.com\/es\/wp-json\/wp\/v2\/comments?post=207369"}],"version-history":[{"count":0,"href":"https:\/\/www.europesays.com\/es\/wp-json\/wp\/v2\/posts\/207369\/revisions"}],"wp:featuredmedia":[{"embeddable":true,"href":"https:\/\/www.europesays.com\/es\/wp-json\/wp\/v2\/media\/207370"}],"wp:attachment":[{"href":"https:\/\/www.europesays.com\/es\/wp-json\/wp\/v2\/media?parent=207369"}],"wp:term":[{"taxonomy":"category","embeddable":true,"href":"https:\/\/www.europesays.com\/es\/wp-json\/wp\/v2\/categories?post=207369"},{"taxonomy":"post_tag","embeddable":true,"href":"https:\/\/www.europesays.com\/es\/wp-json\/wp\/v2\/tags?post=207369"}],"curies":[{"name":"wp","href":"https:\/\/api.w.org\/{rel}","templated":true}]}}