{"id":207393,"date":"2025-10-29T14:43:08","date_gmt":"2025-10-29T14:43:08","guid":{"rendered":"https:\/\/www.europesays.com\/es\/207393\/"},"modified":"2025-10-29T14:43:08","modified_gmt":"2025-10-29T14:43:08","slug":"abner-gonzalez-firma-con-el-illes-balears","status":"publish","type":"post","link":"https:\/\/www.europesays.com\/es\/207393\/","title":{"rendered":"Abner Gonz\u00e1lez firma con el Illes Balears"},"content":{"rendered":"<p data-mrf-recirculation=\"Links P\u00e1rrafos\" class=\"ue-c-article__paragraph paragraph ue-c-article--first-letter-highlighted\">Abner Gonz\u00e1lez competir\u00e1 en 2026 con el <strong>Illes Balears Arabay Pro Cycling Team.<\/strong> El corredor puertorrique\u00f1o, actual campe\u00f3n nacional en ruta, reforzar\u00e1 la plantilla del conjunto balear con su experiencia y talento, en una temporada en la que el equipo aspira a dar un salto de nivel y consolidarse entre los referentes del pelot\u00f3n nacional e internacional.<\/p>\n<p data-mrf-recirculation=\"Links P\u00e1rrafos\" class=\"ue-c-article__paragraph paragraph\">Nacido el 9 de octubre de 2000, Gonz\u00e1lez suma cuatro t\u00edtulos nacionales de Puerto Rico y un destacado paso por la Volta a Portugal 2024, donde logr\u00f3 una victoria de etapa y termin\u00f3 tercero en la general.<\/p>\n<p data-mrf-recirculation=\"Links P\u00e1rrafos\" class=\"ue-c-article__paragraph paragraph\">Escalador solvente y eficaz en recorridos exigentes, el ciclista caribe\u00f1o ha dejado tambi\u00e9n buenas actuaciones en carreras de un d\u00eda, como su cuarto puesto en el <strong>Circuito de Getxo 2021 o el quinto en la Vuelta a Castilla y Le\u00f3n del mismo a\u00f1o.<\/strong><\/p>\n<p data-mrf-recirculation=\"Links P\u00e1rrafos\" class=\"ue-c-article__paragraph paragraph\"><strong>\u201cEstoy muy agradecido por esta oportunidad. Ha sido una temporada complicada, con varios problemas de salud, pero regreso con m\u00e1s ganas que nunca de demostrar mi nivel.<\/strong> Dar\u00e9 el m\u00e1ximo representando estos colores y conf\u00edo en que, con el trabajo de todos, lleguen los resultados. Estoy muy motivado y con fe en que ser\u00e1 un gran a\u00f1o\u201d, expres\u00f3 Abner con entusiasmo.<\/p>\n","protected":false},"excerpt":{"rendered":"Abner Gonz\u00e1lez competir\u00e1 en 2026 con el Illes Balears Arabay Pro Cycling Team. El corredor puertorrique\u00f1o, actual campe\u00f3n&hellip;\n","protected":false},"author":2,"featured_media":207394,"comment_status":"","ping_status":"","sticky":false,"template":"","format":"standard","meta":{"footnotes":""},"categories":[273],"tags":[313,312,168,25,24,23,167],"class_list":{"0":"post-207393","1":"post","2":"type-post","3":"status-publish","4":"format-standard","5":"has-post-thumbnail","7":"category-ciclismo","8":"tag-ciclismo","9":"tag-cycling","10":"tag-deportes","11":"tag-es","12":"tag-espana","13":"tag-spain","14":"tag-sports"},"share_on_mastodon":{"url":"https:\/\/pubeurope.com\/@es\/115457989182278734","error":""},"_links":{"self":[{"href":"https:\/\/www.europesays.com\/es\/wp-json\/wp\/v2\/posts\/207393","targetHints":{"allow":["GET"]}}],"collection":[{"href":"https:\/\/www.europesays.com\/es\/wp-json\/wp\/v2\/posts"}],"about":[{"href":"https:\/\/www.europesays.com\/es\/wp-json\/wp\/v2\/types\/post"}],"author":[{"embeddable":true,"href":"https:\/\/www.europesays.com\/es\/wp-json\/wp\/v2\/users\/2"}],"replies":[{"embeddable":true,"href":"https:\/\/www.europesays.com\/es\/wp-json\/wp\/v2\/comments?post=207393"}],"version-history":[{"count":0,"href":"https:\/\/www.europesays.com\/es\/wp-json\/wp\/v2\/posts\/207393\/revisions"}],"wp:featuredmedia":[{"embeddable":true,"href":"https:\/\/www.europesays.com\/es\/wp-json\/wp\/v2\/media\/207394"}],"wp:attachment":[{"href":"https:\/\/www.europesays.com\/es\/wp-json\/wp\/v2\/media?parent=207393"}],"wp:term":[{"taxonomy":"category","embeddable":true,"href":"https:\/\/www.europesays.com\/es\/wp-json\/wp\/v2\/categories?post=207393"},{"taxonomy":"post_tag","embeddable":true,"href":"https:\/\/www.europesays.com\/es\/wp-json\/wp\/v2\/tags?post=207393"}],"curies":[{"name":"wp","href":"https:\/\/api.w.org\/{rel}","templated":true}]}}