{"id":207412,"date":"2025-10-29T14:55:11","date_gmt":"2025-10-29T14:55:11","guid":{"rendered":"https:\/\/www.europesays.com\/es\/207412\/"},"modified":"2025-10-29T14:55:11","modified_gmt":"2025-10-29T14:55:11","slug":"rumor-desmentido-la-american-psycho-de-luca-guadagnino-no-cambiara-el-genero-a-su-asesino-protagonista","status":"publish","type":"post","link":"https:\/\/www.europesays.com\/es\/207412\/","title":{"rendered":"Rumor desmentido: La &#8216;American Psycho&#8217; de Luca Guadagnino no cambiar\u00e1 el g\u00e9nero a su asesino protagonista"},"content":{"rendered":"<p><a href=\"https:\/\/www.ecartelera.com\/personas\/luca-guadagnino\/\" rel=\"nofollow noopener\" target=\"_blank\">Luca Guadagnino<\/a> es uno de los directores m\u00e1s ocupados del panorama actual. El responsable de &#8216;<a href=\"https:\/\/www.ecartelera.com\/peliculas\/call-me-by-your-name\/\" rel=\"nofollow noopener\" target=\"_blank\">Call Me By Your Name<\/a>&#8216; <b>est\u00e1 desarrollando una prol\u00edfica carrera en el cine y su agenda est\u00e1 a rebosar de proyectos en potencia<\/b>. Tras su \u00faltima pel\u00edcula estrenada en cines, &#8216;<a href=\"https:\/\/www.ecartelera.com\/peliculas\/caza-de-brujas\/\" rel=\"nofollow noopener\" target=\"_blank\">Caza de brujas<\/a>&#8216;, llegar\u00e1 el drama sobre el mundo de la IA &#8216;Artificial&#8217;, y en la rec\u00e1mara espera <b>uno de sus proyectos m\u00e1s pol\u00e9micos: una nueva adaptaci\u00f3n de &#8216;American Psycho&#8217;<\/b>.<\/p>\n<p>Tr\u00e1iler &#8216;American Psycho&#8217;<\/p>\n<p><video id=\"vid-35434\" class=\"video-js vjs-default-skin\" data-title=\"Tr\u00e1iler 'American Psycho'\" poster=\"https:\/\/www.ecartelera.com\/images\/videos\/35400\/f35434.jpg\" controls=\"\" preload=\"auto\" width=\"640\" height=\"360\" playsinline=\"\" data-vtt=\"\/\/v1.ecartelera.com\/video\/35400\/35434_sprite.vtt\" data-stream=\"1\">El navegador no soporta el tag de v\u00eddeo.<\/video><\/p>\n<p>X<\/p>\n<p>Las noticias sobre el proyecto han sido hasta ahora bastante contradictorias y poco fiables. El propio autor de la novela, Bret Easton Ellis, neg\u00f3 (err\u00f3neamente) que el cineasta italiano estuviera preparando la pel\u00edcula, tildando la informaci\u00f3n de <a href=\"https:\/\/www.ecartelera.com\/noticias\/autor-american-psycho-niega-remake-fake-news-79460\/\" rel=\"nofollow noopener\" target=\"_blank\">\u00abfake news\u00bb<\/a>. Por otro lado, <a href=\"https:\/\/www.ecartelera.com\/personas\/austin-robert-butler\/\" rel=\"nofollow noopener\" target=\"_blank\">Austin Butler<\/a> <a href=\"https:\/\/www.ecartelera.com\/noticias\/american-psycho-austin-butler-luca-guadagnino-79222\/\" rel=\"nofollow noopener\" target=\"_blank\">fue anunciado por Variety<\/a> como el nuevo Patrick Bateman, cuando el papel todav\u00eda no hab\u00eda sido asignado. Y m\u00e1s recientemente, <b>un rumor apuntaba a un posible cambio de g\u00e9nero para el asesino protagonista<\/b>.<\/p>\n<p>\t\t\t\t\t\t\t<img decoding=\"async\" loading=\"lazy\" src=\"https:\/\/www.europesays.com\/es\/wp-content\/uploads\/2025\/10\/94280_luca-guadagnino-alfombra-roja-oscar-2018.jpg\" alt=\"Luca Guadagnino en los Oscar 2018\" width=\"1200\" height=\"1643\"\/>\t<\/p>\n<p>\t\t\t\t\t\tLuca Guadagnino en los Oscar 2018 (Oscars)<\/p>\n<p>La informaci\u00f3n proven\u00eda de los medios brit\u00e1nicos, desde donde se aseguraba que el personaje de Patrick Bateman, interpretado en la adaptaci\u00f3n de 2000 por <a href=\"https:\/\/www.ecartelera.com\/personas\/christian-bale\/\" rel=\"nofollow noopener\" target=\"_blank\">Christian Bale<\/a>, ser\u00eda una mujer en la versi\u00f3n de Guadagnino, <b>con el nombre de <a href=\"https:\/\/www.ecartelera.com\/personas\/margot-robbie\/\" rel=\"nofollow noopener\" target=\"_blank\">Margot Robbie<\/a> circulando como posible candidata a interpretar a la asesina<\/b>.<\/p>\n<p>En cuanto se identific\u00f3 al tabloide The Sun como fuente de origen del rumor, la credibilidad de la noticia se desvaneci\u00f3, y ahora <a target=\"_blank\" href=\"https:\/\/deadline.com\/2025\/10\/american-psycho-wont-be-gender-swapped-luca-guadagnino-1236599852\/\" rel=\"nofollow noopener\">Deadline<\/a> confirma que, efectivamente, el dato no tiene fundamento. Seg\u00fan el medio, que fue el encargado de anunciar oficialmente el proyecto en 2024, <b>el proceso de casting est\u00e1 en marcha y todav\u00eda no se ha tomado ninguna decisi\u00f3n sobre el reparto<\/b>.<\/p>\n<p>La nueva adaptaci\u00f3n de &#8216;American Psycho&#8217;, novela publicada en 1991 y llevada al cine de la mano de <a href=\"https:\/\/www.ecartelera.com\/personas\/mary-harron\/\" rel=\"nofollow noopener\" target=\"_blank\">Mary Harron<\/a> en 2000, est\u00e1 escrita por <a href=\"https:\/\/www.ecartelera.com\/personas\/scott-z-burns\/\" rel=\"nofollow noopener\" target=\"_blank\">Scott Z. Burns<\/a> (&#8216;<a href=\"https:\/\/www.ecartelera.com\/peliculas\/contagion\/\" rel=\"nofollow noopener\" target=\"_blank\">Contagio<\/a>&#8216;, &#8216;<a href=\"https:\/\/www.ecartelera.com\/peliculas\/the-report\/\" rel=\"nofollow noopener\" target=\"_blank\">The Report<\/a>&#8216;). Sam Pressman, hijo de Edward R. Pressman, productor de la pel\u00edcula original, vuelve para producir tambi\u00e9n la relectura, que vuelve a recaer en Lionsgate.<\/p>\n<p>\t\t\t\t\t\t\t<img decoding=\"async\" loading=\"lazy\" src=\"https:\/\/www.europesays.com\/es\/wp-content\/uploads\/2025\/10\/246674_rumor-desmentido-la-american-psycho-de-luca-gua.jpg\" alt=\"Patrick Bateman no ser\u00e1 mujer\" width=\"1200\" height=\"704\"\/>\t<\/p>\n<p>\t\t\t\t\t\tPatrick Bateman no ser\u00e1 mujer (Lionsgate)<\/p>\n<p>La historia transcurre en el excesivo mundo de las finanzas a finales de los a\u00f1os 1980 y sigue, en primera persona, a un yuppie de Manhattan obsesionado con el \u00e9xito social y la perfecci\u00f3n f\u00edsica, que <b>lleva una doble vida como agente de Wall Street y despiadado asesino<\/b>. Por este motivo, muchos rechazaron la idea de que la pel\u00edcula estuviera protagonizada por una mujer, ya que en este caso, el g\u00e9nero del protagonista es esencial para la historia.<\/p>\n<p>Posibles candidatos<\/p>\n<p>Desde que se supo que Guadagnino se encargar\u00eda de reinterpretar &#8216;American Psycho&#8217;, el p\u00fablico se ha mostrado dividido. Los hay que rechazan una nueva adaptaci\u00f3n, ya que la anterior se considera un cl\u00e1sico de culto moderno, pero <b>tambi\u00e9n hay mucha curiosidad, sobre todo teniendo en cuenta el buen historial del italiano con las adaptaciones<\/b>, con &#8216;<a href=\"https:\/\/www.ecartelera.com\/peliculas\/cegados-por-el-sol\/\" rel=\"nofollow noopener\" target=\"_blank\">Cegados por el sol<\/a>&#8216;, &#8216;Call Me by Your Name&#8217;, &#8216;<a href=\"https:\/\/www.ecartelera.com\/peliculas\/suspiria-2017\/\" rel=\"nofollow noopener\" target=\"_blank\">Suspiria<\/a>&#8216;, &#8216;<a href=\"https:\/\/www.ecartelera.com\/peliculas\/hasta-los-huesos-bones-and-all\/\" rel=\"nofollow noopener\" target=\"_blank\">Hasta los huesos: Bones and All<\/a>&#8216; o &#8216;<a href=\"https:\/\/www.ecartelera.com\/peliculas\/queer\/\" rel=\"nofollow noopener\" target=\"_blank\">Queer<\/a>&#8216; en su haber.<\/p>\n<p>\t\t\t\t\t\t\t<img decoding=\"async\" loading=\"lazy\" src=\"https:\/\/www.europesays.com\/es\/wp-content\/uploads\/2025\/10\/246678_rumor-desmentido-la-american-psycho-de-luca-gua.jpg\" alt=\"Jacob Elordi presentando 'Frankenstein' en Londres\" width=\"1200\" height=\"675\"\/>\t<\/p>\n<p>\t\t\t\t\t\tJacob Elordi presentando &#8216;Frankenstein&#8217; en Londres (Netflix)<\/p>\n<p>En cualquier caso, el proyecto sigue adelante y la conversaci\u00f3n en torno al sucesor de Bale en el papel de Patrick Bateman se intensifica, con varios nombres vinculados potencialmente al rol: el mencionado <b><a href=\"https:\/\/www.ecartelera.com\/personas\/austin-robert-butler\/\" rel=\"nofollow noopener\" target=\"_blank\">Austin Butler<\/a>, <a href=\"https:\/\/www.ecartelera.com\/personas\/jacob-elordi\/\" rel=\"nofollow noopener\" target=\"_blank\">Jacob Elordi<\/a> (con quien Guadagnino ha sido visto teniendo una reuni\u00f3n informal) o <a href=\"https:\/\/www.ecartelera.com\/personas\/drew-starkey\/\" rel=\"nofollow noopener\" target=\"_blank\">Drew Starkey<\/a><\/b>. <a href=\"https:\/\/www.ecartelera.com\/personas\/patrick-schwarzenegger\/\" rel=\"nofollow noopener\" target=\"_blank\">Patrick Schwarzenegger<\/a>, actor de &#8216;<a href=\"https:\/\/www.ecartelera.com\/series\/the-white-lotus\/\" rel=\"nofollow noopener\" target=\"_blank\">The White Lotus<\/a>&#8216;, tambi\u00e9n se ha ofrecido para interpretar al psic\u00f3pata.<\/p>\n","protected":false},"excerpt":{"rendered":"Luca Guadagnino es uno de los directores m\u00e1s ocupados del panorama actual. El responsable de &#8216;Call Me By&hellip;\n","protected":false},"author":2,"featured_media":207413,"comment_status":"","ping_status":"","sticky":false,"template":"","format":"standard","meta":{"footnotes":""},"categories":[91],"tags":[1014,1015,1013,177,1011,146,147,25,24,782,1019,1016,753,1012,23,1017,1018],"class_list":{"0":"post-207412","1":"post","2":"type-post","3":"status-publish","4":"format-standard","5":"has-post-thumbnail","7":"category-entretenimiento","8":"tag-actores","9":"tag-actrices","10":"tag-cartelera","11":"tag-cine","12":"tag-ecartelera","13":"tag-entertainment","14":"tag-entretenimiento","15":"tag-es","16":"tag-espana","17":"tag-estrellas","18":"tag-fotogramas","19":"tag-fotos","20":"tag-peliculas","21":"tag-pelis","22":"tag-spain","23":"tag-trailers","24":"tag-videos"},"share_on_mastodon":{"url":"https:\/\/pubeurope.com\/@es\/115458036842982516","error":""},"_links":{"self":[{"href":"https:\/\/www.europesays.com\/es\/wp-json\/wp\/v2\/posts\/207412","targetHints":{"allow":["GET"]}}],"collection":[{"href":"https:\/\/www.europesays.com\/es\/wp-json\/wp\/v2\/posts"}],"about":[{"href":"https:\/\/www.europesays.com\/es\/wp-json\/wp\/v2\/types\/post"}],"author":[{"embeddable":true,"href":"https:\/\/www.europesays.com\/es\/wp-json\/wp\/v2\/users\/2"}],"replies":[{"embeddable":true,"href":"https:\/\/www.europesays.com\/es\/wp-json\/wp\/v2\/comments?post=207412"}],"version-history":[{"count":0,"href":"https:\/\/www.europesays.com\/es\/wp-json\/wp\/v2\/posts\/207412\/revisions"}],"wp:featuredmedia":[{"embeddable":true,"href":"https:\/\/www.europesays.com\/es\/wp-json\/wp\/v2\/media\/207413"}],"wp:attachment":[{"href":"https:\/\/www.europesays.com\/es\/wp-json\/wp\/v2\/media?parent=207412"}],"wp:term":[{"taxonomy":"category","embeddable":true,"href":"https:\/\/www.europesays.com\/es\/wp-json\/wp\/v2\/categories?post=207412"},{"taxonomy":"post_tag","embeddable":true,"href":"https:\/\/www.europesays.com\/es\/wp-json\/wp\/v2\/tags?post=207412"}],"curies":[{"name":"wp","href":"https:\/\/api.w.org\/{rel}","templated":true}]}}