{"id":207420,"date":"2025-10-29T14:59:09","date_gmt":"2025-10-29T14:59:09","guid":{"rendered":"https:\/\/www.europesays.com\/es\/207420\/"},"modified":"2025-10-29T14:59:09","modified_gmt":"2025-10-29T14:59:09","slug":"el-rey-emerito-se-atribuye-la-llegada-de-la-democracia-y-dice-que-los-100-millones-de-arabia-saudi-fueron-un-regalo-que-no-supo-rechazar","status":"publish","type":"post","link":"https:\/\/www.europesays.com\/es\/207420\/","title":{"rendered":"El rey em\u00e9rito se atribuye la llegada de la democracia y dice que los 100 millones de Arabia Saud\u00ed fueron \u00abun regalo\u00bb que no supo \u00abrechazar\u00bb"},"content":{"rendered":"<p class=\"article-text\">\n        En v\u00edsperas del 50 aniversario de la muerte del dictador Francisco Franco y de la llegada al trono de Juan Carlos I, el rey em\u00e9rito vuelve a acaparar titulares a cuenta de la publicaci\u00f3n de sus memorias R\u00e9conciliation. M\u00e9moires. Juan Carlos I d\u00b4Espagne (Reconciliaci\u00f3n. Memorias. Juan Carlos I de Espa\u00f1a). El libro, escrito por Laurence Debray, llegar\u00e1 a las librer\u00edas francesas el pr\u00f3ximo 5 de noviembre, y est\u00e1 previsto que se publique en Espa\u00f1a a principios de diciembre por Planeta. Este mi\u00e9rcoles, <a href=\"https:\/\/www.lepoint.fr\/monde\/juan-carlos-memoires-d-un-roi-dechu-28-10-2025-2601995_24.php\" target=\"_blank\" data-mrf-recirculation=\"links-noticia\" class=\"link\" rel=\"nofollow noopener\">el semanario <\/a><a href=\"https:\/\/www.lepoint.fr\/monde\/juan-carlos-memoires-d-un-roi-dechu-28-10-2025-2601995_24.php\" target=\"_blank\" data-mrf-recirculation=\"links-noticia\" class=\"link\" rel=\"nofollow noopener\">Le Point<\/a><a href=\"https:\/\/www.lepoint.fr\/monde\/juan-carlos-memoires-d-un-roi-dechu-28-10-2025-2601995_24.php\" target=\"_blank\" data-mrf-recirculation=\"links-noticia\" class=\"link\" rel=\"nofollow noopener\"> <\/a>y <a href=\"https:\/\/www.lemonde.fr\/international\/article\/2025\/10\/29\/espagne-juan-carlos-publie-ses-memoires-au-risque-d-embarrasser-son-fils-le-roi-felipe-vi_6650028_3210.html\" target=\"_blank\" data-mrf-recirculation=\"links-noticia\" class=\"link\" rel=\"nofollow noopener\">Le Monde<\/a> adelantan algunos extractos en exclusiva y, adem\u00e1s, el monarca tambi\u00e9n ofrece <a href=\"https:\/\/www.lefigaro.fr\/international\/j-ai-prefere-donner-la-toison-d-or-a-nicolas-sarkozy-juan-carlos-ex-roi-d-espagne-se-confie-au-figaro-magazine-20251028\" target=\"_blank\" data-mrf-recirculation=\"links-noticia\" class=\"link\" rel=\"nofollow noopener\">una entrevista a <\/a><a href=\"https:\/\/www.lefigaro.fr\/international\/j-ai-prefere-donner-la-toison-d-or-a-nicolas-sarkozy-juan-carlos-ex-roi-d-espagne-se-confie-au-figaro-magazine-20251028\" target=\"_blank\" data-mrf-recirculation=\"links-noticia\" class=\"link\" rel=\"nofollow noopener\">Le Figaro<\/a>, la primera que coincide desde que se march\u00f3 al exilio en agosto de 2020 y se instal\u00f3 en Abu Dabi, en una residencia en la peque\u00f1a isla privada de Nurai, cedida por el jeque de los Emiratos \u00c1rabes Unidos,\u00a0Mohammed Ben Zayed.\n    <\/p>\n<p>    <a href=\"https:\/\/www.eldiario.es\/blog\/al-dia\/podcast-quien-es-arturo-fasana-sombra-entre-guertel-juan-carlos-i_132_12705670.html\" data-mrf-recirculation=\"saber-mas\" data-dl-event=\"saber-mas\" rel=\"nofollow noopener\" target=\"_blank\"><\/p>\n<p class=\"know-more__title\">\ud83c\udf99 PODCAST | Qui\u00e9n es Arturo Fasana, la sombra entre la G\u00fcrtel y Juan Carlos I<\/p>\n<p>            <\/a><\/p>\n<p class=\"article-text\">\n        En sus memorias, Juan Carlos de Borb\u00f3n, que preferir\u00eda que le llamasen \u201crey padre\u201d y no em\u00e9rito, repasa su vida, empezando por su llegada a Espa\u00f1a, su relaci\u00f3n con Franco y la Transici\u00f3n. As\u00ed, aprovecha este altavoz para reivindicar su papel en la llegada de la democracia a Espa\u00f1a: \u201c\u00a1La democracia no cay\u00f3 del cielo! La quise desde el principio, y mi libro cuenta esta historia\u201d. Para el exmonarca, el dictador fue quien le hizo rey ya que cree que proyectaba sobre \u00e9l alg\u00fan sentimiento \u201cpaternal\u201d: \u201c\u00bfPor qu\u00e9 mentir si fue \u00e9l quien me convirti\u00f3 en rey y, en realidad, lo hizo para crear un r\u00e9gimen m\u00e1s abierto?\u201d.\n    <\/p>\n<p class=\"article-text\">\n        Ahora, le \u201cenfurece\u201d, seg\u00fan Le Figaro, la \u201cingratitud\u201d del Gobierno espa\u00f1ol que ha orquestado \u201cel relato maniqueo del paso de la sombra a la luz cuyo principal autor se ha esfumado\u201d. Incluso el peri\u00f3dico franc\u00e9s, habla de supuestos \u201cmalos modales\u201d de Pedro S\u00e1nchez. \u201cTras cuarenta a\u00f1os de dictadura, le di a los espa\u00f1oles una democracia que sigue viva; es mi herencia\u201d, defiende el em\u00e9rito que recuerda que cuando lleg\u00f3 al poder \u201cten\u00eda la br\u00fajula, pero no el plan\u201d.\n    <\/p>\n<p class=\"article-text\">\n        \u201cDurante dos a\u00f1os tuve todos los poderes. El poder de indultar o de refrendar la pena de muerte. No tuve que hacerlo, gracias a Dios, ya que si hubiera dicho que no entonces, los generales me habr\u00edan derrocado\u201d, apunta durante la entrevista en la que tambi\u00e9n reconoce la sensaci\u00f3n de v\u00e9rtigo que sinti\u00f3 al encontrarse, a los 37 a\u00f1os, como monarca absoluto. \u201cMi vida estuvo dictada por las exigencias de Espa\u00f1a y el trono. Di libertad a los espa\u00f1oles al establecer la democracia, pero nunca pude disfrutar de esa libertad para m\u00ed\u201d, confiesa y contin\u00faa diciendo que \u201cahora que mi hijo me ha dado la espalda por deber, que quienes se dicen mis amigos me han dado la espalda, me doy cuenta de que nunca he sido libre\u201d.\n    <\/p>\n<p class=\"article-text\">\n        Sobre el 23F, \u00a0el em\u00e9rito intenta tanto en sus memorias como en la entrevista disipar las acusaciones de doble juego del rey con respecto a los golpistas y detalla que le doli\u00f3 especialmente la implicaci\u00f3n de Alfonso Armada. \u201cNo hubo un golpe, sino tres golpes. El golpe de Tejero, el golpe de Armada y el golpe de los cargos electos cercanos al franquismo. Alfonso Armada estuvo a mi lado durante diecisiete a\u00f1os. Lo quer\u00eda mucho, y \u00e9l me traicion\u00f3. Convenci\u00f3 a los generales de que hablaba en mi nombre\u201d, asegura.\n    <\/p>\n<p class=\"article-text\">\n        A este respecto, tambi\u00e9n relata una cena en el El\u00edseo, con motivo de la entrada en la Academia Francesa en 2023 de Mario Vargas Llosa, al que le invita el presidente franc\u00e9s, Emmanuel Macron, y en la que tambi\u00e9n se encontraba el escritor Javier Cercas. El autor del libro\u00a0Anatom\u00eda de un instante sugiere que el rey simpatizaba con el intento de los generales rebeldes, sin embargo, defiende que no: \u201cLe dije: \u2018\u00bfC\u00f3mo puedes creer que yo estaba involucrado?\u201d.\n    <\/p>\n<p class=\"article-text\">\n        Tambi\u00e9n ofrece detalles de los primeros a\u00f1os de su reinado, en concreto de c\u00f3mo se gest\u00f3 la legalizaci\u00f3n del Partido Comunista. Tras explicar que aprendi\u00f3 de su padre, Juan de Borb\u00f3n, que deb\u00eda \u201chablar y escuchar a aquellos\u201d que no estaban de acuerdo con \u00e9l, relata que utiliz\u00f3 como canal para contactar con el l\u00edder de esta formaci\u00f3n, Santiago Carrillo, al entonces presidente de Ruman\u00eda, Nicolae Ceacescu, quien le coment\u00f3 que este veraneaba en su pa\u00eds. El mensaje fue \u201cno desat\u00e9is una guerra civil tras la muerte de Franco, dadme tiempo para legalizaros\u201d, algo que ocurri\u00f3 en abril de 1977.\n    <\/p>\n<p class=\"article-text\">\n        \u201cEra \u00fatil para mi pa\u00eds ser siempre un canal de comunicaci\u00f3n y de intercambio\u201d, destaca el em\u00e9rito que tambi\u00e9n apunta que la Transici\u00f3n fue una \u00e9poca en la que  la que izquierda, y especialmente el Partido Comunista, respetaba las instituciones del Estado\u201c.  \u201dLamento que un cierto esp\u00edritu pol\u00edtico, que denominamos el &#8216;esp\u00edritu de la Transici\u00f3n&#8217; se haya perdido en detrimento de Espa\u00f1a y de sus intereses\u201c, defiende Juan Carlos de Borb\u00f3n.\n    <\/p>\n<p>    Los 100 millones de Arabia Saud\u00ed, \u201cun regalo\u201d que no supo \u201crechazar\u201d<\/p>\n<p class=\"article-text\">\n        El em\u00e9rito tambi\u00e9n explica en esta entrevista el motivo de su exilio en Emiratos \u00c1rabes Unidos y relata que\u00a0su hijo no sab\u00eda su destino y que pens\u00f3 que solo ser\u00eda durante unas semanas. Aunque no toca las causas que motivaron su salida de Espa\u00f1a en plena pandemia: los casos de corrupci\u00f3n, los v\u00ednculos con Corinna Larsen, el dinero en Suiza.\u00a0\n    <\/p>\n<p class=\"article-text\">\n        En este punto, reconoce que fue \u201cun grave error\u201d haber aceptado el regalo de cien millones de d\u00f3lares que le hizo el rey Abdul\u00e1 de Arabia Saud\u00ed en agosto de 2008, y <a href=\"https:\/\/www.eldiario.es\/politica\/tecnicos-hacienda-piden-investigar-actividad-economica-juan-carlos-i-devolver-prestamos-amistades_1_12530484.html\" target=\"_blank\" data-mrf-recirculation=\"links-noticia\" class=\"link\" rel=\"nofollow noopener\">una de las causas por la que se le investig\u00f3<\/a>, y que no supo \u201crechazar\u201d, seg\u00fan Le Monde. No obstante, recuerda que \u201ctodos los procesos judiciales han sido desestimados\u201d y no se le ha imputado \u201cnada\u201d, ni de la acusaci\u00f3n de blanqueo ni de la denuncia por acoso.\n    <\/p>\n<p>            <img decoding=\"async\" class=\"lazy\" loading=\"lazy\" data-src=\"https:\/\/static.eldiario.es\/clip\/b81aa642-159c-40a1-966b-ca5877a07d70_16-9-discover-aspect-ratio_default_0.jpg\" src=\"data:image\/svg+xml,%3Csvg xmlns=\" http:=\"\" viewbox=\"0 0 1200 675\" alt=\"Felipe VI, la reina Letizia y Juan Carlos de Borb\u00f3n, en 2024 en el funeral de Juan G\u00f3mez-Acebo.\"\/><\/p>\n<p class=\"article-text\">\n        Sobre Corina Larssen tambi\u00e9n se pronuncia y asegura que esta relaci\u00f3n \u201cfue un error\u201d que lamenta \u201camargamente\u201d y que empa\u00f1\u00f3 su \u201creputaci\u00f3n a ojos de los espa\u00f1oles\u201d. \u201cTuvo un impacto nocivo en mi reinado y en mi vida familiar, erosion\u00f3 la armon\u00eda y la estabilidad de estos dos aspectos esenciales de mi existencia, llev\u00e1ndome finalmente a tomar la dif\u00edcil decisi\u00f3n de abandonar Espa\u00f1a\u201d, reconoce y admite que \u201caunque parezca banal\u201d en ocasiones los hombres y las mujeres se ven \u201ccegados hasta tal punto que no ven la evidencia\u201d.\n    <\/p>\n<p>    Se march\u00f3 a Abu Dabi para \u201cayudar\u201d a Felipe VI<\/p>\n<p class=\"article-text\">\n        Defiende que si se march\u00f3 tan lejos de Espa\u00f1a fue \u201cpara ayudar a mi hijo\u201d y \u201cno obstaculizar el buen funcionamiento de la Corona ni a mi hijo en el ejercicio de sus funciones soberanas\u201d. \u201cBusqu\u00e9 un lugar donde los periodistas de mi pa\u00eds no pudieran venir a encontrarme f\u00e1cilmente\u201d, relata y cuenta que la \u00faltima vez que vino un periodista espa\u00f1ol \u201clas autoridades locales lo metieron en la c\u00e1rcel\u201d: \u201cTuve que intervenir para sacarlo\u201d.\n    <\/p>\n<p class=\"article-text\">\n        Desde que sali\u00f3 de Espa\u00f1a en agosto de 2020, Juan Carlos de Borb\u00f3n reconoce que pr\u00e1cticamente no ha visto a su familia, salvo a su nieto Froil\u00e1n, que vive con \u00e9l. Sus siete perros se quedaron con la reina Sofia, aunque en Abu Dabi lo acompa\u00f1a un loro mudo cuya cresta, una vez desplegada, se ti\u00f1e de los colores rojo y amarillo de Espa\u00f1a.\n    <\/p>\n<p class=\"article-text\">\n        \u201cVerse obligado al desarraigo y al aislamiento al final de la vida no es f\u00e1cil. Estoy resignado, herido por una sensaci\u00f3n de abandono. No puedo contener la emoci\u00f3n al pensar en ciertos miembros de mi familia para quienes ya no importo, y especialmente en Espa\u00f1a, que tanto echo de menos. Hay d\u00edas de desesperaci\u00f3n, de vac\u00edo\u201d, detalla. Por ello, en su residencia en Abu Dabi, tiene unos olivos espa\u00f1oles centenarios que rodean la piscina en el jard\u00edn que le dan \u201cla sensaci\u00f3n de estar con un trocito de Espa\u00f1a, anclado en m\u00ed\u201d, dice.\n    <\/p>\n<p>            <img decoding=\"async\" class=\"lazy\" loading=\"lazy\" data-src=\"https:\/\/static.eldiario.es\/clip\/1c6ea89b-cc0c-4b78-b32d-58d515c1f274_16-9-aspect-ratio_default_1129210.jpg\" src=\"data:image\/svg+xml,%3Csvg xmlns=\" http:=\"\" viewbox=\"0 0 768 432\" alt=\"El rey Juan Carlos, en el centro, rodeado en Abu Dabi por sus hijas Elena y Cristina, y varios de sus nietos\"\/><\/p>\n<p class=\"article-text\">\n        Ahora expresa su deseo de recuperar la relaci\u00f3n con Felipe de Borb\u00f3n. \u201cEspero sobre todo, durante mi vida, tener una jubilaci\u00f3n tranquila, renovar una relaci\u00f3n armoniosa con mi hijo y, sobre todo, regresar a Espa\u00f1a, a mi hogar\u201d, sostiene el em\u00e9rito.\n    <\/p>\n<p>    Sobre la publicaci\u00f3n de sus memorias: \u201cVoy a ser atacado, habr\u00e1 que comprarse un escudo\u201d<\/p>\n<p class=\"article-text\">\n        Sin embargo, a pesar de este deseo por una jubilaci\u00f3n \u201ctranquila\u201d, ahora da el paso de publicar este libro, para el que ha contado con la ayuda de la escritora francesa Laurece Debray, porque, aunque dud\u00f3 en hacerlo, se dio cuenta de que \u201clos hijos y nietos de mis amigos no ten\u00edan ni idea de qui\u00e9n era Franco ni de la transici\u00f3n democr\u00e1tica que sigui\u00f3\u201d: \u201c\u00a1Y eso que los a\u00f1os 70 no est\u00e1n tan lejos! Pens\u00e9 que era necesario aportar el testimonio directo de lo que viv\u00ed durante 39 a\u00f1os al servicio de mi pa\u00eds\u201d, asegura durante la entrevista.\n    <\/p>\n<p class=\"article-text\">\n        \u201cHa habido muchas mentiras y exageraciones en lo que se ha dicho de m\u00ed, entonces he querido contar mi historia, mi versi\u00f3n, a coraz\u00f3n abierto, y hablar de todos los temas con sinceridad\u201d, justifica el em\u00e9rito que tambi\u00e9n confiesa que tiene la sensaci\u00f3n de que le han robado \u201cel relato de mi vida\u201d.\n    <\/p>\n<p class=\"article-text\">\n        No obstante, tiene claro de que el libro va a generar revuelo en Espa\u00f1a. Es m\u00e1s, seg\u00fan apunta Le Figaro, Felipe VI trat\u00f3 de convencer a su padre de no publicar esta obra: el hijo teme el lado \u201csin filtros\u201d de su padre. Sin embargo, solo consigui\u00f3 un aplazamiento de un a\u00f1o. \u201cVoy a ser atacado, habr\u00e1 que comprarse un escudo\u201d, bromea el em\u00e9rito que espera que sus memorias exorcicen \u201cnuestros demonios, que est\u00e1n volviendo\u201d: \u201cEs m\u00e1s f\u00e1cil destruir una democracia que construirla\u201d.\n    <\/p>\n<p class=\"article-text\">\n        Preguntado por Le Point si tiene alg\u00fan consejo que dar a su nieta a la princesa Leonor, heredera al trono de Espa\u00f1a, dice \u201cque tenga seguridad en s\u00ed misma\u201d y \u201cque cumpla con su deber con simpat\u00eda y amabilidad, que sea la garante del respeto a la Constituci\u00f3n Espa\u00f1ola\u201d.\u00a0\u201cSomos fr\u00e1giles porque no hemos sido una monarqu\u00eda constitucional durante mucho tiempo\u201d, se\u00f1ala el em\u00e9rito.\n    <\/p>\n<p class=\"article-text\">\n        En cuanto a su nuera, la reina Letizia, reconoce que su llegada a la instituci\u00f3n tras su matrimonio en 2004 con el entonces pr\u00edncipe \u201cno favoreci\u00f3 la cohesi\u00f3n de nuestras relaciones familiares\u201d. Adem\u00e1s, tambi\u00e9n admite la existencia de un \u201cdesacuerdo personal\u201d.\n    <\/p>\n<p>    <a href=\"https:\/\/www.eldiario.es\/politica\/ultima-hora-actualidad-politica-directo_6_12723260_1116453.html\" data-mrf-recirculation=\"saber-mas-abajo\" data-dl-event=\"saber-mas-abajo\" rel=\"nofollow noopener\" target=\"_blank\"><\/p>\n<p class=\"know-more__title\">Rufi\u00e1n, sobre el rey em\u00e9rito: \u201cQue devuelva lo robado y se vaya al asilo\u201d<\/p>\n<p>            <img decoding=\"async\" class=\"lazy\" loading=\"lazy\" data-src=\"https:\/\/static.eldiario.es\/clip\/d067f35c-8c36-481e-800e-b0348dfabe23_16-9-aspect-ratio_default_0.jpg\" src=\"data:image\/svg+xml,%3Csvg xmlns=\" http:=\"\" viewbox=\"0 0 880 495\" alt=\"Vista desde el cruce de Veneguera, en Mog\u00e1n, del incendio forestal declarado este s\u00e1bado Gran Canaria. EFE\/Elvira Urquijo\"\/><\/p>\n<p>                        <\/a><\/p>\n<p class=\"article-text\">\n        El em\u00e9rito, que tiene 87 a\u00f1os, tambi\u00e9n aborda en el libro su muerte y su funeral. Seg\u00fan relata, cuando llegue el momento \u201cpodr\u00e1n hacer lo que quieran conmigo\u201d y apunta que desconoce si hay planes ya previstos para su entierro. Seg\u00fan recuerda, el pante\u00f3n real en el Monasteride El Escorial est\u00e1 lleno pero, hay espacio para construir otro: \u201c\u00bfQu\u00e9 decidir\u00e1 el Gobierno? Todo est\u00e1 en sus manos, es una cuesti\u00f3n de presupuesto y voluntad\u201d.\n    <\/p>\n","protected":false},"excerpt":{"rendered":"En v\u00edsperas del 50 aniversario de la muerte del dictador Francisco Franco y de la llegada al trono&hellip;\n","protected":false},"author":2,"featured_media":207421,"comment_status":"","ping_status":"","sticky":false,"template":"","format":"standard","meta":{"footnotes":""},"categories":[8],"tags":[1046,56470,17,18,7436,4875,6727,29626,25,24,13,14,4999,11,19,20,3294,5808,9,56471,10,15,16,9923,5330,23,12,21,22],"class_list":{"0":"post-207420","1":"post","2":"type-post","3":"status-publish","4":"format-standard","5":"has-post-thumbnail","7":"category-espana","8":"tag-abierto","9":"tag-atribuye","10":"tag-breaking-news","11":"tag-breakingnews","12":"tag-crear","13":"tag-democracia","14":"tag-dice","15":"tag-emerito","16":"tag-es","17":"tag-espana","18":"tag-featured-news","19":"tag-featurednews","20":"tag-franco","21":"tag-headlines","22":"tag-latest-news","23":"tag-latestnews","24":"tag-le","25":"tag-llegada","26":"tag-news","27":"tag-nombro","28":"tag-noticias","29":"tag-noticias-destacadas","30":"tag-noticiasdestacadas","31":"tag-regimen","32":"tag-rey","33":"tag-spain","34":"tag-titulares","35":"tag-ultimas-noticias","36":"tag-ultimasnoticias"},"share_on_mastodon":{"url":"https:\/\/pubeurope.com\/@es\/115458052282612168","error":""},"_links":{"self":[{"href":"https:\/\/www.europesays.com\/es\/wp-json\/wp\/v2\/posts\/207420","targetHints":{"allow":["GET"]}}],"collection":[{"href":"https:\/\/www.europesays.com\/es\/wp-json\/wp\/v2\/posts"}],"about":[{"href":"https:\/\/www.europesays.com\/es\/wp-json\/wp\/v2\/types\/post"}],"author":[{"embeddable":true,"href":"https:\/\/www.europesays.com\/es\/wp-json\/wp\/v2\/users\/2"}],"replies":[{"embeddable":true,"href":"https:\/\/www.europesays.com\/es\/wp-json\/wp\/v2\/comments?post=207420"}],"version-history":[{"count":0,"href":"https:\/\/www.europesays.com\/es\/wp-json\/wp\/v2\/posts\/207420\/revisions"}],"wp:featuredmedia":[{"embeddable":true,"href":"https:\/\/www.europesays.com\/es\/wp-json\/wp\/v2\/media\/207421"}],"wp:attachment":[{"href":"https:\/\/www.europesays.com\/es\/wp-json\/wp\/v2\/media?parent=207420"}],"wp:term":[{"taxonomy":"category","embeddable":true,"href":"https:\/\/www.europesays.com\/es\/wp-json\/wp\/v2\/categories?post=207420"},{"taxonomy":"post_tag","embeddable":true,"href":"https:\/\/www.europesays.com\/es\/wp-json\/wp\/v2\/tags?post=207420"}],"curies":[{"name":"wp","href":"https:\/\/api.w.org\/{rel}","templated":true}]}}