{"id":207423,"date":"2025-10-29T15:06:20","date_gmt":"2025-10-29T15:06:20","guid":{"rendered":"https:\/\/www.europesays.com\/es\/207423\/"},"modified":"2025-10-29T15:06:20","modified_gmt":"2025-10-29T15:06:20","slug":"uci-elogia-a-chile-y-propone-nuevo-evento-en-el-pais","status":"publish","type":"post","link":"https:\/\/www.europesays.com\/es\/207423\/","title":{"rendered":"UCI elogia a Chile y propone nuevo evento en el pa\u00eds"},"content":{"rendered":"<p>El <strong>Mundial de Ciclismo Pista UCI Tissot<\/strong> celebrado en el Vel\u00f3dromo de Pe\u00f1alol\u00e9n dej\u00f3 grandes sensaciones en nuestro pa\u00eds y tambi\u00e9n a nivel internacional, donde destacaron la organizaci\u00f3n y las instalaciones que albergaron a los mejores deportistas del planeta.<\/p>\n<p>Y ahora, <strong>Enrico Della Casa<\/strong>, presidente de la Uni\u00f3n Ciclista Europea y vicepresidente de la Uni\u00f3n Ciclista Internacional, realiz\u00f3 un positivo balance del evento.<\/p>\n<p><strong>\u201cPrimero que todo, creo que este Mundial ha tenido una gran organizaci\u00f3n. La gente, los voluntarios y el Comit\u00e9 Organizador Local trabajaron muy bien<\/strong>. Extremadamente bien, tengo que decirlo. Todos los pa\u00edses est\u00e1n muy contentos con la organizaci\u00f3n. Un lindo vel\u00f3dromo, un lindo p\u00fablico. Y es importante, que he recibido y sigo recibiendo muchos mensajes desde Europa, sobre las grandes im\u00e1genes que se han visto en televisi\u00f3n. As\u00ed que estamos muy contentos con el evento\u201d, expres\u00f3 el suizo-italiano.<\/p>\n<p>\u201cBuena participaci\u00f3n de los ciclistas: hay muchas naciones representadas aqu\u00ed, as\u00ed que creo que es una gran promoci\u00f3n para Chile, para los organizadores del evento, la federaci\u00f3n que se involucr\u00f3. As\u00ed que estamos muy felices. Creo que ha sido un gran \u00e9xito\u201d, a\u00f1adi\u00f3 el dirigente.<\/p>\n<p>Della Casa tambi\u00e9n destac\u00f3 que se batiera tres veces un r\u00e9cord mundial en el Vel\u00f3dromo de Pe\u00f1alol\u00e9n: <strong>\u201cEsto significa que la pista es muy r\u00e1pida, y la calidad de la superficie es perfecta. Es una pista de madera pintada y muy bien mantenida<\/strong>. Por eso los corredores lo han amado, han pasado un gran tiempo y tuvimos muy buenos rendimientos\u201d.<\/p>\n<p>UCI sue\u00f1a con Mundial de Ciclismo Ruta en Chile<\/p>\n<p>Enrico Della Casa cree que Chile est\u00e1 para m\u00e1s. Lo demostrado en el Campeonato Mundial de Ciclismo de Pista permite proyectar nuevas competencias de nivel planetario en el pa\u00eds, y el mismo dirigente lo advirti\u00f3 al recorrer Santiago.<\/p>\n<p><strong>\u201cNuestro sue\u00f1o ser\u00eda organizar campeonatos mundiales de ruta en Sudam\u00e9rica, porque es nuestro principal evento a nivel UCI<\/strong>. Es el \u00fanico evento en el que podemos mostrar la ciudad y el pa\u00eds, tratamos cada a\u00f1o de sumar una naci\u00f3n para hacerlo y continuaremos haci\u00e9ndolo\u201d, expres\u00f3 el dirigente europeo.<\/p>\n<p><strong>\u201cTuve la opci\u00f3n de visitar Santiago, es una hermosa ciudad, y tener campeonatos mundiales de ruta ser\u00eda fant\u00e1stico en mi opini\u00f3n<\/strong>. Pero ese es mi sue\u00f1o, el sue\u00f1o de la UCI: venir a Sudam\u00e9rica para un campeonato mundial de ruta en el futuro\u201d, a\u00f1adi\u00f3 el directivo.<\/p>\n<p>A diferencia del Mundial de Ciclismo de Pista, que se extendi\u00f3 por cinco d\u00edas en Chile en el Vel\u00f3dromo de Pe\u00f1alol\u00e9n, un Mundial de Ruta incluye una semana de competencia y m\u00e1s tiempo de preparaci\u00f3n, con pruebas en categor\u00eda \u00e9lite y Sub-23, en 13 eventos que incluyen carretera, contrarrelojes individuales y relevos por equipos.<\/p>\n<p>El \u00faltimo Mundial de Ruta en este lado del mundo, vale se\u00f1alar, <strong>se celebr\u00f3 en Colombia en 1995. Antes, San Crist\u00f3bal de Venezuela fue sede en 1977<\/strong>.<\/p>\n<p>Para cerrar, Della Casa tambi\u00e9n valor\u00f3 que Chile quiere albergar unos Juegos Ol\u00edmpicos en el futuro: \u201cTienen mucha infraestructura ac\u00e1. Tienen muchos estadios. Estamos hablando de 2036 o 2040 y es un largo camino por recorrer. <strong>Pero con el tipo de organizaci\u00f3n que he visto aqu\u00ed, tienen la capacidad de hacerlo<\/strong>. Porque han sido muy precisos, la bienvenida de los voluntarios ha sido perfecta, es una linda atm\u00f3sfera para el deporte y para organizar eventos deportivos\u201d.<\/p>\n","protected":false},"excerpt":{"rendered":"El Mundial de Ciclismo Pista UCI Tissot celebrado en el Vel\u00f3dromo de Pe\u00f1alol\u00e9n dej\u00f3 grandes sensaciones en nuestro&hellip;\n","protected":false},"author":2,"featured_media":207424,"comment_status":"","ping_status":"","sticky":false,"template":"","format":"standard","meta":{"footnotes":""},"categories":[273],"tags":[56472,56473,2047,313,23398,312,168,927,56474,25,24,10678,15235,6119,10409,1680,41546,56475,56476,14035,56477,1170,10410,2450,23,167,2573,11214,56478,56479,31839,56480,56481],"class_list":{"0":"post-207423","1":"post","2":"type-post","3":"status-publish","4":"format-standard","5":"has-post-thumbnail","7":"category-ciclismo","8":"tag-balance-positivo","9":"tag-campeonato-mundial-de-ruta","10":"tag-chile","11":"tag-ciclismo","12":"tag-competencias","13":"tag-cycling","14":"tag-deportes","15":"tag-deportistas","16":"tag-enrico-della-casa","17":"tag-es","18":"tag-espana","19":"tag-eventos-deportivos","20":"tag-infraestructura","21":"tag-instalaciones","22":"tag-juegos-olimpicos","23":"tag-mas-deportes","24":"tag-mundial-de-ciclismo","25":"tag-mundial-de-ciclismo-pista","26":"tag-nivel-planetario","27":"tag-organizacion","28":"tag-pista-de-madera","29":"tag-promocion","30":"tag-record-mundial","31":"tag-santiago","32":"tag-spain","33":"tag-sports","34":"tag-sudamerica","35":"tag-uci","36":"tag-uci-tissot","37":"tag-union-ciclista-europea","38":"tag-union-ciclista-internacional","39":"tag-velocidades","40":"tag-velodromo-penalolen"},"share_on_mastodon":{"url":"","error":"Validation failed: Text character limit of 500 exceeded"},"_links":{"self":[{"href":"https:\/\/www.europesays.com\/es\/wp-json\/wp\/v2\/posts\/207423","targetHints":{"allow":["GET"]}}],"collection":[{"href":"https:\/\/www.europesays.com\/es\/wp-json\/wp\/v2\/posts"}],"about":[{"href":"https:\/\/www.europesays.com\/es\/wp-json\/wp\/v2\/types\/post"}],"author":[{"embeddable":true,"href":"https:\/\/www.europesays.com\/es\/wp-json\/wp\/v2\/users\/2"}],"replies":[{"embeddable":true,"href":"https:\/\/www.europesays.com\/es\/wp-json\/wp\/v2\/comments?post=207423"}],"version-history":[{"count":0,"href":"https:\/\/www.europesays.com\/es\/wp-json\/wp\/v2\/posts\/207423\/revisions"}],"wp:featuredmedia":[{"embeddable":true,"href":"https:\/\/www.europesays.com\/es\/wp-json\/wp\/v2\/media\/207424"}],"wp:attachment":[{"href":"https:\/\/www.europesays.com\/es\/wp-json\/wp\/v2\/media?parent=207423"}],"wp:term":[{"taxonomy":"category","embeddable":true,"href":"https:\/\/www.europesays.com\/es\/wp-json\/wp\/v2\/categories?post=207423"},{"taxonomy":"post_tag","embeddable":true,"href":"https:\/\/www.europesays.com\/es\/wp-json\/wp\/v2\/tags?post=207423"}],"curies":[{"name":"wp","href":"https:\/\/api.w.org\/{rel}","templated":true}]}}