{"id":207433,"date":"2025-10-29T15:13:12","date_gmt":"2025-10-29T15:13:12","guid":{"rendered":"https:\/\/www.europesays.com\/es\/207433\/"},"modified":"2025-10-29T15:13:12","modified_gmt":"2025-10-29T15:13:12","slug":"el-equipo-de-pedro-sanchez-se-volco-en-la-operacion","status":"publish","type":"post","link":"https:\/\/www.europesays.com\/es\/207433\/","title":{"rendered":"El equipo de Pedro S\u00e1nchez se volc\u00f3 en la operaci\u00f3n"},"content":{"rendered":"<p>El exconsejero de RTVE <a href=\"https:\/\/www.eleconomista.es\/informalia\/television\/noticias\/13069121\/11\/24\/un-consejero-de-rtve-confirma-que-moncloa-monto-la-operacion-broncano-para-desactivar-a-pablo-motos-intervino-hasta-zapatero.html\" rel=\"nofollow noopener\" target=\"_blank\"><b>Jos\u00e9 Manuel Mart\u00edn Medem<\/b><\/a> (Madrid, 1952) presenta este mi\u00e9rcoles en Madrid su nuevo libro<b> Cincuenta a\u00f1os contra RTVE<\/b> (1975-2025). <b>Del desastre del bipartidismo al decretazo del gobierno de coalici\u00f3n <\/b>(Ediciones El Bolet\u00edn, 2025). En esta obra repasa medio siglo de intervenciones pol\u00edticas sobre la radiotelevisi\u00f3n p\u00fablica y denuncia la continuidad de las pr\u00e1cticas de control informativo, tambi\u00e9n bajo el actual Ejecutivo. Hablamos con \u00e9l. <\/p>\n<p>                            <img decoding=\"async\" src=\"https:\/\/www.europesays.com\/es\/wp-content\/uploads\/2025\/10\/770x_martin-medem-a-a-a-a-a.jpg\" loading=\"lazy\"\/><\/p>\n<p><b>\u00bfCu\u00e1l es la intenci\u00f3n del libro?<\/b><\/p>\n<p>La aportaci\u00f3n fundamental es explicar que todos los gobiernos han utilizado procedimientos similares \u2014incluido el actual gobierno de coalici\u00f3n\u2014 para impedir que RTVE funcione como un aut\u00e9ntico servicio p\u00fablico. Las iniciativas de los gobiernos del PSOE y del PP han ido empeorando: buscan controlar la informaci\u00f3n, reducir plantilla y externalizar la producci\u00f3n a empresas privadas.<\/p>\n<p><b>\u00bfC\u00f3mo se gest\u00f3 el fichaje de David Broncano por RTVE?<\/b><\/p>\n<p>Desde Moncloa \u2014no s\u00e9 si directamente el presidente S\u00e1nchez o sus asesores\u2014 se pens\u00f3 que el programa que m\u00e1s da\u00f1o hac\u00eda era <b>El Hormiguero<\/b>, y que la televisi\u00f3n p\u00fablica deb\u00eda hacerle competencia. <b>Jos\u00e9 Pablo L\u00f3pez<\/b>, que era director de Contenidos Generales, <b>fue quien concibi\u00f3 la idea de fichar a Broncano<\/b>. Moncloa estuvo de acuerdo y el equipo de Pedro S\u00e1nchez se volc\u00f3 en la operaci\u00f3n. En el Consejo nos dividimos: algunos nos negamos a aprobar un contrato de tres a\u00f1os y 14 millones de euros anuales que no depend\u00eda de la audiencia, porque se iba a mantener funcionara o no. La otra mitad estaba a favor. Quienes nos opon\u00edamos defend\u00edamos que, si se le contrataba, fuera como a cualquier otro: por un a\u00f1o, y que se renovara solo si funcionaba, adem\u00e1s de utilizar parte de los recursos internos de RTVE. Al final <b><a href=\"https:\/\/www.eleconomista.es\/informalia\/television\/noticias\/13069121\/11\/24\/un-consejero-de-rtve-confirma-que-moncloa-monto-la-operacion-broncano-para-desactivar-a-pablo-motos-intervino-hasta-zapatero.html\" rel=\"nofollow noopener\" target=\"_blank\">hubo una avalancha de presiones para que el fichaje saliera adelante<\/a><\/b>.<b> <\/b>La que era entonces presidenta interina de RTVE dej\u00f3 la decisi\u00f3n en manos del Consejo. Elena S\u00e1nchez, muy presionada por el equipo de Pedro S\u00e1nchez, que incluso utiliz\u00f3 al propio Zapatero para presionarla, se mantuvo la abstenci\u00f3n. Ella defend\u00eda un contrato de un a\u00f1o y que participase personal de plantilla. Finalmente, la presidenta Concepci\u00f3n Cascajosa utiliz\u00f3 su voto de calidad y sac\u00f3 adelante la operaci\u00f3n.<\/p>\n<p><b>\u00bfQu\u00e9 ocurri\u00f3 cuando el PSOE perdi\u00f3 el control de RTVE el pasado a\u00f1o?<\/b><\/p>\n<p>Aprob\u00f3 un decretazo para eliminar el Consejo de Administraci\u00f3n, lo cual viola el reglamento del Parlamento Europeo sobre los medios de servicio p\u00fablico. Lo hizo con el mismo procedimiento que Mariano Rajoy: un mecanismo para que el Consejo se nombre por mayor\u00eda simple. Lo avala Sumar y lo convalida el Parlamento con la misma mayor\u00eda que la investidura. Han decidido cargarse un Consejo elegido por seis a\u00f1os cuando solo llevaba tres. Todo al carajo. El PSOE tiene su televisi\u00f3n, Junts busca visibilidad en La 2 Cat, y Podemos la suya con su presencia en tertulias.<\/p>\n<p>\u00abLa plantilla est\u00e1 enfadada, porque el aumento de audiencia se ha logrado con programaci\u00f3n hecha desde fuera\u00bb<\/p>\n<p><b>\u00bfQu\u00e9 capacidad de influencia tiene actualmente el PP en la corporaci\u00f3n?<\/b><\/p>\n<p>El PP no tiene capacidad real de influencia porque cuenta con minor\u00eda en el Consejo de Administraci\u00f3n. S\u00ed tiene presencia en tertulias, pero los presentadores opinan y los \u00abmaltratan\u00bb. En ese sentido, el PP ha perdido poder. Pero si el PP hace un decretazo inverso, estaremos igual.<\/p>\n<p><b>\u00bfC\u00f3mo valora la estrategia de Jos\u00e9 Pablo L\u00f3pez al frente de los contenidos?<\/b><\/p>\n<p>La idea de Jos\u00e9 Pablo L\u00f3pez es que la influencia no se obtiene desde los telediarios, sino desde la programaci\u00f3n de entretenimiento. Sus programas favoritos son los de infoentretenimiento. A veces le sale bien, pero<b> La familia de la tele<\/b> fue su gran fracaso: todos sab\u00edamos que no iba a funcionar y, aun as\u00ed, se empe\u00f1\u00f3.<\/p>\n<p><b>\u00bfQu\u00e9 g\u00e9neros cree que faltan en la programaci\u00f3n de RTVE?<\/b><\/p>\n<p>La parte dram\u00e1tica \u2014las series de tarde\u2014 funciona bien: est\u00e1n bien hechas y dan resultado. Pero har\u00eda falta un gran debate sobre la actualidad, de verdad, no tertulias. RTVE tiene una deuda hist\u00f3rica: nunca se ha hecho un programa de debate sobre la propia RTVE, donde se discutan todas las posibilidades \u2014desde su privatizaci\u00f3n hasta quienes la defendemos a muerte como servicio p\u00fablico\u2014. Ese gran debate nunca se ha montado.<\/p>\n<p><b>En el libro habla tambi\u00e9n de las productoras externas. \u00bfQu\u00e9 papel juegan en los problemas de RTVE?<\/b><\/p>\n<p>El problema de las productoras viene de lejos. Quien gobernaba controlaba RTVE y daba negocio a las productoras de sus amigos. Con el tiempo se consolid\u00f3 la producci\u00f3n externa en La 1, casi siempre con contratos que beneficiaban a esas empresas. La asignatura pendiente sigue siendo la transparencia. Antes los contratos inclu\u00edan cl\u00e1usulas de secreto durante y despu\u00e9s de la emisi\u00f3n. El Consejo cambi\u00f3 eso: propuse que nunca se pudiera mantener un contrato en secreto, aunque haya aspectos confidenciales por derechos. Sorprendentemente, se aprob\u00f3.<\/p>\n<p><b>\u00bfVe alg\u00fan aspecto positivo en la gesti\u00f3n actual?<\/b><\/p>\n<p>Estoy en contra de la gesti\u00f3n de Jos\u00e9 Pablo L\u00f3pez porque proviene del procedimiento del decretazo b\u00e1rbaro que elimin\u00f3 un Consejo elegido por el Parlamento para seis a\u00f1os. Pero hay una paradoja: L\u00f3pez ha aumentado la audiencia. Con eso est\u00e1n encantados tanto el presidente como su equipo y el Gobierno. Sin embargo, <b>la plantilla est\u00e1 enfadada, porque el aumento de audiencia se ha logrado con programaci\u00f3n hecha desde fuera<\/b>, lo que amenaza el trabajo y el futuro profesional interno. Puede acabar siendo un ERE encubierto: la mejora de audiencia se ha conseguido marginando a la plantilla de RTVE, y eso puede convertirse en una marginaci\u00f3n permanente.<\/p>\n<p>WhatsApp<a href=\"https:\/\/api.whatsapp.com\/send?text=https:\/\/www.eleconomista.es\/informalia\/television\/noticias\/13617021\/10\/25\/martin-medem-ex-consejero-de-rtve-denuncia-la-implicacion-de-moncloa-en-el-fichaje-de-broncano-el-equipo-de-pedro-sanchez-se-volco-en-la-operacion.html?utm_source%3Dwhatsapp%26utm_medium%3Dshare_button&amp;id=1648118629957_whatsapp\" target=\"_blank\" data-action=\"share\/whatsapp\/share\" aria-label=\"Compartir en Whatsapp\" rel=\"nofollow noopener\"><\/a>Facebook<a id=\"fb-share\" href=\"#\" target=\"_blank\" rel=\"noopener noreferrer\" aria-label=\"Compartir en Facebook\"><\/a>Twitter<a href=\"https:\/\/twitter.com\/share?text=Mart%C3%ADn+Medem%2C+ex+consejero+de+RTVE%2C+denuncia+la+implicaci%C3%B3n+de+Moncloa+en+el+fichaje+de+Broncano%3A+%22El+equipo+de+Pedro+S%C3%A1nchez+se+volc%C3%B3+en+la+operaci%C3%B3n%22&amp;url=https:\/\/www.eleconomista.es\/informalia\/television\/noticias\/13617021\/10\/25\/martin-medem-ex-consejero-de-rtve-denuncia-la-implicacion-de-moncloa-en-el-fichaje-de-broncano-el-equipo-de-pedro-sanchez-se-volco-en-la-operacion.html&amp;via=Informalia&amp;id=1648118839245_twitter\" target=\"_blank\" aria-label=\"Compartir en Twitter\" rel=\"nofollow noopener\"><\/a>Linkedin<a onclick=\"return abrirLinkedin();\" href=\"https:\/\/www.linkedin.com\/shareArticle?text=Mart%C3%ADn+Medem%2C+ex+consejero+de+RTVE%2C+denuncia+la+implicaci%C3%B3n+de+Moncloa+en+el+fichaje+de+Broncano%3A+%22El+equipo+de+Pedro+S%C3%A1nchez+se+volc%C3%B3+en+la+operaci%C3%B3n%22&amp;url=https:\/\/www.eleconomista.es\/informalia\/television\/noticias\/13617021\/10\/25\/martin-medem-ex-consejero-de-rtve-denuncia-la-implicacion-de-moncloa-en-el-fichaje-de-broncano-el-equipo-de-pedro-sanchez-se-volco-en-la-operacion.html&amp;mini=true\" target=\"_blank\" aria-label=\"Compartir en linkedin\" rel=\"nofollow noopener\"><\/a>Beloud<a href=\"https:\/\/beloud.com\/share?text=Mart%C3%ADn+Medem%2C+ex+consejero+de+RTVE%2C+denuncia+la+implicaci%C3%B3n+de+Moncloa+en+el+fichaje+de+Broncano%3A+%22El+equipo+de+Pedro+S%C3%A1nchez+se+volc%C3%B3+en+la+operaci%C3%B3n%22&amp;url=https:\/\/www.eleconomista.es\/informalia\/television\/noticias\/13617021\/10\/25\/martin-medem-ex-consejero-de-rtve-denuncia-la-implicacion-de-moncloa-en-el-fichaje-de-broncano-el-equipo-de-pedro-sanchez-se-volco-en-la-operacion.html&amp;via=Informalia&amp;id=1648118839245_beloud\" target=\"_blank\" aria-label=\"Compartir en beloud\" rel=\"nofollow noopener\"><\/a>Bluesky<a href=\"https:\/\/bsky.app\/intent\/compose?text=https:\/\/bsky.app\/intent\/compose?text=https:\/\/www.eleconomista.es\/informalia\/television\/noticias\/13617021\/10\/25\/martin-medem-ex-consejero-de-rtve-denuncia-la-implicacion-de-moncloa-en-el-fichaje-de-broncano-el-equipo-de-pedro-sanchez-se-volco-en-la-operacion.html&amp;url=https:\/\/www.eleconomista.es\/informalia\/television\/noticias\/13617021\/10\/25\/martin-medem-ex-consejero-de-rtve-denuncia-la-implicacion-de-moncloa-en-el-fichaje-de-broncano-el-equipo-de-pedro-sanchez-se-volco-en-la-operacion.html&amp;via=elEconomistaes&amp;id=1648118839245_bluesky\" target=\"_blank\" aria-label=\"Compartir en bluesky\" rel=\"nofollow noopener\"><\/a><\/p>\n<p><script async src=\"https:\/\/platform.twitter.com\/widgets.js\" charset=\"utf-8\"><\/script><\/p>\n","protected":false},"excerpt":{"rendered":"El exconsejero de RTVE Jos\u00e9 Manuel Mart\u00edn Medem (Madrid, 1952) presenta este mi\u00e9rcoles en Madrid su nuevo libro&hellip;\n","protected":false},"author":2,"featured_media":207434,"comment_status":"","ping_status":"","sticky":false,"template":"","format":"standard","meta":{"footnotes":""},"categories":[171],"tags":[146,147,25,24,23,807,214],"class_list":{"0":"post-207433","1":"post","2":"type-post","3":"status-publish","4":"format-standard","5":"has-post-thumbnail","7":"category-tv","8":"tag-entertainment","9":"tag-entretenimiento","10":"tag-es","11":"tag-espana","12":"tag-spain","13":"tag-television","14":"tag-tv"},"share_on_mastodon":{"url":"https:\/\/pubeurope.com\/@es\/115458107559993183","error":""},"_links":{"self":[{"href":"https:\/\/www.europesays.com\/es\/wp-json\/wp\/v2\/posts\/207433","targetHints":{"allow":["GET"]}}],"collection":[{"href":"https:\/\/www.europesays.com\/es\/wp-json\/wp\/v2\/posts"}],"about":[{"href":"https:\/\/www.europesays.com\/es\/wp-json\/wp\/v2\/types\/post"}],"author":[{"embeddable":true,"href":"https:\/\/www.europesays.com\/es\/wp-json\/wp\/v2\/users\/2"}],"replies":[{"embeddable":true,"href":"https:\/\/www.europesays.com\/es\/wp-json\/wp\/v2\/comments?post=207433"}],"version-history":[{"count":0,"href":"https:\/\/www.europesays.com\/es\/wp-json\/wp\/v2\/posts\/207433\/revisions"}],"wp:featuredmedia":[{"embeddable":true,"href":"https:\/\/www.europesays.com\/es\/wp-json\/wp\/v2\/media\/207434"}],"wp:attachment":[{"href":"https:\/\/www.europesays.com\/es\/wp-json\/wp\/v2\/media?parent=207433"}],"wp:term":[{"taxonomy":"category","embeddable":true,"href":"https:\/\/www.europesays.com\/es\/wp-json\/wp\/v2\/categories?post=207433"},{"taxonomy":"post_tag","embeddable":true,"href":"https:\/\/www.europesays.com\/es\/wp-json\/wp\/v2\/tags?post=207433"}],"curies":[{"name":"wp","href":"https:\/\/api.w.org\/{rel}","templated":true}]}}