{"id":207457,"date":"2025-10-29T15:29:16","date_gmt":"2025-10-29T15:29:16","guid":{"rendered":"https:\/\/www.europesays.com\/es\/207457\/"},"modified":"2025-10-29T15:29:16","modified_gmt":"2025-10-29T15:29:16","slug":"ander-okamika-continuara-en-el-burgos-burpellet-bh","status":"publish","type":"post","link":"https:\/\/www.europesays.com\/es\/207457\/","title":{"rendered":"Ander Okamika continuar\u00e1 en el Burgos Burpellet BH"},"content":{"rendered":"<p data-mrf-recirculation=\"Links P\u00e1rrafos\" class=\"ue-c-article__paragraph paragraph\"><strong>El Burgos Burpellet BH y Ander Okamika seguir\u00e1n unidos una temporada m\u00e1s<\/strong> despu\u00e9s de que el ciclista vizca\u00edno haya renovado su contrato hasta 2026, por lo que afrontar\u00e1 su sexta campa\u00f1a consecutiva con el conjunto burgal\u00e9s.<\/p>\n<p data-mrf-recirculation=\"Links P\u00e1rrafos\" class=\"ue-c-article__paragraph paragraph\">El corredor de Lekeitio ha completado un a\u00f1o sobresaliente, destacando por su <strong>combatividad en las fugas y su rendimiento en las cl\u00e1sicas italianas<\/strong>, adem\u00e1s de firmar una quinta posici\u00f3n en el Campeonato de Espa\u00f1a disputado en Sierra Nevada, el mejor resultado del Burgos Burpellet BH en los \u00faltimos a\u00f1os.<\/p>\n<p data-mrf-recirculation=\"Links P\u00e1rrafos\" class=\"ue-c-article__paragraph paragraph\">Okamika<strong> volvi\u00f3 a mostrar su car\u00e1cter ofensivo desde el inicio<\/strong> de la temporada, escapado en la Vuelta a Andaluc\u00eda y en O Gran Cami\u00f1o, donde lleg\u00f3 a vestir el maillot azul de la monta\u00f1a.<\/p>\n<p data-mrf-recirculation=\"Links P\u00e1rrafos\" class=\"ue-c-article__paragraph paragraph\"><strong>Tambi\u00e9n fue protagonista en la Itzulia Basque Country<\/strong>, adem\u00e1s de firmar s\u00f3lidos resultados en el Tour de Doubs y la Vuelta a Asturias, con sendos puestos dentro del top 20.<\/p>\n<p data-mrf-recirculation=\"Links P\u00e1rrafos\" class=\"ue-c-article__paragraph paragraph\">Su progresi\u00f3n como escalador qued\u00f3 patente en <strong>la Ruta de Occitania, donde finaliz\u00f3 13.\u00ba en la general<\/strong>, antes de brillar en el nacional y mostrar su fiabilidad en la Vuelta a Burgos.<\/p>\n<p data-mrf-recirculation=\"Links P\u00e1rrafos\" class=\"ue-c-article__paragraph paragraph\"><strong>En la segunda parte del a\u00f1o, encaden\u00f3 13 cl\u00e1sicas en Italia<\/strong>, siendo el mejor corredor del equipo en la mitad de ellas y alcanzando un meritorio noveno puesto en el Giro della Romagna.<\/p>\n<p data-mrf-recirculation=\"Links P\u00e1rrafos\" class=\"ue-c-article__paragraph paragraph\">De cara a 2026, Okamika asumir\u00e1 un papel clave en el bloque morado, no s\u00f3lo como hombre de confianza en carrera, sino tambi\u00e9n como <strong>referente para las nuevas incorporaciones.<\/strong><\/p>\n<p data-mrf-recirculation=\"Links P\u00e1rrafos\" class=\"ue-c-article__paragraph paragraph\">\u00abEstoy contento de continuar un a\u00f1o m\u00e1s en el Burgos Burpellet BH. Espero seguir creciendo como ciclista y <strong>ayudar a mis compa\u00f1eros, especialmente a los m\u00e1s j\u00f3venes<\/strong>, compartiendo la experiencia que he adquirido en estos a\u00f1os\u00bb, ha se\u00f1alado el vizca\u00edno en declaraciones ofrecidas por el Burgos BH.<\/p>\n<p data-mrf-recirculation=\"Links P\u00e1rrafos\" class=\"ue-c-article__paragraph paragraph\">El director deportivo Damien Garcia ha destacado la importancia del corredor dentro del proyecto y lo ha calificado como <strong>\u00abun pilar fundamental del equipo que siempre da un paso adelante cada temporada\u00bb<\/strong>.<\/p>\n","protected":false},"excerpt":{"rendered":"El Burgos Burpellet BH y Ander Okamika seguir\u00e1n unidos una temporada m\u00e1s despu\u00e9s de que el ciclista vizca\u00edno&hellip;\n","protected":false},"author":2,"featured_media":207458,"comment_status":"","ping_status":"","sticky":false,"template":"","format":"standard","meta":{"footnotes":""},"categories":[273],"tags":[313,312,168,25,24,23,167],"class_list":{"0":"post-207457","1":"post","2":"type-post","3":"status-publish","4":"format-standard","5":"has-post-thumbnail","7":"category-ciclismo","8":"tag-ciclismo","9":"tag-cycling","10":"tag-deportes","11":"tag-es","12":"tag-espana","13":"tag-spain","14":"tag-sports"},"share_on_mastodon":{"url":"https:\/\/pubeurope.com\/@es\/115458170079897773","error":""},"_links":{"self":[{"href":"https:\/\/www.europesays.com\/es\/wp-json\/wp\/v2\/posts\/207457","targetHints":{"allow":["GET"]}}],"collection":[{"href":"https:\/\/www.europesays.com\/es\/wp-json\/wp\/v2\/posts"}],"about":[{"href":"https:\/\/www.europesays.com\/es\/wp-json\/wp\/v2\/types\/post"}],"author":[{"embeddable":true,"href":"https:\/\/www.europesays.com\/es\/wp-json\/wp\/v2\/users\/2"}],"replies":[{"embeddable":true,"href":"https:\/\/www.europesays.com\/es\/wp-json\/wp\/v2\/comments?post=207457"}],"version-history":[{"count":0,"href":"https:\/\/www.europesays.com\/es\/wp-json\/wp\/v2\/posts\/207457\/revisions"}],"wp:featuredmedia":[{"embeddable":true,"href":"https:\/\/www.europesays.com\/es\/wp-json\/wp\/v2\/media\/207458"}],"wp:attachment":[{"href":"https:\/\/www.europesays.com\/es\/wp-json\/wp\/v2\/media?parent=207457"}],"wp:term":[{"taxonomy":"category","embeddable":true,"href":"https:\/\/www.europesays.com\/es\/wp-json\/wp\/v2\/categories?post=207457"},{"taxonomy":"post_tag","embeddable":true,"href":"https:\/\/www.europesays.com\/es\/wp-json\/wp\/v2\/tags?post=207457"}],"curies":[{"name":"wp","href":"https:\/\/api.w.org\/{rel}","templated":true}]}}