{"id":207480,"date":"2025-10-29T15:43:12","date_gmt":"2025-10-29T15:43:12","guid":{"rendered":"https:\/\/www.europesays.com\/es\/207480\/"},"modified":"2025-10-29T15:43:12","modified_gmt":"2025-10-29T15:43:12","slug":"el-pib-de-espana-crece-un-06-en-el-tercer-trimestre-y-mantiene-su-dinamismo-2","status":"publish","type":"post","link":"https:\/\/www.europesays.com\/es\/207480\/","title":{"rendered":"El PIB de Espa\u00f1a crece un 0,6 % en el tercer trimestre y mantiene su dinamismo"},"content":{"rendered":"<p>    <img src=\"https:\/\/www.europesays.com\/es\/wp-content\/uploads\/2025\/10\/2025-10-29T143A493A18Z-90246494.jpg\" width=\"1024\" height=\"681\" alt=\"\" loading=\"eager\" decoding=\"sync\" fetchpriority=\"high\"\/><\/p>\n<p>            afp_tickers        <\/p>\n<p>        Este contenido fue publicado en    <\/p>\n<p>        29 octubre 2025 &#8211; 15:49\n<\/p>\n<p>La econom\u00eda espa\u00f1ola creci\u00f3 un 0,6 % en el tercer trimestre, lo que pese a una ligera desaceleraci\u00f3n confirma el dinamismo de la cuarta econom\u00eda de la zona euro, seg\u00fan una primera estimaci\u00f3n publicada el mi\u00e9rcoles por el Instituto Nacional de Estad\u00edstica (INE).<\/p>\n<p>El PIB creci\u00f3 un 0,6 % en el primer trimestre y un 0,8 % en el segundo, especialmente gracias al fuerte aumento del consumo de los hogares y la inversi\u00f3n de las empresas, sin contar la actividad tur\u00edstica.<\/p>\n<p>La cifra anunciada el mi\u00e9rcoles por el INE, a pesar de suponer una ligera desaceleraci\u00f3n, sit\u00faa a Espa\u00f1a en buena posici\u00f3n para alcanzar el 2,7 % de crecimiento previsto este a\u00f1o por el gobierno del primer ministro socialista Pedro S\u00e1nchez.<\/p>\n<p>Los analistas de FactSet solo esperaban un crecimiento del 0,1 % para el tercer trimestre.<\/p>\n<p>La \u00e9poca en la que Espa\u00f1a sufri\u00f3 la crisis de 2008 y sus repercusiones -con una tasa de desempleo que rozaba el 27 % a principios de 2013- y luego una ca\u00edda brutal de la actividad durante la pandemia de covid-19 parece ahora lejana.<\/p>\n<p>El pa\u00eds aprovecha actualmente el auge del turismo (m\u00e1s de 22 millones de visitantes extranjeros solo en julio y agosto), la inversi\u00f3n de las empresas, especialmente extranjeras, en Madrid, y el consumo de los hogares.<\/p>\n<p>Esta buena salud permite a Espa\u00f1a registrar una tasa de desempleo pr\u00e1cticamente en su nivel m\u00e1s bajo desde 2008 (aunque sigue siendo la m\u00e1s alta de la UE), con un 10,45 % en el tercer trimestre, y un d\u00e9ficit muy cercano a los l\u00edmites autorizados por Bruselas.<\/p>\n<p>La inflaci\u00f3n se situ\u00f3 en el 3 % interanual en septiembre, seg\u00fan el INE.<\/p>\n<p>rbj\/abx\/pc\/hgs<\/p>\n","protected":false},"excerpt":{"rendered":"afp_tickers Este contenido fue publicado en 29 octubre 2025 &#8211; 15:49 La econom\u00eda espa\u00f1ola creci\u00f3 un 0,6 %&hellip;\n","protected":false},"author":2,"featured_media":207481,"comment_status":"","ping_status":"","sticky":false,"template":"","format":"standard","meta":{"footnotes":""},"categories":[80],"tags":[82,95,9516,94,84,25,24,87,23,90],"class_list":{"0":"post-207480","1":"post","2":"type-post","3":"status-publish","4":"format-standard","5":"has-post-thumbnail","7":"category-economia","8":"tag-business","9":"tag-economia","10":"tag-economic-indicator","11":"tag-economy","12":"tag-economy-general","13":"tag-es","14":"tag-espana","15":"tag-macro-economics","16":"tag-spain","17":"tag-ticker"},"share_on_mastodon":{"url":"https:\/\/pubeurope.com\/@es\/115458225970718348","error":""},"_links":{"self":[{"href":"https:\/\/www.europesays.com\/es\/wp-json\/wp\/v2\/posts\/207480","targetHints":{"allow":["GET"]}}],"collection":[{"href":"https:\/\/www.europesays.com\/es\/wp-json\/wp\/v2\/posts"}],"about":[{"href":"https:\/\/www.europesays.com\/es\/wp-json\/wp\/v2\/types\/post"}],"author":[{"embeddable":true,"href":"https:\/\/www.europesays.com\/es\/wp-json\/wp\/v2\/users\/2"}],"replies":[{"embeddable":true,"href":"https:\/\/www.europesays.com\/es\/wp-json\/wp\/v2\/comments?post=207480"}],"version-history":[{"count":0,"href":"https:\/\/www.europesays.com\/es\/wp-json\/wp\/v2\/posts\/207480\/revisions"}],"wp:featuredmedia":[{"embeddable":true,"href":"https:\/\/www.europesays.com\/es\/wp-json\/wp\/v2\/media\/207481"}],"wp:attachment":[{"href":"https:\/\/www.europesays.com\/es\/wp-json\/wp\/v2\/media?parent=207480"}],"wp:term":[{"taxonomy":"category","embeddable":true,"href":"https:\/\/www.europesays.com\/es\/wp-json\/wp\/v2\/categories?post=207480"},{"taxonomy":"post_tag","embeddable":true,"href":"https:\/\/www.europesays.com\/es\/wp-json\/wp\/v2\/tags?post=207480"}],"curies":[{"name":"wp","href":"https:\/\/api.w.org\/{rel}","templated":true}]}}