{"id":207501,"date":"2025-10-29T16:00:09","date_gmt":"2025-10-29T16:00:09","guid":{"rendered":"https:\/\/www.europesays.com\/es\/207501\/"},"modified":"2025-10-29T16:00:09","modified_gmt":"2025-10-29T16:00:09","slug":"tyketto-anuncian-nuevo-disco-beast-in-black-con-guitarrista-temportal-novedades-del-aniversario-de-ankhara-y-nuevo-disco","status":"publish","type":"post","link":"https:\/\/www.europesays.com\/es\/207501\/","title":{"rendered":"TYKETTO anuncian nuevo disco. BEAST IN BLACK con guitarrista temportal. Novedades del aniversario de ANKHARA y nuevo disco."},"content":{"rendered":"<p>\u00a0<\/p>\n<p style=\"text-align: center;\"><strong><a href=\"#TYKETTO\">TYKETTO anuncian nuevo disco<\/a> \u2013 <a href=\"#BIB\">BEAST IN BLACK con guitarrista temporal <\/a>\u2013 <a href=\"#ANKHARA\">Novedades del aniversario de ANKHARA y nuevo disco.<\/a><\/strong><\/p>\n<p><strong>TYKETTO<\/strong> han fichado con Silver Lining Music y editar\u00e1n el pr\u00f3ximo mes de marzo un nuevo disco titulado \u201cCloser To The Sun\u201d.<\/p>\n<p>El grupo est\u00e1 liderado por el cantante Danny Vaughn, acompa\u00f1ado por el guitarrista Harry Scott Elliott, Ged Rylands a los teclados, el bajista Chris Childs y el nater\u00eda Johnny Dee.<\/p>\n<p>Su \u00faltimo trabajo \u00abReach\u00bb sali\u00f3 el 14 de octubre de 2016 a trav\u00e9s de Frontiers Music.<\/p>\n<p>Los \u00faltimos lanzamientos del grupo en esta <a href=\"https:\/\/www.rafabasa.com\/2019\/10\/15\/blind-guardian-running-wild-tyketto-black-stone-cherry-salon-de-la-fama-del-rock-and-roll\/#TYKETTO\" rel=\"nofollow noopener\" target=\"_blank\">noticia<\/a>.<\/p>\n<p>\u00a0<\/p>\n<p>Tras separarse de su guitarrista Kasperi Heikkinen, <a href=\"https:\/\/beastinblack.com\/\" target=\"_blank\" rel=\"noopener nofollow\"><strong>BEAST IN BLACK<\/strong><\/a>, han reclutado a <strong>Daniel Freyberg<\/strong> (CROWNSHIFT, ex-CHILDREN OF BODOM) para su pr\u00f3xima gira con HELLOWEEN.<\/p>\n<p>Los finlandeses <a href=\"https:\/\/www.rafabasa.com\/2025\/10\/13\/beast-in-black-vuelven-en-noviembre-de-2026-con-sonata-arctica-y-frozen-crown\/\" rel=\"nofollow noopener\" target=\"_blank\">estar\u00e1n en nuestro pa\u00eds<\/a> a finales de 2026.<\/p>\n<p>La banda edit\u00f3 un <a href=\"https:\/\/www.rafabasa.com\/2025\/04\/29\/accept-beast-in-black-weather-systems\/#BEAST_IN%20_BLACK\" rel=\"nofollow noopener\" target=\"_blank\">nuevo single<\/a> el pasado mes de abril.<\/p>\n<p>\u00abDark Connection\u00bb es el tercer y \u00faltimo \u00e1lbum de\u00a0<a href=\"https:\/\/beastinblack.com\/\" target=\"_blank\" rel=\"noopener nofollow\"><strong>BEAST IN BLACK<\/strong><\/a>\u00a0y vio la luz el 29 de octubre de 2021 a trav\u00e9s de Nuclear Blast Records.<\/p>\n<p>Todos los detalles en esta\u00a0<a href=\"https:\/\/www.rafabasa.com\/2021\/08\/20\/beast-in-black-anuncia-su-nuevo-album-dark-connection-y-revela-la-portada\/\" target=\"_blank\" rel=\"noopener nofollow\">noticia<\/a>\u00a0y los singles aparecidos en\u00a0<a href=\"https:\/\/www.rafabasa.com\/2021\/11\/01\/beast-in-black-video-del-nuevo-single-hardcore\/\" target=\"_blank\" rel=\"noopener nofollow\">esta<\/a>.<\/p>\n<p>\u00a0<\/p>\n<p><a href=\"https:\/\/www.facebook.com\/Ankhara-473887429326193\/\" target=\"_blank\" rel=\"noopener nofollow\"><strong>ANKHARA<\/strong><\/a> han publicado m\u00e1s novedades de su pr\u00f3ximo 30 aniversario y su nuevo disco.<\/p>\n<p>El nuevo trabajo contar\u00e1 con la participaci\u00f3n de :<\/p>\n<p>Tete Novoa (SARATOGA),<br \/>Jos\u00e9 Andr\u00eba (ex-M\u00c4GO DE OZ),<br \/>Paco Ventura (MEDINA AZAHARA),<br \/>\u00c1ngel San Juan (TIERRA SANTA).<\/p>\n<p><a href=\"https:\/\/www.facebook.com\/Ankhara-473887429326193\/\" target=\"_blank\" rel=\"noopener nofollow\"><strong>ANKHARA<\/strong><\/a>, lanzar\u00e1n un primer single ver\u00e1 la luz en los pr\u00f3ximos meses.<\/p>\n<p>El \u00e1lbum est\u00e1 siendo grabado en The Mixtery por Ra\u00fal Abell\u00e1n<\/p>\n<p>El \u00faltimo lanzamiento del grupo \u00abDe Aqu\u00ed a la Eternidad\u00bb sali\u00f3 el 20 de octubre de 2023.<br \/>M\u00e1s detalles en esta <a href=\"https:\/\/www.rafabasa.com\/2023\/04\/18\/rammstein-ankhara-deathstars\/#ANKHARA\" target=\"_blank\" rel=\"noopener nofollow\">noticia<\/a> y los singles aparecidos en <a href=\"https:\/\/www.rafabasa.com\/2023\/09\/29\/van-halen-ankhara-lorna-shore\/#ANKHARA\" target=\"_blank\" rel=\"noopener nofollow\">esta<\/a>.<\/p>\n<p>\u00a0<\/p>\n<p align=\"center\"><strong>Sigue el\u00a0<a href=\"https:\/\/whatsapp.com\/channel\/0029VaCprxVBA1f555USvT2O\" target=\"_blank\" rel=\"nofollow noopener\">Canal de RAFABASA.COM en WhatsApp<\/a>, donde encontrar\u00e1s todas nuestras novedades al instante<\/strong><\/p>\n","protected":false},"excerpt":{"rendered":"\u00a0 TYKETTO anuncian nuevo disco \u2013 BEAST IN BLACK con guitarrista temporal \u2013 Novedades del aniversario de ANKHARA&hellip;\n","protected":false},"author":2,"featured_media":207502,"comment_status":"","ping_status":"","sticky":false,"template":"","format":"standard","meta":{"footnotes":""},"categories":[170],"tags":[56495,50085,146,147,25,24,184,185,23,56496],"class_list":{"0":"post-207501","1":"post","2":"type-post","3":"status-publish","4":"format-standard","5":"has-post-thumbnail","7":"category-musica","8":"tag-ankhara","9":"tag-beast-in-black","10":"tag-entertainment","11":"tag-entretenimiento","12":"tag-es","13":"tag-espana","14":"tag-music","15":"tag-musica","16":"tag-spain","17":"tag-tyketto"},"share_on_mastodon":{"url":"https:\/\/pubeurope.com\/@es\/115458292036514467","error":""},"_links":{"self":[{"href":"https:\/\/www.europesays.com\/es\/wp-json\/wp\/v2\/posts\/207501","targetHints":{"allow":["GET"]}}],"collection":[{"href":"https:\/\/www.europesays.com\/es\/wp-json\/wp\/v2\/posts"}],"about":[{"href":"https:\/\/www.europesays.com\/es\/wp-json\/wp\/v2\/types\/post"}],"author":[{"embeddable":true,"href":"https:\/\/www.europesays.com\/es\/wp-json\/wp\/v2\/users\/2"}],"replies":[{"embeddable":true,"href":"https:\/\/www.europesays.com\/es\/wp-json\/wp\/v2\/comments?post=207501"}],"version-history":[{"count":0,"href":"https:\/\/www.europesays.com\/es\/wp-json\/wp\/v2\/posts\/207501\/revisions"}],"wp:featuredmedia":[{"embeddable":true,"href":"https:\/\/www.europesays.com\/es\/wp-json\/wp\/v2\/media\/207502"}],"wp:attachment":[{"href":"https:\/\/www.europesays.com\/es\/wp-json\/wp\/v2\/media?parent=207501"}],"wp:term":[{"taxonomy":"category","embeddable":true,"href":"https:\/\/www.europesays.com\/es\/wp-json\/wp\/v2\/categories?post=207501"},{"taxonomy":"post_tag","embeddable":true,"href":"https:\/\/www.europesays.com\/es\/wp-json\/wp\/v2\/tags?post=207501"}],"curies":[{"name":"wp","href":"https:\/\/api.w.org\/{rel}","templated":true}]}}