{"id":207503,"date":"2025-10-29T16:01:07","date_gmt":"2025-10-29T16:01:07","guid":{"rendered":"https:\/\/www.europesays.com\/es\/207503\/"},"modified":"2025-10-29T16:01:07","modified_gmt":"2025-10-29T16:01:07","slug":"todos-vais-vestidos-de-hobbits","status":"publish","type":"post","link":"https:\/\/www.europesays.com\/es\/207503\/","title":{"rendered":"\u00a1Todos vais vestidos de hobbits!"},"content":{"rendered":"<p class=\"c-paragraph\">24 a\u00f1os despu\u00e9s de <a href=\"https:\/\/www.20minutos.es\/cinemania\/noticias\/adrien-brody-rechazo-personaje-el-senor-anillos-me-senti-estupido-5688318\/\" rel=\"nofollow noopener\" target=\"_blank\">El se\u00f1or de los anillos: La comunidad del anillo<\/a>, el p\u00fablico mantiene intacto el amor hacia su gran protagonista, <b>Frodo (Elijah Wood)<\/b>. Consciente del cari\u00f1o que genera tanto tiempo despu\u00e9s, el int\u00e9rprete estadounidense intenta devolv\u00e9rselo al p\u00fablico siempre que puede, como demostraba una vez m\u00e1s recientemente al presentarse <b>por sorpresa en una boda en Nueva Zelanda<\/b>.\u00a0<\/p>\n<p class=\"c-paragraph\">Las empresas neozelandesas han encontrado un <b>fil\u00f3n en la celebraci\u00f3n de bodas tem\u00e1ticas<\/b> de ESDLA en los <b>escenarios naturales y los decorados de las pel\u00edculas de Peter Jackson<\/b>, siendo uno de los emplazamientos favoritos el ambientado en la Comarca.\u00a0<\/p>\n<p class=\"c-paragraph\">En pleno festejo de uno de estos enlaces, el int\u00e9rprete de 44 a\u00f1os se presentaba como el <b>invitado de honor,<\/b> como pod\u00edamos ver en un <b>TikTok <\/b>compartido por la cuenta <b>Hobbinton Tours<\/b>.\u00a0\u00a0<\/p>\n<p class=\"c-paragraph\">En el citado v\u00eddeo, Wood aparec\u00eda por detr\u00e1s de ellos para darles una sorpresa, mientras la novia exclamaba un \u00abOh, Dios m\u00edo\u00bb, una hilarante reacci\u00f3n natural. <b>\u00ab\u00a1Esto es incre\u00edble, todos est\u00e1is vestidos de hobbits!\u00bb<\/b>, se\u00f1alaba el actor hacia los asistentes.<\/p>\n<p class=\"c-paragraph\">Tras el desenlace de la trilog\u00eda cinematogr\u00e1fica de Jackson en 2003, que adapt\u00f3 la c\u00e9lebre saga literaria de J. R. R. Tolkien, de las 39 madrigueras de los hobbits que exist\u00edan, 17 de ellas fueron demolidas y el resto se transformaron en lugares de culto. Posteriormente, Jackson regres\u00f3 en 2009 con la trilog\u00eda de El hobbit, reconstruyendo <b>44 hogares de los hobbits para que los turistas y los matrimonios pudieran disfrutarlos.\u00a0<\/b><\/p>\n<p class=\"c-paragraph\">Inicialmente, la serie El se\u00f1or de los anillos: Los anillos de poder recuperaba algunos de los escenarios neozelandeses para sus primeras temporadas, pero, una serie de conflictos, hac\u00edan que se trasladara a unos impresionantes decorados, tanto exteriores como interiores, en Londres. Por su parte, las <b>nuevas pel\u00edculas de Warner Bros.<\/b>\u00a0(como <b>The Lord of the Rings: The Hunt for Gollum<\/b>)\u00a0s\u00ed que <b>han regresado a Nueva Zelanda<\/b>, despu\u00e9s de que Andy Serkis fuera visto en varias ocasiones all\u00ed.\u00a0<\/p>\n","protected":false},"excerpt":{"rendered":"24 a\u00f1os despu\u00e9s de El se\u00f1or de los anillos: La comunidad del anillo, el p\u00fablico mantiene intacto el&hellip;\n","protected":false},"author":2,"featured_media":207504,"comment_status":"","ping_status":"","sticky":false,"template":"","format":"standard","meta":{"footnotes":""},"categories":[169],"tags":[3158,177,56497,146,147,25,24,176,175,56498,23],"class_list":{"0":"post-207503","1":"post","2":"type-post","3":"status-publish","4":"format-standard","5":"has-post-thumbnail","7":"category-cine","8":"tag-boda","9":"tag-cine","10":"tag-elijah-wood","11":"tag-entertainment","12":"tag-entretenimiento","13":"tag-es","14":"tag-espana","15":"tag-film","16":"tag-movies","17":"tag-senor-de-los-anillos","18":"tag-spain"},"share_on_mastodon":{"url":"https:\/\/pubeurope.com\/@es\/115458296089775181","error":""},"_links":{"self":[{"href":"https:\/\/www.europesays.com\/es\/wp-json\/wp\/v2\/posts\/207503","targetHints":{"allow":["GET"]}}],"collection":[{"href":"https:\/\/www.europesays.com\/es\/wp-json\/wp\/v2\/posts"}],"about":[{"href":"https:\/\/www.europesays.com\/es\/wp-json\/wp\/v2\/types\/post"}],"author":[{"embeddable":true,"href":"https:\/\/www.europesays.com\/es\/wp-json\/wp\/v2\/users\/2"}],"replies":[{"embeddable":true,"href":"https:\/\/www.europesays.com\/es\/wp-json\/wp\/v2\/comments?post=207503"}],"version-history":[{"count":0,"href":"https:\/\/www.europesays.com\/es\/wp-json\/wp\/v2\/posts\/207503\/revisions"}],"wp:featuredmedia":[{"embeddable":true,"href":"https:\/\/www.europesays.com\/es\/wp-json\/wp\/v2\/media\/207504"}],"wp:attachment":[{"href":"https:\/\/www.europesays.com\/es\/wp-json\/wp\/v2\/media?parent=207503"}],"wp:term":[{"taxonomy":"category","embeddable":true,"href":"https:\/\/www.europesays.com\/es\/wp-json\/wp\/v2\/categories?post=207503"},{"taxonomy":"post_tag","embeddable":true,"href":"https:\/\/www.europesays.com\/es\/wp-json\/wp\/v2\/tags?post=207503"}],"curies":[{"name":"wp","href":"https:\/\/api.w.org\/{rel}","templated":true}]}}