{"id":207509,"date":"2025-10-29T16:04:13","date_gmt":"2025-10-29T16:04:13","guid":{"rendered":"https:\/\/www.europesays.com\/es\/207509\/"},"modified":"2025-10-29T16:04:13","modified_gmt":"2025-10-29T16:04:13","slug":"estoy-a-menos-doce-millones-de-euros-en-dinero","status":"publish","type":"post","link":"https:\/\/www.europesays.com\/es\/207509\/","title":{"rendered":"\u00abEstoy a menos doce millones de euros en dinero\u00bb"},"content":{"rendered":"<p>\t\t\t \t\t \t\t\t\t\t\t\tCaptura de la entrevista de Najwa Nimri en el programa de David Broncano <strong class=\"pd-l\">La Revuelta, YouTube, 2025  <\/strong><\/p>\n<p>\t\t\t\t\t\tLa actriz particip\u00f3 en el programa de David Broncano donde\u00a0present\u00f3 el estreno de la segunda temporada de \u00abRespira\u00bb<br \/>\n\t\t\t\t\t\t\t\t\t\t\t\t<strong>29 oct 2025<\/strong> . Actualizado a las 15:02 h.\t\t\t\t\t\t<\/p>\n<p class=\"first-paragraph txt\"><strong>Najwa Nimri<\/strong> estuvo en<strong> <a href=\"https:\/\/www.lavozdegalicia.es\/temas\/la-revuelta\" rel=\"nofollow noopener\" target=\"_blank\">La Revuelta<\/a> <\/strong>para anunciar el estreno de la <strong>segunda temporada de Respira<\/strong>, la serie que protagoniza con\u00a0<a class=\"link-txt\" href=\"https:\/\/www.lavozdegalicia.es\/noticia\/television\/2025\/10\/23\/accidente-manu-rios-obligo-parar-rodaje-respira-consegui-diferenciar-protesis-extra-barbilla-real\/00031761206200203605464.htm\" rel=\"nofollow noopener\" target=\"_blank\"><strong>Blanca Su\u00e1rez y Manu R\u00edos\u00a0<\/strong><\/a>y llegar\u00e1 a Netflix\u00a0este viernes 31 de octubre. En esta nueva entrega del creador de \u00c9lite, <strong>Carlos Montero<\/strong>, participar\u00e1 en el elenco el cantante <strong>Pablo Albor\u00e1n<\/strong>.\u00a0<\/p>\n<p class=\"txt\">Quien protagoniz\u00f3 a Zulema Zahir en el gran \u00e9xito televisivo Vis a vis\u00a0comenz\u00f3 su entrevista dando importantes declaraciones sobre la<strong> posesi\u00f3n de\u00a0armas<\/strong>:\u00a0\u00abTengo armas. <strong>Una nueve mil\u00edmetros parabellum, tengo un subfusil, un rifle, tengo dos granadas<\/strong> que no explotan y tengo un cuchillo de los que se sacan como navaja, y estoy aprendiendo a hacer la mariposa\u00bb. La actriz luego reconoci\u00f3 que la pistola era de mentira, pero no desminti\u00f3 los otros elementos, lo que dej\u00f3 <strong>sorprendido al presentador<\/strong> y sus colaboradores, que tem\u00edan haberla envuelto en un problema.\u00a0<\/p>\n<p>\t\t\t \t\t \t\t\t\t\t\t\tCaptura de la entrevista de Najwa Nimri en La Revuelta <strong class=\"pd-l\">La Revuelta, YouTube, 2025  <\/strong><\/p>\n<p class=\"txt\"><a href=\"https:\/\/www.lavozdegalicia.es\/temas\/david-broncano\" rel=\"nofollow noopener\" target=\"_blank\">David Broncano<\/a> introdujo el tema de la<strong> muerte, las \u00faltimas voluntades y el testamento<\/strong>.\u00a0Al preguntarle a la actriz qu\u00e9 quer\u00eda para su muerte, esta respondi\u00f3:\u00a0\u00abQuiero encontrar un sitio que entre en<strong> conexi\u00f3n directa con todo lo que baja de las estrellas y ascender<\/strong>. Un sitio tipo una pir\u00e1mide, como una faraona, pero <strong>que nadie sepa d\u00f3nde estoy<\/strong>\u00bb.<\/p>\n<p class=\"txt\">El presentador y la estrella de <a href=\"https:\/\/www.lavozdegalicia.es\/temas\/netflix\" rel=\"nofollow noopener\" target=\"_blank\">Netflix<\/a> siguieron conversando en torno a la idea de fallecer, cuando Najwa mencion\u00f3 que en el entierro de la pareja de su madre tuvieron que\u00a0<strong>abrir el ata\u00fad para que su madre comprobara que efectivamente era \u00e9l quien se encontraba ah\u00ed<\/strong>: \u00abMi madre cre\u00eda que no estaba dentro, <strong>le dio una paranoia<\/strong>. \u00bfT\u00fa te crees que van a incinerar eso y mi madre se va a quedar toda la vida pensando que el se\u00f1or no est\u00e1?\u00bb. Al narrar c\u00f3mo hab\u00eda sido la escena, la actriz pens\u00f3 que ser\u00eda buena idea recrearlo en una pel\u00edcula, pero en una familia no tan pudiente.\u00a0<\/p>\n<p class=\"txt\">\u00ab<strong>\u00bfCrees que hay una relaci\u00f3n directa entre esfuerzo y \u00e9xito, o el ascensor social est\u00e1 roto?<\/strong>\u00bb, le pregunt\u00f3 el jienense a Najwa. La int\u00e9rprete de 53 a\u00f1os se llev\u00f3 los aplausos del p\u00fablico con su respuesta:\u00a0\u00abYo tengo esperanza. Creo que el algoritmo siempre sale por la tangente. Es decir, creo que <strong>da igual d\u00f3nde metas la maquinaria<\/strong>, <strong>siempre hay alguien<\/strong> que no tiene nada, que tiene muchas m\u00e1s ganas y mucha m\u00e1s necesidad que<strong> acaba rompiendo la madre<\/strong>\u00bb.\u00a0<\/p>\n<blockquote class=\"twitter-video\">\n<p lang=\"es\" dir=\"ltr\">Najwa no se merece ese cero absoluto. Muy crudo lo de \u00abcero en todo\u00bb <a href=\"https:\/\/twitter.com\/hashtag\/LaRevuelta?src=hash&amp;ref_src=twsrc%5Etfw\" rel=\"nofollow noopener\" target=\"_blank\">#LaRevuelta<\/a> <a href=\"https:\/\/twitter.com\/Najwa_Nimri?ref_src=twsrc%5Etfw\" rel=\"nofollow noopener\" target=\"_blank\">@Najwa_Nimri<\/a> <a href=\"https:\/\/t.co\/wLxBFyUf33\" rel=\"nofollow\">pic.twitter.com\/wLxBFyUf33<\/a><\/p>\n<p>\u2014 La Revuelta (@LaRevuelta_TVE) <a href=\"https:\/\/twitter.com\/LaRevuelta_TVE\/status\/1983293195908985036?ref_src=twsrc%5Etfw\" rel=\"nofollow noopener\" target=\"_blank\">October 28, 2025<\/a><\/p><\/blockquote>\n<p class=\"txt\">Ante las preguntas cl\u00e1sicas, la actriz de Pamplona asegur\u00f3 que su respuesta era cero para todo. El presentador de RTVE le pregunt\u00f3 si hab\u00eda perdido dinero y Najwa dijo:\u00a0\u00abTodo. <strong>Estoy a menos doce millones y medio en dinero, y de follar, como est\u00e1 fuera, cero tambi\u00e9n<\/strong>\u00bb. La entrevistada no entr\u00f3 en detalles, aunque s\u00ed mencion\u00f3 que se refer\u00eda a <strong>deudas con\u00a0instituciones<\/strong>,\u00a0y\u00a0Broncano intent\u00f3 que contara un poco m\u00e1s:\u00a0\u00abNo digas cosas as\u00ed si despu\u00e9s no vas a contar nada\u00bb.\u00a0<\/p>\n<p class=\"txt\">Por \u00faltimo,\u00a0despu\u00e9s de mencionar su deuda financiera, los colaboradores mostraron <a class=\"link-txt\" href=\"https:\/\/www.lavozdegalicia.es\/noticia\/espana\/2025\/10\/29\/abalos-alega-ante-supremo-procede-generacion-digital-consumo-compulsivo-folios-negar-mordidas\/00031761731653645414410.htm\" rel=\"nofollow noopener\" target=\"_blank\">una imagen de <\/a><strong><a class=\"link-txt\" href=\"https:\/\/www.lavozdegalicia.es\/noticia\/espana\/2025\/10\/29\/abalos-alega-ante-supremo-procede-generacion-digital-consumo-compulsivo-folios-negar-mordidas\/00031761731653645414410.htm\" rel=\"nofollow noopener\" target=\"_blank\">Jos\u00e9 Luis \u00c1balos<\/a>, a quien Najwa no conoc\u00eda<\/strong>. La actriz hizo algunos comentarios sobre el exministro que causaron las risas del p\u00fablico:\u00a0\u00abMira la cara que tiene, se puede hacer un personaje de principio a fin. <strong>Mira esa sonrisilla, de ese no te f\u00edas. Qu\u00e9 miedo colega, una cara de Gollum<\/strong>\u00bb.\u00a0<\/p>\n<p>&#13;<br \/>\n\tArchivado en:&#13;<br \/>\n\t\t\t\t\t<a href=\"https:\/\/www.lavozdegalicia.es\/temas\/la-revuelta\/\" target=\"_blank\" class=\"mg-l\" rel=\"nofollow noopener\">La Revuelta<\/a>&#13;<br \/>\n\t&#13;<\/p>\n<p>\t\t\t\t<script async src=\"https:\/\/platform.twitter.com\/widgets.js\" charset=\"utf-8\"><\/script><\/p>\n","protected":false},"excerpt":{"rendered":"Captura de la entrevista de Najwa Nimri en el programa de David Broncano La Revuelta, YouTube, 2025 La&hellip;\n","protected":false},"author":2,"featured_media":207510,"comment_status":"","ping_status":"","sticky":false,"template":"","format":"standard","meta":{"footnotes":""},"categories":[91],"tags":[146,147,25,24,29956,23],"class_list":{"0":"post-207509","1":"post","2":"type-post","3":"status-publish","4":"format-standard","5":"has-post-thumbnail","7":"category-entretenimiento","8":"tag-entertainment","9":"tag-entretenimiento","10":"tag-es","11":"tag-espana","12":"tag-la-revuelta","13":"tag-spain"},"share_on_mastodon":{"url":"https:\/\/pubeurope.com\/@es\/115458308151966328","error":""},"_links":{"self":[{"href":"https:\/\/www.europesays.com\/es\/wp-json\/wp\/v2\/posts\/207509","targetHints":{"allow":["GET"]}}],"collection":[{"href":"https:\/\/www.europesays.com\/es\/wp-json\/wp\/v2\/posts"}],"about":[{"href":"https:\/\/www.europesays.com\/es\/wp-json\/wp\/v2\/types\/post"}],"author":[{"embeddable":true,"href":"https:\/\/www.europesays.com\/es\/wp-json\/wp\/v2\/users\/2"}],"replies":[{"embeddable":true,"href":"https:\/\/www.europesays.com\/es\/wp-json\/wp\/v2\/comments?post=207509"}],"version-history":[{"count":0,"href":"https:\/\/www.europesays.com\/es\/wp-json\/wp\/v2\/posts\/207509\/revisions"}],"wp:featuredmedia":[{"embeddable":true,"href":"https:\/\/www.europesays.com\/es\/wp-json\/wp\/v2\/media\/207510"}],"wp:attachment":[{"href":"https:\/\/www.europesays.com\/es\/wp-json\/wp\/v2\/media?parent=207509"}],"wp:term":[{"taxonomy":"category","embeddable":true,"href":"https:\/\/www.europesays.com\/es\/wp-json\/wp\/v2\/categories?post=207509"},{"taxonomy":"post_tag","embeddable":true,"href":"https:\/\/www.europesays.com\/es\/wp-json\/wp\/v2\/tags?post=207509"}],"curies":[{"name":"wp","href":"https:\/\/api.w.org\/{rel}","templated":true}]}}