{"id":207513,"date":"2025-10-29T16:06:10","date_gmt":"2025-10-29T16:06:10","guid":{"rendered":"https:\/\/www.europesays.com\/es\/207513\/"},"modified":"2025-10-29T16:06:10","modified_gmt":"2025-10-29T16:06:10","slug":"el-corte-ingles-nombra-a-santiago-bau-nuevo-director-general","status":"publish","type":"post","link":"https:\/\/www.europesays.com\/es\/207513\/","title":{"rendered":"El Corte Ingl\u00e9s nombra a Santiago Bau nuevo director general"},"content":{"rendered":"<p>        <img decoding=\"async\" id=\"\" src=\"https:\/\/www.europesays.com\/es\/wp-content\/uploads\/2025\/10\/1761753970_89_vermultimedia.ashx\" class=\"imgNew\" title=\"Santiago Bau, director general de El Corte Ingl\u00e9s\" alt=\"Santiago Bau, director general de El Corte Ingl\u00e9s\" itemprop=\"image\" \/><\/p>\n<p>            &#13;<br \/>\n                Santiago Bau\u00a0|\u00a0&#13;<br \/>\n                Redes Sociales&#13;<\/p>\n<p>infoRETAIL.- El Corte Ingl\u00e9s ha anunciado la remodelaci\u00f3n, con efecto inmediato, de la primera l\u00ednea ejecutiva de la compa\u00f1\u00eda, con la salida de su CEO, Gast\u00f3n Bottazzini, y el nombramiento de Santiago Bau (en la imagen) como nuevo director general, con responsabilidades directas sobre todos los negocios del grupo, adem\u00e1s del \u00e1rea corporativa y financiera.<\/p>\n<p>\u00abTras un periodo de reflexi\u00f3n por ambas partes, Gast\u00f3n Bottazzini deja la compa\u00f1\u00eda de mutuo acuerdo\u00bb, ha confirmado El Corte Ingl\u00e9s en un comunicado, donde se\u00f1ala que la presidenta del grupo, Marta \u00c1lvarez, y el consejo de administraci\u00f3n \u00abhan agradecido su profesionalidad, as\u00ed como su labor y dedicaci\u00f3n\u00bb a la entidad.<\/p>\n<p>Tras una larga carrera en el banco de inversi\u00f3n Goldman Sachs, Santiago Bau <a href=\"https:\/\/www.revistainforetail.com\/noticiadet\/giro-drastico-en-la-gestion-de-el-corte-ingles\/1262135a97f13b347e7be65dd2d34e4a\" target=\"_blank\" rel=\"noopener nofollow\">se incorpor\u00f3 a El Corte Ingl\u00e9s en marzo de 2022 como director general corporativo<\/a> para liderar una direcci\u00f3n general bic\u00e9fala junto a Jos\u00e9 Mar\u00eda Folache. Bau es licenciado en Derecho y Administraci\u00f3n y Direcci\u00f3n de Empresas por Icade, licenciado en Ciencias Pol\u00edticas y Sociolog\u00eda por la UNED, y MBA por la Universidad de Harvard.\u00a0<\/p>\n<p>El Corte Ingl\u00e9s nombra a Santiago Bau y a Rafael D\u00edaz Yeregui nuevos director general y secretario general de la compa\u00f1\u00eda, respectivamente, y reportar\u00e1n a la comisi\u00f3n de seguimiento, presidida por Marta \u00c1lvarez<\/p>\n<p>Otro de los cambios anunciados hoy es que el vicesecretario del consejo de administraci\u00f3n del grupo, Rafael D\u00edaz Yeregui, se convertir\u00e1 en el nuevo secretario general de El Corte Ingl\u00e9s, con rango de director general y asumir\u00e1 las direcciones de asesor\u00eda jur\u00eddica, sostenibilidad y recursos humanos.<\/p>\n<p>Rafael D\u00edaz Yeregui se incorpor\u00f3 a El Corte Ingl\u00e9s en 2021 como director jur\u00eddico corporativo, y desde 2022 es vicesecretario general. Con anterioridad desempe\u00f1\u00f3 distintas responsabilidades como asesor jur\u00eddico de banca de inversi\u00f3n en Barclays y posteriormente como socio en P\u00e9rez-Llorca. Es licenciado en Administraci\u00f3n y Direcci\u00f3n de Empresas y Derecho por la Universidad Aut\u00f3noma de Madrid.<\/p>\n<p>Tanto Bau como D\u00edaz Yeregui reportar\u00e1n a la comisi\u00f3n de seguimiento del consejo de administraci\u00f3n, presidida por Marta \u00c1lvarez, e integrada por Cristina \u00c1lvarez y Jos\u00e9 Ram\u00f3n de Hoces como vocales.<\/p>\n<p>Adem\u00e1s, el consejo ha nombrado a \u00c1lvaro Parr\u00f3n como director del \u00e1rea de Real Estate, en sustituci\u00f3n de Javier Catena, que tambi\u00e9n deja la compa\u00f1\u00eda.\u00a0<\/p>\n<p>15 meses como CEO<br \/>La salida de Bottazzini se produce apenas 15 meses despu\u00e9s de su nombramiento. El exCEO de la compa\u00f1\u00eda de distribuci\u00f3n latinoamericana Falabella\u00a0se incorpor\u00f3 al retailer espa\u00f1ol a principios de 2024, como consejero y asesor del grupo. En concreto, el directivo bonaerense ejerci\u00f3 como <a href=\"https:\/\/www.revistainforetail.com\/noticiadet\/el-corte-ingles-ficha-a-gaston-bottazzini-como-asesor-de-marta-alvarez\/64fce3767dbc23e3c009c5d983ae2774\" target=\"_blank\" rel=\"noopener nofollow\">asesor personal de la presidenta del grupo, Marta \u00c1lvarez<\/a>, y de la comisi\u00f3n delegada, con el objetivo de ayudar en la transformaci\u00f3n del grupo a sus por aquel entonces dos directores generales Jos\u00e9 Mar\u00eda Folache y Santiago Bau.<\/p>\n<p>Apenas unos meses despu\u00e9s, la junta de accionistas de El Corte Ingl\u00e9s celebrada a finales de julio de ese a\u00f1o aprob\u00f3 <a href=\"https:\/\/www.revistainforetail.com\/noticiadet\/gaston-bottazzini-nuevo-ceo-de-el-corte-ingles\/29bca008478260ccb1f1c3855184887f\" target=\"_blank\" rel=\"noopener nofollow\">su nombramiento como nuevo consejero delegado de la compa\u00f1\u00eda<\/a>, reportando a la comisi\u00f3n ejecutiva delegada, presidida por Marta \u00c1lvarez e integrada por Jos\u00e9 Ram\u00f3n de Hoces y Javier Rodr\u00edguez-Arias, y al resto del consejo de administraci\u00f3n. Gast\u00f3n Bottazzini es \u201cun refuerzo clave para nuestro crecimiento y para abordar el Plan Estrat\u00e9gico que lo impulsar\u00e1\u201d, afirmaba entonces la presidenta de El Corte Ingl\u00e9s, Marta \u00c1lvarez.<\/p>\n<p>\u00abTras un periodo de reflexi\u00f3n por ambas partes, Gast\u00f3n Bottazzini deja la compa\u00f1\u00eda de mutuo acuerdo\u00bb, ha confirmado El Corte Ingl\u00e9s<\/p>\n<p>El siguiente cap\u00edtulo en este proceso de cambios directivos en el grupo se produjo tres meses despu\u00e9s de este nombramiento, cuando <a href=\"https:\/\/www.revistainforetail.com\/noticiadet\/el-corte-ingles-destituye-a-su-director-general-jose-maria-folache\/99f0e1faa3428d5a29fa50bad0b86192\" target=\"_blank\" rel=\"noopener nofollow\">la compa\u00f1\u00eda decidi\u00f3 destituir a su director general, Jos\u00e9 Mar\u00eda Folache<\/a>.<\/p>\n<p>Finalmente, en la primavera de 2025, <a href=\"https:\/\/www.revistainforetail.com\/noticiadet\/el-corte-ingles-redisena-su-estructura-organizativa\/cb02d1a805f6fe8d3267801033af2b2e\" target=\"_blank\" rel=\"noopener nofollow\">El Corte Ingl\u00e9s elimin\u00f3 la comisi\u00f3n ejecutiva delegada<\/a>, \u00f3rgano de decisi\u00f3n al que reportaba Bottazzini, creado tres a\u00f1os atr\u00e1s despu\u00e9s de la salida de su antiguo consejero delegado, V\u00edctor del Pozo. Estaba integrada por Marta \u00c1lvarez, y por los consejeros Jos\u00e9 Ram\u00f3n de Hoces y Javier Rodr\u00edguez-Arias Ambrosini.<\/p>\n<p>Todo este proceso ha culminado hoy con la destituci\u00f3n de Gast\u00f3n Bottazzini, que se produce a las puertas de una de las principales campa\u00f1as para el sector, con el Black Friday y Navidad. Pese a estos cambios en la c\u00fapula directiva del grupo, los resultados financieros no se han resentido. En su \u00faltimo ejercicio fiscal (cerrado el pasado mes de febrero), <a href=\"https:\/\/www.revistainforetail.com\/noticiadet\/el-corte-ingles-incrementa-sus-ingresos-un-2\/2536f101b1915a9e3de9f01390ea0394\" target=\"_blank\" rel=\"noopener nofollow\">El Corte Ingl\u00e9s factur\u00f3 16.675 millones de euros<\/a>, un 2% m\u00e1s que el a\u00f1o anterior (+4,3% a superficie comparable), con un beneficio neto de 512 millones, lo que supone una mejora del 6,7% interanual.<\/p>\n<p>\u00a0<\/p>\n","protected":false},"excerpt":{"rendered":"&#13; Santiago Bau\u00a0|\u00a0&#13; Redes Sociales&#13; infoRETAIL.- El Corte Ingl\u00e9s ha anunciado la remodelaci\u00f3n, con efecto inmediato, de la&hellip;\n","protected":false},"author":2,"featured_media":207514,"comment_status":"","ping_status":"","sticky":false,"template":"","format":"standard","meta":{"footnotes":""},"categories":[80],"tags":[26344,26345,82,9371,26342,3213,95,94,1180,25,24,25339,26346,2893,26340,1667,1239,3013,10,26341,8462,26343,4223,7659,1738,23],"class_list":{"0":"post-207513","1":"post","2":"type-post","3":"status-publish","4":"format-standard","5":"has-post-thumbnail","7":"category-economia","8":"tag-aceite","9":"tag-aceituna","10":"tag-business","11":"tag-consumer","12":"tag-consumidor","13":"tag-consumo","14":"tag-economia","15":"tag-economy","16":"tag-editorial","17":"tag-es","18":"tag-espana","19":"tag-grandes-superficies","20":"tag-grasas-vegetales","21":"tag-industria","22":"tag-inforetail","23":"tag-informacion","24":"tag-mercado","25":"tag-mundo","26":"tag-noticias","27":"tag-olimerca","28":"tag-oliva","29":"tag-olivar","30":"tag-productos","31":"tag-retail","32":"tag-revista","33":"tag-spain"},"share_on_mastodon":{"url":"https:\/\/pubeurope.com\/@es\/115458315689914049","error":""},"_links":{"self":[{"href":"https:\/\/www.europesays.com\/es\/wp-json\/wp\/v2\/posts\/207513","targetHints":{"allow":["GET"]}}],"collection":[{"href":"https:\/\/www.europesays.com\/es\/wp-json\/wp\/v2\/posts"}],"about":[{"href":"https:\/\/www.europesays.com\/es\/wp-json\/wp\/v2\/types\/post"}],"author":[{"embeddable":true,"href":"https:\/\/www.europesays.com\/es\/wp-json\/wp\/v2\/users\/2"}],"replies":[{"embeddable":true,"href":"https:\/\/www.europesays.com\/es\/wp-json\/wp\/v2\/comments?post=207513"}],"version-history":[{"count":0,"href":"https:\/\/www.europesays.com\/es\/wp-json\/wp\/v2\/posts\/207513\/revisions"}],"wp:featuredmedia":[{"embeddable":true,"href":"https:\/\/www.europesays.com\/es\/wp-json\/wp\/v2\/media\/207514"}],"wp:attachment":[{"href":"https:\/\/www.europesays.com\/es\/wp-json\/wp\/v2\/media?parent=207513"}],"wp:term":[{"taxonomy":"category","embeddable":true,"href":"https:\/\/www.europesays.com\/es\/wp-json\/wp\/v2\/categories?post=207513"},{"taxonomy":"post_tag","embeddable":true,"href":"https:\/\/www.europesays.com\/es\/wp-json\/wp\/v2\/tags?post=207513"}],"curies":[{"name":"wp","href":"https:\/\/api.w.org\/{rel}","templated":true}]}}