{"id":207517,"date":"2025-10-29T16:08:11","date_gmt":"2025-10-29T16:08:11","guid":{"rendered":"https:\/\/www.europesays.com\/es\/207517\/"},"modified":"2025-10-29T16:08:11","modified_gmt":"2025-10-29T16:08:11","slug":"donde-ver-en-television-y-online-el-funeral-de-estado-de-la-dana-en-valencia-hoy-y-a-que-hora-es-el-homenaje-a-las-victimas-en-valencia","status":"publish","type":"post","link":"https:\/\/www.europesays.com\/es\/207517\/","title":{"rendered":"D\u00f3nde ver en televisi\u00f3n y online el Funeral de Estado de la dana en Valencia hoy y a qu\u00e9 hora es el homenaje a las v\u00edctimas en Valencia"},"content":{"rendered":"<p style=\"\">Este <strong>mi\u00e9rcoles 29 de octubre<\/strong> se cumple <strong>un a\u00f1o de la tragedia de la dana<\/strong> que <strong>se cobr\u00f3 la vida de 237 personas, 229 de ellas en la Comunidad Valenciana<\/strong>. El d\u00eda que se se\u00f1ala el primer aniversario se celebra en Valencia  &#8230; un homenaje en recuerdo a las v\u00edctimas.<\/p>\n<p class=\"voc-p\" style=\"\">Ser\u00e1 un acto solemne, <strong>presidido por SS.MM. los Reyes<\/strong>, que estar\u00e1n acompa\u00f1ados por el presidente del Gobierno, otras autoridades del Estado y una amplia representaci\u00f3n de los familiares de las v\u00edctimas mortales.<\/p>\n<p>\nA qu\u00e9 hora es el Funeral de Estado por las v\u00edctimas de la dana\n<\/p>\n<p class=\"voc-p\" style=\"\">El acto tendr\u00e1 <strong>comienzo a las 18:00 horas<\/strong>, en el <strong>Museo de las Ciencias Pr\u00edncipe Felipe<\/strong>, en la Ciudad de las Artes y de las Ciencias, en Valencia. Su <strong>duraci\u00f3n estimada<\/strong> es de unos <strong>45 minutos<\/strong>.<\/p>\n<p class=\"voc-p\" style=\"\">La llegada de los Reyes Felipe VI y Letizia se producir\u00e1 en torno a las 17:45 horas, aunque el acto iniciar\u00e1 quince minutos m\u00e1s tarde con la <strong>interpretaci\u00f3n del himno de Espa\u00f1a<\/strong>.<\/p>\n<p class=\"voc-p\" style=\"\">El acto incluir\u00e1 la <strong>lectura de los nombres de las v\u00edctimas<\/strong> de la dana, as\u00ed como la intervenci\u00f3n de tres familiares de v\u00edctimas mortales o un minuto de silencio.<\/p>\n<p>\nD\u00f3nde ver en televisi\u00f3n y online el Funeral de Estado de la dana en Valencia hoy\n<\/p>\n<p class=\"voc-p\" style=\"\">El Funeral de Estado en memoria de las v\u00edctimas de la dana se podr\u00e1 ver en directo en televisi\u00f3n a trav\u00e9s de <strong>La 1 de TVE<\/strong> y en el <strong>Canal 24 Horas<\/strong>. Adem\u00e1s, tambi\u00e9n se podr\u00e1 consultar de manera online a trav\u00e9s de Radio 5, Radio Exterior y de la plataforma de streaming RTVE Play.<\/p>\n<p class=\"voc-p\" style=\"\">Asimismo, <a href=\"https:\/\/www.abc.es\/\" data-voc-vtm-id=\"in-text-traffic\" title=\"ABC.es\" data-mrf-link=\"www.abc.es\" rel=\"nofollow noopener\" target=\"_blank\">ABC.es<\/a> realizar\u00e1 una cobertura especial y completa del homenaje de Estado. Los lectores podr\u00e1n encontrar durante este mi\u00e9rcoles toda la \u00faltima hora en relaci\u00f3n a este acto, adem\u00e1s del directo del mismo y las mejores im\u00e1genes.<\/p>\n","protected":false},"excerpt":{"rendered":"Este mi\u00e9rcoles 29 de octubre se cumple un a\u00f1o de la tragedia de la dana que se cobr\u00f3&hellip;\n","protected":false},"author":2,"featured_media":207518,"comment_status":"","ping_status":"","sticky":false,"template":"","format":"standard","meta":{"footnotes":""},"categories":[8],"tags":[17,18,1681,25,24,693,13,14,9589,11,6552,1458,315,19,20,9,10,15,16,133,23,807,12,21,22,235,809,431],"class_list":{"0":"post-207517","1":"post","2":"type-post","3":"status-publish","4":"format-standard","5":"has-post-thumbnail","7":"category-espana","8":"tag-breaking-news","9":"tag-breakingnews","10":"tag-dana","11":"tag-es","12":"tag-espana","13":"tag-estado","14":"tag-featured-news","15":"tag-featurednews","16":"tag-funeral","17":"tag-headlines","18":"tag-homenaje","19":"tag-hora","20":"tag-hoy","21":"tag-latest-news","22":"tag-latestnews","23":"tag-news","24":"tag-noticias","25":"tag-noticias-destacadas","26":"tag-noticiasdestacadas","27":"tag-online","28":"tag-spain","29":"tag-television","30":"tag-titulares","31":"tag-ultimas-noticias","32":"tag-ultimasnoticias","33":"tag-valencia","34":"tag-ver","35":"tag-victimas"},"share_on_mastodon":{"url":"https:\/\/pubeurope.com\/@es\/115458323568300858","error":""},"_links":{"self":[{"href":"https:\/\/www.europesays.com\/es\/wp-json\/wp\/v2\/posts\/207517","targetHints":{"allow":["GET"]}}],"collection":[{"href":"https:\/\/www.europesays.com\/es\/wp-json\/wp\/v2\/posts"}],"about":[{"href":"https:\/\/www.europesays.com\/es\/wp-json\/wp\/v2\/types\/post"}],"author":[{"embeddable":true,"href":"https:\/\/www.europesays.com\/es\/wp-json\/wp\/v2\/users\/2"}],"replies":[{"embeddable":true,"href":"https:\/\/www.europesays.com\/es\/wp-json\/wp\/v2\/comments?post=207517"}],"version-history":[{"count":0,"href":"https:\/\/www.europesays.com\/es\/wp-json\/wp\/v2\/posts\/207517\/revisions"}],"wp:featuredmedia":[{"embeddable":true,"href":"https:\/\/www.europesays.com\/es\/wp-json\/wp\/v2\/media\/207518"}],"wp:attachment":[{"href":"https:\/\/www.europesays.com\/es\/wp-json\/wp\/v2\/media?parent=207517"}],"wp:term":[{"taxonomy":"category","embeddable":true,"href":"https:\/\/www.europesays.com\/es\/wp-json\/wp\/v2\/categories?post=207517"},{"taxonomy":"post_tag","embeddable":true,"href":"https:\/\/www.europesays.com\/es\/wp-json\/wp\/v2\/tags?post=207517"}],"curies":[{"name":"wp","href":"https:\/\/api.w.org\/{rel}","templated":true}]}}