{"id":207538,"date":"2025-10-29T16:27:10","date_gmt":"2025-10-29T16:27:10","guid":{"rendered":"https:\/\/www.europesays.com\/es\/207538\/"},"modified":"2025-10-29T16:27:10","modified_gmt":"2025-10-29T16:27:10","slug":"la-nicaraguense-patricia-belli-gana-el-premio-velazquez-de-artes-plasticas-2025-cultura","status":"publish","type":"post","link":"https:\/\/www.europesays.com\/es\/207538\/","title":{"rendered":"La nicarag\u00fcense Patricia Belli gana el premio Vel\u00e1zquez de Artes Pl\u00e1sticas 2025 | Cultura"},"content":{"rendered":"<p class=\"\">La artista pl\u00e1stica nicarag\u00fcense <a href=\"https:\/\/elpais.com\/cultura\/2017\/05\/29\/babelia\/1496056959_054295.html\" target=\"_self\" rel=\"nofollow noopener\" title=\"https:\/\/elpais.com\/cultura\/2017\/05\/29\/babelia\/1496056959_054295.html\">Patricia Belli<\/a> (Managua, 60 a\u00f1os) ha sido galardonada con el Premio Vel\u00e1zquez, correspondiente al a\u00f1o 2025, a propuesta del jurado reunido hoy. Este galard\u00f3n est\u00e1 dotado con 100.000 euros.<\/p>\n<p>M\u00e1s informaci\u00f3n<\/p>\n<p class=\"\">El jurado ha destacado \u201cla repercusi\u00f3n de su obra en el contexto latinoamericano, espec\u00edficamente en Centroam\u00e9rica, y su compromiso con la educaci\u00f3n en un contexto de fragilidad\u201d.<\/p>\n<p class=\"\">Asimismo, considera que \u201csu trabajo sobre la memoria de cuerpos vulnerables, la cicatriz que deja el miedo y la verg\u00fcenza, as\u00ed como su activismo cultural, son referencia en diversas generaciones de artistas\u201c.<\/p>\n<p><img decoding=\"auto\" class=\"_re lazyload a_m-h\" height=\"265\"  width=\"414\"  src=\"https:\/\/www.europesays.com\/es\/wp-content\/uploads\/2025\/10\/53N34V4ADJCXJH2XWF4QEKBBFY.jpg\" loading=\"lazy\"\/>La obra &#8216;Suspensi\u00f3n&#8217;, de Patricia Belli. Jorge Torres (EFE)<\/p>\n<p class=\"\">Belli es prima de la poeta <a href=\"https:\/\/elpais.com\/noticias\/gioconda-belli\/\" target=\"_self\" rel=\"nofollow noopener\" title=\"https:\/\/elpais.com\/noticias\/gioconda-belli\/\">Gioconda Belli <\/a>y del pedagogo y ex ministro de Educaci\u00f3n nicarag\u00fcense, Humberto Belli. Sus recuerdos de primera infancia est\u00e1n marcados por la influencia creativa de sus padres: su padre pintando y tomando fotograf\u00edas; y madre haciendo ropa y otras labores artesanales, experimentando con sus manos. Tras graduarse en Artes Visuales en 1986 en Loyola University de Nueva Orleans (Louisiana) y en 1997 en Artes y Letras en la Universidad Centroamericana (UCA) de Managua, Belli obtuvo una Maestr\u00eda en Artes Visuales en escultura en el Instituto de Arte de San Francisco en 2001. \u201cSu trabajo involucra la sensorialidad del p\u00fablico para proponer reflexiones vinculadas a la subjetividad, el trauma, el desequilibrio y los mecanismos de poder\u201d, apunta la nota del Ministerio de Cultura tras la concesi\u00f3n de su premio. \u201cLa uni\u00f3n de los opuestos es un eje transversal en su obra, en la que reflexiona sobre asuntos como opresor-oprimido, placer-dolor y naturaleza-civilizacio\u0301n. Por otro lado, presta especial atenci\u00f3n al inconsciente colectivo, del que obtiene referencias simb\u00f3licas\u00bb.<\/p>\n<p class=\"\">La nicarag\u00fcense particip\u00f3 en Mes\u00f3tica II (1996-1997), Pol\u00edticas de la diferencia (2001-2002) y Estrecho dudoso (2006), tres exposiciones de relevancia hist\u00f3rica para el proceso de visibilizaci\u00f3n del arte centroamericano en esos a\u00f1os. Tambi\u00e9n fue invitada a las Bienales de La Habana (1989 y 2000), Centroam\u00e9rica y el Caribe (Domingo Santo, 1994 y 2001), Lima (1997), Cuenca (2011), Irlanda (2018), Berl\u00edn (2018) y FEMSA, M\u00e9xico (2020-21) y a la 58\u00aa Carnegie International (2022), as\u00ed como a diversas ediciones de la Bienal Nicarag\u00fcense y la Centroamericana. Una exposici\u00f3n antol\u00f3gica de su obra recorri\u00f3 San Jos\u00e9, Managua y Ciudad de Guatemala entre 2016 y 2017.<\/p>\n<p class=\"\">En 2001 <a href=\"https:\/\/elpais.com\/cultura\/2014\/02\/21\/actualidad\/1393012942_434397.html1496056959_054295.html\" target=\"_self\" rel=\"nofollow noopener\" title=\"https:\/\/elpais.com\/cultura\/2014\/02\/21\/actualidad\/1393012942_434397.html1496056959_054295.html\">Belli fund\u00f3 EspIRA,<\/a> una organizaci\u00f3n para la formaci\u00f3n sensible y cr\u00edtica de los artistas, que influy\u00f3 profundamente en el devenir del arte centroamericano durante 20 a\u00f1os. En 2022 se traslad\u00f3 a Alemania con la beca Artistas en Berl\u00edn del DAAD.<\/p>\n<p class=\"\">En las \u00faltimas ediciones, los ganadores del premio Vel\u00e1zquez de Artes Pl\u00e1sticas han sido<a href=\"https:\/\/elpais.com\/cultura\/2024-10-17\/francesc-torres-premio-velazquez-de-artes-plasticas-2024.html\" target=\"_self\" rel=\"nofollow noopener\" title=\"https:\/\/elpais.com\/cultura\/2024-10-17\/francesc-torres-premio-velazquez-de-artes-plasticas-2024.html\"> Francesc Torres<\/a> (2024), <a href=\"https:\/\/elpais.com\/cultura\/2023-10-24\/marisa-gonzalez-precursora-del-arte-tecnologico-gana-el-premio-velazquez-2023.html\" target=\"_self\" rel=\"nofollow noopener\" title=\"https:\/\/elpais.com\/cultura\/2023-10-24\/marisa-gonzalez-precursora-del-arte-tecnologico-gana-el-premio-velazquez-2023.html\">Marisa Gonz\u00e1lez<\/a> (2023), la argentina <a href=\"https:\/\/elpais.com\/cultura\/2022-10-21\/la-artista-argentina-elda-cerrato-recibe-el-premio-velazquez-de-artes-plasticas-2022.html\" target=\"_self\" rel=\"nofollow noopener\" title=\"https:\/\/elpais.com\/cultura\/2022-10-21\/la-artista-argentina-elda-cerrato-recibe-el-premio-velazquez-de-artes-plasticas-2022.html\">Elda Cerrato<\/a> (2022), la cubana T<a href=\"https:\/\/elpais.com\/babelia\/2021-12-18\/tania-bruguera-mi-arte-es-para-el-presente.html\" target=\"_self\" rel=\"nofollow noopener\" title=\"https:\/\/elpais.com\/babelia\/2021-12-18\/tania-bruguera-mi-arte-es-para-el-presente.html\">ania Bruguera<\/a> (2021) y <a href=\"https:\/\/elpais.com\/cultura\/2020-11-23\/soledad-sevilla-premio-velazquez-de-artes-plasticas-2020.html\" target=\"_self\" rel=\"nofollow noopener\" title=\"https:\/\/elpais.com\/cultura\/2020-11-23\/soledad-sevilla-premio-velazquez-de-artes-plasticas-2020.html\">Soledad Sevilla <\/a>(2020).<\/p>\n","protected":false},"excerpt":{"rendered":"La artista pl\u00e1stica nicarag\u00fcense Patricia Belli (Managua, 60 a\u00f1os) ha sido galardonada con el Premio Vel\u00e1zquez, correspondiente al&hellip;\n","protected":false},"author":2,"featured_media":207539,"comment_status":"","ping_status":"","sticky":false,"template":"","format":"standard","meta":{"footnotes":""},"categories":[91],"tags":[229,36498,505,209,146,147,25,24,56507,56506,49104,23],"class_list":{"0":"post-207538","1":"post","2":"type-post","3":"status-publish","4":"format-standard","5":"has-post-thumbnail","7":"category-entretenimiento","8":"tag-arte","9":"tag-artes-plasticas","10":"tag-artistas","11":"tag-cultura","12":"tag-entertainment","13":"tag-entretenimiento","14":"tag-es","15":"tag-espana","16":"tag-gioconda-belli","17":"tag-premio-velazquez","18":"tag-premios-nacionales-cultura","19":"tag-spain"},"share_on_mastodon":{"url":"https:\/\/pubeurope.com\/@es\/115458398552697937","error":""},"_links":{"self":[{"href":"https:\/\/www.europesays.com\/es\/wp-json\/wp\/v2\/posts\/207538","targetHints":{"allow":["GET"]}}],"collection":[{"href":"https:\/\/www.europesays.com\/es\/wp-json\/wp\/v2\/posts"}],"about":[{"href":"https:\/\/www.europesays.com\/es\/wp-json\/wp\/v2\/types\/post"}],"author":[{"embeddable":true,"href":"https:\/\/www.europesays.com\/es\/wp-json\/wp\/v2\/users\/2"}],"replies":[{"embeddable":true,"href":"https:\/\/www.europesays.com\/es\/wp-json\/wp\/v2\/comments?post=207538"}],"version-history":[{"count":0,"href":"https:\/\/www.europesays.com\/es\/wp-json\/wp\/v2\/posts\/207538\/revisions"}],"wp:featuredmedia":[{"embeddable":true,"href":"https:\/\/www.europesays.com\/es\/wp-json\/wp\/v2\/media\/207539"}],"wp:attachment":[{"href":"https:\/\/www.europesays.com\/es\/wp-json\/wp\/v2\/media?parent=207538"}],"wp:term":[{"taxonomy":"category","embeddable":true,"href":"https:\/\/www.europesays.com\/es\/wp-json\/wp\/v2\/categories?post=207538"},{"taxonomy":"post_tag","embeddable":true,"href":"https:\/\/www.europesays.com\/es\/wp-json\/wp\/v2\/tags?post=207538"}],"curies":[{"name":"wp","href":"https:\/\/api.w.org\/{rel}","templated":true}]}}