{"id":207562,"date":"2025-10-29T16:46:12","date_gmt":"2025-10-29T16:46:12","guid":{"rendered":"https:\/\/www.europesays.com\/es\/207562\/"},"modified":"2025-10-29T16:46:12","modified_gmt":"2025-10-29T16:46:12","slug":"moonspell-grabaran-en-diciembre-su-nuevo-disco-gira-europea-de-david-ellefson-video-de-femme-fatale","status":"publish","type":"post","link":"https:\/\/www.europesays.com\/es\/207562\/","title":{"rendered":"MOONSPELL grabar\u00e1n en diciembre su nuevo disco. Gira europea de David Ellefson. V\u00eddeo de FEMME FATALE."},"content":{"rendered":"<p>\u00a0<\/p>\n<p><strong><a href=\"#MOONSPELL\">MOONSPELL grabar\u00e1n en diciembre su nuevo disco<\/a> \u2013 <a href=\"#Ellefson\">Gira europea de David Ellefson<\/a> \u2013 <a href=\"#FEMME\">V\u00eddeo de FEMME FATALE<\/a>.<\/strong><\/p>\n<p>El cantante de <a href=\"https:\/\/www.moonspell.com\/\" target=\"_blank\" rel=\"noopener nofollow\"><strong>MOONSPELL<\/strong><\/a> Fernando Ribeiro ha hablado del <a href=\"https:\/\/www.rafabasa.com\/2025\/07\/07\/scorpions-moonspell-victory-liantes-metaleros\/#MOONSPELL\" rel=\"nofollow noopener\" target=\"_blank\">nuevo \u00e1lbum<\/a> del grupo durante una entrevista con Denis Denisdriver.<\/p>\n<p><img fetchpriority=\"high\" decoding=\"async\" src=\"https:\/\/www.europesays.com\/es\/wp-content\/uploads\/2025\/10\/moonspell2025_11.jpg\" alt=\"MOONSPELL\" width=\"500\" height=\"267\"\/><\/p>\n<p>\u00abAhora estamos un poco cerrando el c\u00edrculo que iniciamos un poco antes de pandemia, que lo par\u00f3 todo. En aquel momento hicimos el disco \u201cHermitage\u201d, que sufri\u00f3 mucho porque no pudimos salir de gira. Todo lo que hemos hecho, sobre todo el concierto con la orquesta, la gira con DARK TRANQUILLITY y el aniversario \u201cWolfheart\u201d, fueron cosas para ir paso a paso hacia nuestra meta definitiva, que era saber si MOONSPELL podr\u00edan hacer m\u00fasica nueva interesante. \u00bfY c\u00f3mo ser\u00eda esa m\u00fasica? Nos ha llevado nuestro tiempo. Nuestro \u00faltimo disco es de 2021, van a pasar 5 a\u00f1os desde que sacamos m\u00fasica nueva, pero tambi\u00e9n tenemos que prepararnos y tenemos que preparar a nuestro p\u00fablico. Ya hemos compuesto el disco y vamos a grabarlo en diciembre para sacarlo el pr\u00f3ximo verano. Creo que en marzo ya podr\u00e1s ver el primer single y v\u00eddeo, el cual vamos a filmar en enero.<\/p>\n<p>Hemos hecho mucho y tenemos mucha experiencia musical y extensiones, y ahora sentimos que ten\u00edamos que hacer un disco muy cl\u00e1sico. Es un disco de metal g\u00f3tico, no s\u00e9 si es \u201cIrreligious Part II\u201d o lo que sea, no estamos pensando en esos t\u00e9rminos, pero son canciones bonitas, rom\u00e1nticas, melanc\u00f3licas, con grandes riffs, buenos solos, arm\u00f3sferas, letras sobre ficci\u00f3n y fantas\u00eda. Estamos muy contentos con la composici\u00f3n.\u201d<\/p>\n<p>Ten\u00e9is la charla completa a continuaci\u00f3n.<\/p>\n<p>Su pr\u00f3ximo directo con orquesta \u00abOpus Diabolicum\u00bb est\u00e1 dispuesto para el 31 de octubre a trav\u00e9s de Napalm Records.<\/p>\n<p>Todos los detalles en esta <a href=\"https:\/\/www.rafabasa.com\/2025\/08\/21\/moonspell-swallow-the-sun-carach-angren\/#MOONSPELL\" rel=\"nofollow noopener\" target=\"_blank\">noticia<\/a> y los adelantos aparecidos en <a href=\"https:\/\/www.rafabasa.com\/2025\/10\/28\/moonspell-soundgarden-masters-of-insanity\/#MOONSPELL\" rel=\"nofollow noopener\" target=\"_blank\">esta<\/a>.<\/p>\n<p><a href=\"https:\/\/www.moonspell.com\/\" target=\"_blank\" rel=\"noopener nofollow\"><strong>MOONSPELL<\/strong><\/a> editaron el 20 de abril de 2024 a trav\u00e9s del sello de su cantante <strong>Fernando Ribeiro<\/strong> Alma Mater Records, una <a href=\"https:\/\/www.rafabasa.com\/2024\/02\/21\/moonspell-freedom-call-vitalij-kuprij\/#MOONSPELL\" target=\"_blank\" rel=\"noopener nofollow\">caja recopilatoria<\/a> de sus primeros a\u00f1os titulada \u201cUnder The Moonspell\u201d.<\/p>\n<p>\u00a0<\/p>\n<p>\u00a0<\/p>\n<p>El exbajista de MEGADETH <a href=\"https:\/\/www.davidellefson.com\/\" target=\"_blank\" rel=\"noopener nofollow\"><strong>David Ellefson<\/strong><\/a> ha anunciado nuevas fechas europeas de su gira \u201cBass Warrior\u201d.<\/p>\n<p>Noviembre<\/p>\n<ul>\n<li>30 South Of Heaven \u2013 Bilzen, B\u00e9lgica<\/li>\n<\/ul>\n<p>Diciembre<\/p>\n<ul>\n<li>01 The Pitcher \u2013 D\u00fcsseldorf, Alemania<\/li>\n<li>03 Bluesiana \u2013 Velden, Austria<\/li>\n<li>04 Capital \u2013 Pordenone, Italia<\/li>\n<li>05 Music Factory \u2013 Cremona, Italia<\/li>\n<\/ul>\n<p>El bajista estar\u00e1 acompa\u00f1ado por el director musical y guitarrista italiano Andy Martongelli.<\/p>\n<p>El bajista sac\u00f3el 15 de agosto a trav\u00e9s de Rat Pak Records el segundo \u00e1lbum de su asociaci\u00f3n con Jeff Scott Soto, <a href=\"https:\/\/ratpakrecordsamerica.com\/ellefsonsoto\" target=\"_blank\" rel=\"noopener nofollow\"><strong>ELLEFSON\/SOTO<\/strong><\/a>, \u201cUnbreakable\u201d.<\/p>\n<p>Todos los detalles en esta <a href=\"https:\/\/www.rafabasa.com\/2025\/07\/11\/ronnie-james-dio-ellefson-soto-hammer-king\/#ELLEFSON\" rel=\"nofollow noopener\" target=\"_blank\">noticia<\/a> y su \u00faltimo v\u00eddeo en <a href=\"https:\/\/www.rafabasa.com\/2025\/07\/16\/bruce-dickinson-ellefson-soto-70000-tons-of-metal\/#ELLEFSON_SOTO\" rel=\"nofollow noopener\" target=\"_blank\">esta<\/a>.<\/p>\n<p><a href=\"https:\/\/www.davidellefson.com\/\" target=\"_blank\" rel=\"noopener nofollow\"><strong>Ellefson<\/strong><\/a> sac\u00f3 en octubre un <a href=\"https:\/\/www.rafabasa.com\/2024\/10\/31\/david-ellefson-ken-mary-cathy-rankin-diamond-head-house-of-lords\/#David_Ellefson_Ken_Mary_Cathy_Rankin\" rel=\"nofollow noopener\" target=\"_blank\">nuevo single<\/a>.<\/p>\n<p><a href=\"https:\/\/www.davidellefson.com\/\" target=\"_blank\" rel=\"noopener nofollow\"><strong>Ellefson<\/strong><\/a> est\u00e1 montando una <a href=\"https:\/\/www.rafabasa.com\/2023\/10\/02\/david-ellefson-jeff-young-kabrones-slowburn\/#David_Ellefson_Jeff_Young\" target=\"_blank\" rel=\"noopener nofollow\">nueva banda<\/a> junto a su antiguo compa\u00f1ero en MEGADETH <strong>Jeff Young<\/strong>.<\/p>\n<p>La actualidad de <strong>KINGS OF THRASH <\/strong>en esta <a href=\"https:\/\/www.rafabasa.com\/2023\/02\/27\/foreigner-tesla-kings-of-thrash\/#KINGS_OF_THRASH\" target=\"_blank\" rel=\"noopener nofollow\">noticia<\/a>.<\/p>\n<p>Su otra banda, <strong>DIETH<\/strong>, edit\u00f3 el 2 de junio a trav\u00e9s de Napalm Records su debut \u201cTo Hell And Back\u201d.<\/p>\n<p>M\u00e1s detalles en esta <a href=\"https:\/\/www.rafabasa.com\/2023\/03\/16\/saxon-dieth-sylosis\/#DIETH\" target=\"_blank\" rel=\"noopener nofollow\">noticia<\/a> y su \u00faltimo v\u00eddeo en <a href=\"https:\/\/www.rafabasa.com\/2024\/11\/06\/black-label-society-dieth-watchtower-powerrage\/#DIETH\" target=\"_blank\" rel=\"noopener nofollow\">esta<\/a>.<\/p>\n<p>\u00a0<\/p>\n<p>\u00a0<\/p>\n<p><strong>FEMME FATALE<\/strong> han sacado un nuevo single y v\u00eddeo titulado \u201cBad Love\u201d. El v\u00eddeo ha sido dirigido por Vicente Cordero.<\/p>\n<p>El tema ha sido compuesto por la cantante <a href=\"https:\/\/www.facebook.com\/lorraine.lewis.5477\" target=\"_blank\" rel=\"noopener nofollow\"><strong>Lorraine Lewis<\/strong><\/a> \u00a0junto al guitarrista de TRIXTER Steve Brown y David Julian.<\/p>\n<p>Brown ha grabado la guitarra y ha producido el tema, que ha sido mezclado por Bruno Ravel.<\/p>\n<p>La bater\u00eda ha sido grabada por Joey Cassata, el bajo ha corrido a cargo de Sean McNabb y Ron \u201cBumblefoot\u201d Thal participa como invitado en el solo de guitarra.<\/p>\n<p>Su anterior single en esta <a href=\"https:\/\/www.rafabasa.com\/2025\/06\/20\/motley-crue-nurcry-femme-fatale\/#FEMME_FATALE\" rel=\"nofollow noopener\" target=\"_blank\">noticia<\/a>.<\/p>\n<p align=\"center\"><strong>Sigue el\u00a0<a href=\"https:\/\/whatsapp.com\/channel\/0029VaCprxVBA1f555USvT2O\" target=\"_blank\" rel=\"nofollow noopener\">Canal de RAFABASA.COM en WhatsApp<\/a>, donde encontrar\u00e1s todas nuestras novedades al instante<\/strong><\/p>\n<p>\u00a0<\/p>\n","protected":false},"excerpt":{"rendered":"\u00a0 MOONSPELL grabar\u00e1n en diciembre su nuevo disco \u2013 Gira europea de David Ellefson \u2013 V\u00eddeo de FEMME&hellip;\n","protected":false},"author":2,"featured_media":207563,"comment_status":"","ping_status":"","sticky":false,"template":"","format":"standard","meta":{"footnotes":""},"categories":[170],"tags":[29080,146,147,25,24,56512,42835,184,185,23],"class_list":{"0":"post-207562","1":"post","2":"type-post","3":"status-publish","4":"format-standard","5":"has-post-thumbnail","7":"category-musica","8":"tag-david-ellefson","9":"tag-entertainment","10":"tag-entretenimiento","11":"tag-es","12":"tag-espana","13":"tag-femme-fatale","14":"tag-moonspell","15":"tag-music","16":"tag-musica","17":"tag-spain"},"share_on_mastodon":{"url":"https:\/\/pubeurope.com\/@es\/115458473237772510","error":""},"_links":{"self":[{"href":"https:\/\/www.europesays.com\/es\/wp-json\/wp\/v2\/posts\/207562","targetHints":{"allow":["GET"]}}],"collection":[{"href":"https:\/\/www.europesays.com\/es\/wp-json\/wp\/v2\/posts"}],"about":[{"href":"https:\/\/www.europesays.com\/es\/wp-json\/wp\/v2\/types\/post"}],"author":[{"embeddable":true,"href":"https:\/\/www.europesays.com\/es\/wp-json\/wp\/v2\/users\/2"}],"replies":[{"embeddable":true,"href":"https:\/\/www.europesays.com\/es\/wp-json\/wp\/v2\/comments?post=207562"}],"version-history":[{"count":0,"href":"https:\/\/www.europesays.com\/es\/wp-json\/wp\/v2\/posts\/207562\/revisions"}],"wp:featuredmedia":[{"embeddable":true,"href":"https:\/\/www.europesays.com\/es\/wp-json\/wp\/v2\/media\/207563"}],"wp:attachment":[{"href":"https:\/\/www.europesays.com\/es\/wp-json\/wp\/v2\/media?parent=207562"}],"wp:term":[{"taxonomy":"category","embeddable":true,"href":"https:\/\/www.europesays.com\/es\/wp-json\/wp\/v2\/categories?post=207562"},{"taxonomy":"post_tag","embeddable":true,"href":"https:\/\/www.europesays.com\/es\/wp-json\/wp\/v2\/tags?post=207562"}],"curies":[{"name":"wp","href":"https:\/\/api.w.org\/{rel}","templated":true}]}}