{"id":207578,"date":"2025-10-29T16:54:08","date_gmt":"2025-10-29T16:54:08","guid":{"rendered":"https:\/\/www.europesays.com\/es\/207578\/"},"modified":"2025-10-29T16:54:08","modified_gmt":"2025-10-29T16:54:08","slug":"el-rey-juan-carlos-i-regresa-este-miercoles-a-espana-en-plena-promocion-de-sus-memorias-el-mundo","status":"publish","type":"post","link":"https:\/\/www.europesays.com\/es\/207578\/","title":{"rendered":"El Rey Juan Carlos I regresa este mi\u00e9rcoles a Espa\u00f1a en plena promoci\u00f3n de sus memorias &#8211; El Mundo"},"content":{"rendered":"<ol>\n<li><a href=\"https:\/\/news.google.com\/rss\/articles\/CBMiekFVX3lxTE4yMFVSRzU0YjF0cmJSdGdRalRGTVdtdXhSRy1sT1JCeDc3Mm5oWDhXQ1Z4QllaUWZJdWMzcXU4MjMxdHN6MDIyd054RFZTWWl6UGJTZzhRSndQd2s3bVI0Q0NzdWEwVklpU0NESGlRckFsNHgwNXAybGNB0gF6QVVfeXFMTzRRRWotcXZWUW16VUVSRmY1MG90TVZqZ0kzWFdUMjVOeFRCb3M1OU9JcExBYWNtYkdoWjlwSUs4R1JtbVoxaHo0VG1qYmQxUVFPOGJZMzlPZm0zUEQ3aVlCYll1RFBuRVZhTEJ4TllYLS0zd2l2a0RNY3c?oc=5\" target=\"_blank\" rel=\"nofollow noopener\">El Rey Juan Carlos I regresa este mi\u00e9rcoles a Espa\u00f1a en plena promoci\u00f3n de sus memorias<\/a>&nbsp;&nbsp;El Mundo<\/li>\n<li><a href=\"https:\/\/news.google.com\/rss\/articles\/CBMi5wFBVV95cUxNWk96c3ZUYW9La3ZjNGxlYTROU0c4YWhoRm1nZC1oNWxTM1AwbXlFeW9JSmU5NzhJMHg0WFB5ZFZIVDFWUkY1UE15djd3M2tzWjFTU2tTa0tla0h1dkhXdVR1UWdremlTYmMzaS1fc0psMkpmOFlRX3FjdDA3NUw3bW1nRFRTV1NCeGt0aWdxbGVHdkx3LW5SRy1TNmVkN2dSSmV6Q2htamZDa3ExVXgtc3UteWxTelR5WjItNUVZZEhQZ0JIRzF5cXNPcExiUDU2NEFKRVE1NTBrOUNnVWZHcFdmV1Rka2s?oc=5\" target=\"_blank\" rel=\"nofollow noopener\">El rey em\u00e9rito, en sus memorias sobre la fortuna no declarada: \u201cFue un regalo que no supe rechazar. Un grave error\u201d<\/a>&nbsp;&nbsp;EL PA\u00cdS<\/li>\n<li><a href=\"https:\/\/news.google.com\/rss\/articles\/CBMi6AFBVV95cUxOdGdJUW1GR2NzSTdJX2J5aUpTbWVpSjh0bm8td1dxYTlnSE1kMkNsM1g0UlZ0RkQ0d2w5cUhJM01iUnM5Q2pjc25rTDdUX1dqYUEyUFhDN0piSkY1NWt1N0NFckRheGtmX3NXcVlXMUFPMHlXeWhnOHV2NVU5bjRrM2pvLUtFQmhWMTktSHUtcHdpckdpREdHczc5Q2RzWUFYX21pU3JjNTNpdy04c1RHXy1EQ005Q3BLYkhaWnl0SDNmeE1yV1BIUkV5cGVVU2QzSllKRnFGUDN1cGdJaktvMFQ0Z0lNNUpK0gHoAUFVX3lxTE1WaDFKbUt4LWdES1M3V0tFRkhJTEw1UlJiZXppUVJhMVZiZUxXTW1EMnllaWNmUkVERWFCWXJ4U1VacXNJTVlza2Jud0w1SXhnWVYxWjE4V0pFYXRzV04tcEthNlI3dHN6dlRURTNsSG9wWWNUTmZsRlBnVVgway1PY3FObEJWNTJ2NklSYmNacGZfQUJEcVN1NlVVakJVSmUtS29XLWJPNlMybkZYQkZ6bTFZaGRraXpiODVBQ3NLbXpyTC1nS2swTkZFY0I4SlN0SDZ2blRpamhRRTlTaWg1Yzcwbk1aVTk?oc=5\" target=\"_blank\" rel=\"nofollow noopener\">Mabel Galaz, sobre las memorias de Juan Carlos I: \u00abEl libro incomoda, va a dar mucho que hablar\u00bb<\/a>&nbsp;&nbsp;LaSexta<\/li>\n<li><a href=\"https:\/\/news.google.com\/rss\/articles\/CBMiekFVX3lxTE4taXd5SmxGSDlTc3NyTWgtRENuQlo5cjJEOUZ4d3l4UzlqamJOS3MwcHU4T2tBcFhCd01ValBzb0xPdFpKaVFMVFUtcjhTS0U5OXdOc1hxcWxMbmtFS3MyWmVrZ01kRjEwUVJudzhnUnZYN05wNnVMT3VR0gF6QVVfeXFMTm9OTG4wT3JXMXBMcTUtbWduYkdCRDlxcDVfWUIwX2g0bFRSN0k4QU1nNW9pODR0Mm5WZkRLcHg3NzFJU1J6bm1tczZ4VC1kb0NQaFEwMmlsZFVhSEhtTkItT25Jb282MUV6eGhJa3JnaUo1ZGpERjc2Rmc?oc=5\" target=\"_blank\" rel=\"nofollow noopener\">Juan Carlos I se deshace en halagos a la Reina Sof\u00eda: \u00ab\u00edntegra, devota, excepcional\u00bb y aspira a \u00abrestablecer una relaci\u00f3n\u00bb con Felipe VI<\/a>&nbsp;&nbsp;El Mundo<\/li>\n<li><a href=\"https:\/\/news.google.com\/rss\/articles\/CBMikAFBVV95cUxOU0huLWktTzdmbzFJeWRnYUgtdzhpWGk2bU5DX2d2YW9sc3JuMWRFbWZaNVJTRDdmLWpWNmRJVWdxWWEwRThUc3ZmTVZyRHNZN1Z4WjVxczR1QnlZVDQ4NGxGSVJIQ2l6WXd3WGhjUkxrbU5zLUNycXJMUkRKTEhIaFl6MHNIR1pEbHNLTm9ybjHSAZYBQVVfeXFMTUs1dVc0bUhCeVVUZ0lvXzByZ2E0eEhoQzBNbFR5SHhtX1p3YzVJV3ZCWUlPMkVreHNLdVdub3pncnpBOEdCeE81VjlHRnZvb0d3RzFsX1dtTTI3Z2lYQnNGeXVYVGVCaXhWaUdJcUMzWk1VOEZ2cjdBSkJITy1wVG5HUUNXVWx3eEhaUlhsSW8xTXk1SnJR?oc=5\" target=\"_blank\" rel=\"nofollow noopener\">Juan Carlos I sobre Franco: \u00ab\u00bfPor qu\u00e9 mentir si fue \u00e9l quien me convirti\u00f3 en rey?\u00bb<\/a>&nbsp;&nbsp;Diario P\u00fablico<\/li>\n<\/ol>\n","protected":false},"excerpt":{"rendered":"El Rey Juan Carlos I regresa este mi\u00e9rcoles a Espa\u00f1a en plena promoci\u00f3n de sus memorias&nbsp;&nbsp;El Mundo El&hellip;\n","protected":false},"author":2,"featured_media":207579,"comment_status":"","ping_status":"","sticky":false,"template":"","format":"standard","meta":{"footnotes":""},"categories":[8],"tags":[17,18,25,24,13,14,11,23487,19,20,9,10,15,16,23,12,21,22],"class_list":{"0":"post-207578","1":"post","2":"type-post","3":"status-publish","4":"format-standard","5":"has-post-thumbnail","7":"category-espana","8":"tag-breaking-news","9":"tag-breakingnews","10":"tag-es","11":"tag-espana","12":"tag-featured-news","13":"tag-featurednews","14":"tag-headlines","15":"tag-juan-carlos-i","16":"tag-latest-news","17":"tag-latestnews","18":"tag-news","19":"tag-noticias","20":"tag-noticias-destacadas","21":"tag-noticiasdestacadas","22":"tag-spain","23":"tag-titulares","24":"tag-ultimas-noticias","25":"tag-ultimasnoticias"},"share_on_mastodon":{"url":"https:\/\/pubeurope.com\/@es\/115458504556245506","error":""},"_links":{"self":[{"href":"https:\/\/www.europesays.com\/es\/wp-json\/wp\/v2\/posts\/207578","targetHints":{"allow":["GET"]}}],"collection":[{"href":"https:\/\/www.europesays.com\/es\/wp-json\/wp\/v2\/posts"}],"about":[{"href":"https:\/\/www.europesays.com\/es\/wp-json\/wp\/v2\/types\/post"}],"author":[{"embeddable":true,"href":"https:\/\/www.europesays.com\/es\/wp-json\/wp\/v2\/users\/2"}],"replies":[{"embeddable":true,"href":"https:\/\/www.europesays.com\/es\/wp-json\/wp\/v2\/comments?post=207578"}],"version-history":[{"count":0,"href":"https:\/\/www.europesays.com\/es\/wp-json\/wp\/v2\/posts\/207578\/revisions"}],"wp:featuredmedia":[{"embeddable":true,"href":"https:\/\/www.europesays.com\/es\/wp-json\/wp\/v2\/media\/207579"}],"wp:attachment":[{"href":"https:\/\/www.europesays.com\/es\/wp-json\/wp\/v2\/media?parent=207578"}],"wp:term":[{"taxonomy":"category","embeddable":true,"href":"https:\/\/www.europesays.com\/es\/wp-json\/wp\/v2\/categories?post=207578"},{"taxonomy":"post_tag","embeddable":true,"href":"https:\/\/www.europesays.com\/es\/wp-json\/wp\/v2\/tags?post=207578"}],"curies":[{"name":"wp","href":"https:\/\/api.w.org\/{rel}","templated":true}]}}