{"id":207588,"date":"2025-10-29T17:05:09","date_gmt":"2025-10-29T17:05:09","guid":{"rendered":"https:\/\/www.europesays.com\/es\/207588\/"},"modified":"2025-10-29T17:05:09","modified_gmt":"2025-10-29T17:05:09","slug":"leire-martinez-estabamos-celebrando-un-numero-1-y-el-presidente-de-la-compania-me-dijo-mmm-que-tetas-tienes","status":"publish","type":"post","link":"https:\/\/www.europesays.com\/es\/207588\/","title":{"rendered":"Leire Mart\u00ednez: \u00abEst\u00e1bamos celebrando un n\u00famero 1 y el presidente de la compa\u00f1\u00eda me dijo: &#8216;Mmm, \u00a1qu\u00e9 tetas tienes!&#8217;\u00bb"},"content":{"rendered":"<p>\u00abEst\u00e1bamos celebrando un n\u00famero 1 y el presidente de la compa\u00f1\u00eda me dijo: &#8216;Mmm, \u00a1qu\u00e9 tetas tienes!\u00bb. Con esta frase ha ilustrado Leire Mart\u00ednez  &#8230; el machismo estructural de la industria musical que ella misma ha sufrido. Ha sido en la charla pronunciada este mi\u00e9rcoles en el BIME, donde la exvocalista de La Oreja de Van Gogh ha participado junto a la chilena Francisca Valenzuela. <\/p>\n<p><a href=\"http:\/\/www.elcorreo.com\/culturas\/musica\/leire-martinez-pasado-sustituta-transformar-industria-bime-20251029122255-nt.html#vtm_modulosEngag=mod-rel:culturas:noticia:1:cmp:2-not\" class=\"v-a-link\" title=\"Leire Mart\u00ednez, en el BIME: \u00abHe pasado de ser la sustituta a transformar la industria\u00bb\" rel=\"nofollow noopener\" target=\"_blank\"><br \/>\n<img decoding=\"async\" loading=\"lazy\" class=\"v-a-img\" src=\"https:\/\/www.europesays.com\/es\/wp-content\/uploads\/2025\/10\/DAMBin (1)-khbE--366x256@El Correo.jpg\" alt=\"Leire Mart\u00ednez, en el BIME: \u00abHe pasado de ser la sustituta a transformar la industria\u00bb\"\/><br \/>\n<\/a><\/p>\n<p><a href=\"http:\/\/www.elcorreo.com\/culturas\/musica\/leire-martinez-arremete-nuevo-oreja-van-gogh-20251029160351-nt.html#vtm_modulosEngag=mod-rel:culturas:noticia:2:cmp:2-not\" class=\"v-a-link\" title=\"Leire Mart\u00ednez arremete de nuevo contra La Oreja de Van Gogh: \u00abNunca se escuchaba mi criterio\u00bb\" rel=\"nofollow noopener\" target=\"_blank\"><br \/>\n<img decoding=\"async\" loading=\"lazy\" class=\"v-a-img\" src=\"https:\/\/www.europesays.com\/es\/wp-content\/uploads\/2025\/10\/leire-kHbC--366x256@El Correo.jpg\" alt=\"Leire Mart\u00ednez arremete de nuevo contra La Oreja de Van Gogh: \u00abNunca se escuchaba mi criterio\u00bb\"\/><br \/>\n<\/a><\/p>\n<p class=\"v-p\">La conversaci\u00f3n, moderada por Albina Cabrera de KEXP, giraba en torno al liderazgo femenino en la m\u00fasica. Durante la misma, con una voz calmada pero firme, Mart\u00ednez ha recordado el momento que ella misma vivi\u00f3. \u00abHe estado siempre entre hombres y recuerdo como el presidente de una compa\u00f1\u00eda que, celebrando un n\u00famero uno, me dijo: &#8216;qu\u00e9 tetas tienes&#8217;. Nadie de los que estaban conmigo dijo nada\u00bb, ha relatado. <\/p>\n<p class=\"v-p\">Pese a no sentir el apoyo de los presentes, ella no se cort\u00f3 en responder: \u00abS\u00ed, tengo dos grandes tetas y tantas otras virtudes que jam\u00e1s vas a ser capaz de apreciar\u00bb. Al salir de la reuni\u00f3n, les dijo a sus compa\u00f1eros de la banda: \u00abCreo que me he cargado la relaci\u00f3n con Sony Music\u00bb. La falta de reacci\u00f3n por parte de los hombres que la rodeaban en esa situaci\u00f3n ha llevado a la cantante a una reflexi\u00f3n: \u00abInsisto en que esto no se soluciona solo con comunidad entre mujeres. Tambi\u00e9n necesitamos hombres que act\u00faen cuando ven esas situaciones\u00bb.<\/p>\n<p class=\"v-p\">Tambi\u00e9n la cantante chilena Francisca Valenzuela ha rememorado situaciones abusivas y discriminatorias como cuando en sus inicios sufr\u00eda tocamientos o le ped\u00edan que se \u00absacara la ropa\u00bb. Para ella la mejor forma de hacer frente a estas situaciones es tener \u00abla opci\u00f3n de elegir\u00bb, y poder huir.<\/p>\n","protected":false},"excerpt":{"rendered":"\u00abEst\u00e1bamos celebrando un n\u00famero 1 y el presidente de la compa\u00f1\u00eda me dijo: &#8216;Mmm, \u00a1qu\u00e9 tetas tienes!\u00bb. Con&hellip;\n","protected":false},"author":2,"featured_media":207589,"comment_status":"","ping_status":"","sticky":false,"template":"","format":"standard","meta":{"footnotes":""},"categories":[174],"tags":[255,978,6143,40315,146,147,25,24,256,25809,825,56514,1032,23,56515],"class_list":{"0":"post-207588","1":"post","2":"type-post","3":"status-publish","4":"format-standard","5":"has-post-thumbnail","7":"category-famosos","8":"tag-celebrities","9":"tag-dia","10":"tag-dijo","11":"tag-directivo","12":"tag-entertainment","13":"tag-entretenimiento","14":"tag-es","15":"tag-espana","16":"tag-famosos","17":"tag-leire","18":"tag-martinez","19":"tag-mmm","20":"tag-sony","21":"tag-spain","22":"tag-tetas"},"share_on_mastodon":{"url":"https:\/\/pubeurope.com\/@es\/115458547661544805","error":""},"_links":{"self":[{"href":"https:\/\/www.europesays.com\/es\/wp-json\/wp\/v2\/posts\/207588","targetHints":{"allow":["GET"]}}],"collection":[{"href":"https:\/\/www.europesays.com\/es\/wp-json\/wp\/v2\/posts"}],"about":[{"href":"https:\/\/www.europesays.com\/es\/wp-json\/wp\/v2\/types\/post"}],"author":[{"embeddable":true,"href":"https:\/\/www.europesays.com\/es\/wp-json\/wp\/v2\/users\/2"}],"replies":[{"embeddable":true,"href":"https:\/\/www.europesays.com\/es\/wp-json\/wp\/v2\/comments?post=207588"}],"version-history":[{"count":0,"href":"https:\/\/www.europesays.com\/es\/wp-json\/wp\/v2\/posts\/207588\/revisions"}],"wp:featuredmedia":[{"embeddable":true,"href":"https:\/\/www.europesays.com\/es\/wp-json\/wp\/v2\/media\/207589"}],"wp:attachment":[{"href":"https:\/\/www.europesays.com\/es\/wp-json\/wp\/v2\/media?parent=207588"}],"wp:term":[{"taxonomy":"category","embeddable":true,"href":"https:\/\/www.europesays.com\/es\/wp-json\/wp\/v2\/categories?post=207588"},{"taxonomy":"post_tag","embeddable":true,"href":"https:\/\/www.europesays.com\/es\/wp-json\/wp\/v2\/tags?post=207588"}],"curies":[{"name":"wp","href":"https:\/\/api.w.org\/{rel}","templated":true}]}}