{"id":207710,"date":"2025-10-29T18:34:12","date_gmt":"2025-10-29T18:34:12","guid":{"rendered":"https:\/\/www.europesays.com\/es\/207710\/"},"modified":"2025-10-29T18:34:12","modified_gmt":"2025-10-29T18:34:12","slug":"abner-gonzalez-refuerzo-con-experiencia-worldtour-para-e","status":"publish","type":"post","link":"https:\/\/www.europesays.com\/es\/207710\/","title":{"rendered":"Abner Gonz\u00e1lez, refuerzo con experiencia WorldTour para e&#8230;"},"content":{"rendered":"<p>                    El puertorrique\u00f1o -que milit\u00f3 tres a\u00f1os en Movistar Team y este 2025 en Caja Rural- se unir\u00e1 al conjunto cafetero, convirti\u00e9ndose en su segundo ciclista confirmado para la pr\u00f3xima temporada.<\/p>\n<p class=\"c-news-list__author\">Ciclismoafondo.es. Foto: Luis \u00c1ngel G\u00f3mez (Sprint Cycling Agency)<\/p>\n<p class=\"c-mainarticle__date\">\n<p>                    28 de octubre de 2025 (18:00 CET)<\/p>\n<p>                                                                                                                                        <img fetchpriority=\"high\" decoding=\"async\" src=\"https:\/\/www.europesays.com\/es\/wp-content\/uploads\/2025\/10\/abner-gonzalez-ficha-por-el-illes-balears-arabay.jpeg\" alt=\"Abner Gonz\u00e1lez ficha por el Illes Balears - Arabay\" title=\"Abner Gonz\u00e1lez ficha por el Illes Balears - Arabay\" class=\"c-mainarticle__img\" loading=\"eager\" width=\"790\" height=\"454\"\/><\/p>\n<p>                    Abner Gonz\u00e1lez ficha por el Illes Balears &#8211; Arabay<\/p>\n<p><strong>Abner Gonz\u00e1lez y el Illes Balears-Arabay Pro Cycling Team unen sus caminos<\/strong> de cara a la <strong>temporada 2026<\/strong>. El ciclista puertorrique\u00f1o de 25 a\u00f1os, <strong>actual campe\u00f3n nacional en ruta<\/strong>, aportar\u00e1 su experiencia y calidad<strong> <\/strong>al equipo\u00a0balear de categor\u00eda Continental, que la pr\u00f3xima temporada buscar\u00e1 crecer y aspirar a objetivos mayores en las mejores citas del calendario nacional e internacional.\u00a0<\/p>\n<p>Nacido en 9 de octubre del 2000, Abner Gonz\u00e1lez acumula en su palmar\u00e9s <strong>cinco campeonatos nacionales de Puerto Rico<\/strong>\u00a0(cuatro en ruta y uno\u00a0contrarreloj), as\u00ed como un triunfo de etapa y un tercer puesto en la general de la <strong>Volta a Portugal<\/strong> 2024.<\/p>\n<p><img decoding=\"async\" loading=\"lazy\" alt=\"cartel fichaje Abner\" data-id=\"14592550\" data-resize=\"null\" height=\"1006\" src=\"https:\/\/www.europesays.com\/es\/wp-content\/uploads\/2025\/10\/cartel-fichaje-abner.jpeg\" title=\"cartel fichaje Abner\" width=\"796\"\/><\/p>\n<p><strong>Con habilidad para la escalada y\u00a0capacidad para desenvolverse bien en terreno rompepiernas<\/strong>, el puertorrique\u00f1o\u00a0acumula adem\u00e1s\u00a0resultados destacados en pruebas de un d\u00eda: cuarto en el Circuito de Getxo 2021 o quinto en la Vuelta a Castilla y Le\u00f3n de ese mismo a\u00f1o.\u00a0<\/p>\n<p>Abner Gonz\u00e1lez <strong>corri\u00f3 tres a\u00f1os en el WorldTour <\/strong>en las filas del<strong> Movistar Team<\/strong> (2021-23) y despu\u00e9s lo ha hecho en el portugu\u00e9s\u00a0<strong>Efapel Cycling<\/strong> (2024) y esta tenporada en el <strong>Caja Rural-Seguros RGA.<\/strong>\u00a0<\/p>\n<p>\u201cEstoy muy agradecido por esta oportunidad. Ha sido un a\u00f1o muy duro para m\u00ed, con distintos problemas de salud, pero <strong>estoy m\u00e1s motivado que nunca para demostrarme a m\u00ed mismo y al equipo que puedo darlo todo de nuevo<\/strong>. Dar\u00e9 el 110% de m\u00ed representando estos colores, y\u00a0ojal\u00e1 podamos\u00a0cumplir todos los objetivos juntos. Estoy muy motivado y confiando en Dios para que este sea un gran a\u00f1o\u201d, declaraba con\u00a0ilusi\u00f3n el ciclista puertorrique\u00f1o.\u00a0<\/p>\n<p>Abner Gonz\u00e1lez se convierte en el <strong>segundo ciclista confirmado <\/strong>por el\u00a0Illes Balears-Arabay para su proyecto de 2026<strong> tras el balear Joan Albert Riera<\/strong>, <a data-external=\"1\" href=\"https:\/\/www.ciclismoafondo.es\/competicion\/noticias-resultados-ciclismo\/joan-albert-riera-renueva-con-illes-balears-arabay_318040_102.html\" rel=\"nofollow noopener\" target=\"_blank\" title=\"cuya renovaci\u00f3n fue anunciada hace unos d\u00edas\">cuya renovaci\u00f3n fue anunciada hace unos d\u00edas<\/a>.\u00a0<\/p>\n<p>\u00a0<\/p>\n","protected":false},"excerpt":{"rendered":"El puertorrique\u00f1o -que milit\u00f3 tres a\u00f1os en Movistar Team y este 2025 en Caja Rural- se unir\u00e1 al&hellip;\n","protected":false},"author":2,"featured_media":207711,"comment_status":"","ping_status":"","sticky":false,"template":"","format":"standard","meta":{"footnotes":""},"categories":[273],"tags":[313,312,168,25,24,23,167],"class_list":{"0":"post-207710","1":"post","2":"type-post","3":"status-publish","4":"format-standard","5":"has-post-thumbnail","7":"category-ciclismo","8":"tag-ciclismo","9":"tag-cycling","10":"tag-deportes","11":"tag-es","12":"tag-espana","13":"tag-spain","14":"tag-sports"},"share_on_mastodon":{"url":"https:\/\/pubeurope.com\/@es\/115458897623866847","error":""},"_links":{"self":[{"href":"https:\/\/www.europesays.com\/es\/wp-json\/wp\/v2\/posts\/207710","targetHints":{"allow":["GET"]}}],"collection":[{"href":"https:\/\/www.europesays.com\/es\/wp-json\/wp\/v2\/posts"}],"about":[{"href":"https:\/\/www.europesays.com\/es\/wp-json\/wp\/v2\/types\/post"}],"author":[{"embeddable":true,"href":"https:\/\/www.europesays.com\/es\/wp-json\/wp\/v2\/users\/2"}],"replies":[{"embeddable":true,"href":"https:\/\/www.europesays.com\/es\/wp-json\/wp\/v2\/comments?post=207710"}],"version-history":[{"count":0,"href":"https:\/\/www.europesays.com\/es\/wp-json\/wp\/v2\/posts\/207710\/revisions"}],"wp:featuredmedia":[{"embeddable":true,"href":"https:\/\/www.europesays.com\/es\/wp-json\/wp\/v2\/media\/207711"}],"wp:attachment":[{"href":"https:\/\/www.europesays.com\/es\/wp-json\/wp\/v2\/media?parent=207710"}],"wp:term":[{"taxonomy":"category","embeddable":true,"href":"https:\/\/www.europesays.com\/es\/wp-json\/wp\/v2\/categories?post=207710"},{"taxonomy":"post_tag","embeddable":true,"href":"https:\/\/www.europesays.com\/es\/wp-json\/wp\/v2\/tags?post=207710"}],"curies":[{"name":"wp","href":"https:\/\/api.w.org\/{rel}","templated":true}]}}