{"id":207712,"date":"2025-10-29T18:36:12","date_gmt":"2025-10-29T18:36:12","guid":{"rendered":"https:\/\/www.europesays.com\/es\/207712\/"},"modified":"2025-10-29T18:36:12","modified_gmt":"2025-10-29T18:36:12","slug":"los-dos-cracks-de-la-euroliga-que-dejo-escapar-el-barca","status":"publish","type":"post","link":"https:\/\/www.europesays.com\/es\/207712\/","title":{"rendered":"Los dos cracks de la Euroliga que dej\u00f3 escapar el Bar\u00e7a"},"content":{"rendered":"<p class=\"ft-text\">Era la temporada 2021\/2022. <strong>Pedro Mart\u00ednez<\/strong> era el entrenador de un <strong>Baxi Manresa <\/strong>que contaba con una plantilla espectacular. Quiz\u00e1 no eran conscientes del todo, pero ten\u00edan en su r\u00f3ster a dos jugadores que brillar\u00edan cuatro a\u00f1os despu\u00e9s en la <a class=\"ft-link ft-link--decoration\" href=\"https:\/\/www.sport.es\/es\/noticias\/barca\/baloncesto\/exazulgrana-justin-anderson-empieza-ver-123116161\" rel=\"nofollow noopener\" target=\"_blank\">m\u00e1xima competici\u00f3n europea<\/a>. En los mejores equipos del continente. Ellos son <strong>Chima Moneke y Sylvain Francisco. <\/strong><\/p>\n<p class=\"ft-text\">Ambos dieron un recital de baloncesto este martes con sus equipos. En el caso de <strong>Moneke<\/strong>, fue el mejor jugador del partido entre <strong>Estrella Roja y ASVEL Basket<\/strong>, donde los serbios aprovecharon la gran versi\u00f3n de su ala-p\u00edvot para sacar adelante un duelo en el que part\u00edan como favoritos. El nigeriano acab\u00f3 con <strong>24 puntos, 7 rebotes y 3 asistencias<\/strong>, adem\u00e1s de una efectividad del 90% en tiros de dos (9\/10).<\/p>\n<p class=\"ft-text\">El nivel de <strong>Moneke<\/strong> en <strong>Belgrado <\/strong>est\u00e1 siendo excepcional, jugando a gran nivel tanto en <strong>Euroliga<\/strong> como en la <strong>Liga ABA<\/strong>. Un jugador que tiene grandes capacidades defensivas, principalmente en el rebote, y es capaz de generar sus propios tiros. Una opci\u00f3n que hubiera sido interesante <strong>para un Bar\u00e7a que escasea en la zona interior<\/strong>. Adem\u00e1s, tiene pasaporte nigeriano, por lo que no hubiera contado como extracomunitario.<\/p>\n<p><img decoding=\"async\" src=\"https:\/\/www.europesays.com\/es\/wp-content\/uploads\/2025\/10\/d12efef4-5be1-486e-bd5a-2aa7deb8ffa7_alta-libre-aspect-ratio_default_0.jpg\" width=\"1200\" height=\"800\" alt=\"Chima Moneke deja Vitoria para empezar una nueva etapa en Belgrado\" class=\"ft-helper-img-rd\" loading=\"lazy\" hasdataaida=\"true\"\/><\/p>\n<p class=\"ft-helper-fontColor-quaternary ft-helper-fontSize-body-S ft-helper-spacer-t-xxs\">Chima Moneke, en su etapa en Baskonia  \/ SPORT<\/p>\n<p class=\"ft-text\">En lo poco que llevamos de Euroliga, ha dejado tres actuaciones de MVP: <strong>en la victoria contra Fenerbah\u00e7e (20 puntos y 12 rebotes) y contra el Real Madrid (15 puntos y 7 rebotes)<\/strong>. Sin duda, est\u00e1 siendo una de las piezas clave en el equipo, sin tener la necesidad de jugar una gran cantidad de minutos en pista. De hecho, suele estar en pista alrededor de 20 minutos, lo que favorecer\u00e1 a su rendimiento a final de temporada.<\/p>\n<p class=\"ft-text\">El otro gran nombre es el de Sylvain Francisco. <strong>23 puntos y 10 asistencias en la gran victoria de Zalgiris contra la Virtus Bolonia.<\/strong> Un jugador que s\u00ed pasa m\u00e1s tiempo en pista, ya que es el faro en ataque de los lituanos. Si tiene el d\u00eda desde el exterior, es un base letal. No le quema la bola en ning\u00fan momento y tambi\u00e9n hace jugar, como demuestra en las estad\u00edsticas de este martes.<\/p>\n<p><img decoding=\"async\" src=\"https:\/\/www.europesays.com\/es\/wp-content\/uploads\/2025\/10\/ac6e50a0-13db-4ae7-991f-ca1b658802b5_alta-libre-aspect-ratio_default_0.jpg\" width=\"1200\" height=\"675\" alt=\"Sylvain Francisco, defendido por Andr\u00e9s Feliz\" class=\"ft-helper-img-rd\" loading=\"lazy\" hasdataaida=\"true\"\/><\/p>\n<p class=\"ft-helper-fontColor-quaternary ft-helper-fontSize-body-S ft-helper-spacer-t-xxs\">Sylvain Francisco, con el BAXI Manresa  \/ EFE<\/p>\n<p class=\"ft-text\">En el partido contra el Bar\u00e7a de la pasada semana no estuvo del todo fino, <strong>sobre todo desde el triple (2\/7), y aun as\u00ed fue el tercer m\u00e1ximo anotador del partido con 14 puntos.<\/strong> Como en el caso de Moneke, tampoco hubiera contado como extracomunitario, <strong>ya que es franc\u00e9s.<\/strong> Otra opci\u00f3n que hubiera vuelto muy peligroso a un Bar\u00e7a que sufri\u00f3 mucho la temporada pasada en esa posici\u00f3n.<\/p>\n<p>\u00bfPor qu\u00e9 no se apost\u00f3 por ninguno de ellos?<\/p>\n<p class=\"ft-text\"><strong>Francisco y Moneke<\/strong> lideran a dos equipos en la Euroliga cuando hace pocos a\u00f1os formaban parte del <strong>Baxi Manresa.<\/strong> Un equipo que qued\u00f3 s\u00e9ptimo en la ACB y alcanz\u00f3 los cuartos de final, cayendo contra el <strong>Real Madrid<\/strong>. El Baskonia fue listo por aquel entonces y se qued\u00f3 con el nombre del nigeriano, para dos a\u00f1os despu\u00e9s incorporarlo a una plantilla en la que encaj\u00f3 a las mil maravillas.<\/p>\n<p class=\"ft-text\">En cambio, <strong>al Bar\u00e7a tambi\u00e9n le gustaron ambos jugadores,<\/strong> pero nunca lleg\u00f3 a ejecutar ninguna operaci\u00f3n que involucrase a alguno de ellos. La plantilla actual cul\u00e9 tiene grandes nombres, pero parece muy limitada para afrontar todas las competiciones durante el a\u00f1o. Evidentemente, la econom\u00eda no es para tirar cohetes, pero descartar fichajes tambi\u00e9n es elegir.<\/p>\n","protected":false},"excerpt":{"rendered":"Era la temporada 2021\/2022. Pedro Mart\u00ednez era el entrenador de un Baxi Manresa que contaba con una plantilla&hellip;\n","protected":false},"author":2,"featured_media":207713,"comment_status":"","ping_status":"","sticky":false,"template":"","format":"standard","meta":{"footnotes":""},"categories":[269],"tags":[299,2296,298,168,25,24,833,11826,48728,23,167],"class_list":{"0":"post-207712","1":"post","2":"type-post","3":"status-publish","4":"format-standard","5":"has-post-thumbnail","7":"category-baloncesto","8":"tag-baloncesto","9":"tag-barca","10":"tag-basketball","11":"tag-deportes","12":"tag-es","13":"tag-espana","14":"tag-euroliga","15":"tag-francisco","16":"tag-moneke","17":"tag-spain","18":"tag-sports"},"share_on_mastodon":{"url":"https:\/\/pubeurope.com\/@es\/115458905867968105","error":""},"_links":{"self":[{"href":"https:\/\/www.europesays.com\/es\/wp-json\/wp\/v2\/posts\/207712","targetHints":{"allow":["GET"]}}],"collection":[{"href":"https:\/\/www.europesays.com\/es\/wp-json\/wp\/v2\/posts"}],"about":[{"href":"https:\/\/www.europesays.com\/es\/wp-json\/wp\/v2\/types\/post"}],"author":[{"embeddable":true,"href":"https:\/\/www.europesays.com\/es\/wp-json\/wp\/v2\/users\/2"}],"replies":[{"embeddable":true,"href":"https:\/\/www.europesays.com\/es\/wp-json\/wp\/v2\/comments?post=207712"}],"version-history":[{"count":0,"href":"https:\/\/www.europesays.com\/es\/wp-json\/wp\/v2\/posts\/207712\/revisions"}],"wp:featuredmedia":[{"embeddable":true,"href":"https:\/\/www.europesays.com\/es\/wp-json\/wp\/v2\/media\/207713"}],"wp:attachment":[{"href":"https:\/\/www.europesays.com\/es\/wp-json\/wp\/v2\/media?parent=207712"}],"wp:term":[{"taxonomy":"category","embeddable":true,"href":"https:\/\/www.europesays.com\/es\/wp-json\/wp\/v2\/categories?post=207712"},{"taxonomy":"post_tag","embeddable":true,"href":"https:\/\/www.europesays.com\/es\/wp-json\/wp\/v2\/tags?post=207712"}],"curies":[{"name":"wp","href":"https:\/\/api.w.org\/{rel}","templated":true}]}}