{"id":207718,"date":"2025-10-29T18:39:24","date_gmt":"2025-10-29T18:39:24","guid":{"rendered":"https:\/\/www.europesays.com\/es\/207718\/"},"modified":"2025-10-29T18:39:24","modified_gmt":"2025-10-29T18:39:24","slug":"cuatro-edificios-emblematicos-de-leon-habitualmente-cerrados-abren-en-noviembre","status":"publish","type":"post","link":"https:\/\/www.europesays.com\/es\/207718\/","title":{"rendered":"Cuatro edificios emblem\u00e1ticos de Le\u00f3n habitualmente cerrados abren en noviembre"},"content":{"rendered":"<p><a class=\"v-mdl-ath__fig-a\" href=\"https:\/\/www.leonoticias.com\/autor\/leonoticias-2282.html\" title=\"Leonoticias\" rel=\"nofollow noopener\" target=\"_blank\"><br \/>\n<img decoding=\"async\" class=\"v-mdl-ath__img\" src=\"https:\/\/www.europesays.com\/es\/wp-content\/uploads\/2025\/07\/autor-2282-foto-1.jpeg\" alt=\"Leonoticias\"\/><br \/>\n<\/a><\/p>\n<p class=\"v-mdl-ath__p v-mdl-ath__p--6\">\nMartes, 28 de octubre 2025, 15:28<\/p>\n<p class=\"v-p\">El Colegio Oficial de Arquitectos de Le\u00f3n presenta la segunda edici\u00f3n del festival &#8216;Le\u00f3n abre sus puertas&#8217;, que se celebrar\u00e1 el fin de semana del 7 al 9 de noviembre de 2025 y permitir\u00e1 visitar edificios y rincones emblem\u00e1ticos de la ciudad guiados por arquitectos. Las visitas, de car\u00e1cter gratuito, ofrecen al p\u00fablico la oportunidad de conocer secretos ocultos tras las fachadas y los interiores menos accesibles de construcciones representativas de Le\u00f3n. <\/p>\n<p class=\"v-p\">Las <a href=\"https:\/\/www.leonoticias.com\/culturas\/patrimonio\/ano-edificios-emblematicos-leon-20240219193753-nt.html\" data-voc-vtm-id=\"in-text-traffic\" title=\"visitas a edificios\" data-mrf-link=\"www.leonoticias.com\" rel=\"nofollow noopener\" target=\"_blank\">visitas a edificios<\/a> tendr\u00e1n una duraci\u00f3n aproximada de 30 a 45 minutos, mientras que las rutas urbanas se extender\u00e1n alrededor de una hora y media. Cada actividad requiere inscripci\u00f3n previa a trav\u00e9s del formulario espec\u00edfico de cada edificio o ruta y el aforo se limita a 20 personas por grupo; existe adem\u00e1s una lista de reserva que se activar\u00e1 si se libera alguna plaza. <\/p>\n<p class=\"v-p\">El COAL abrir\u00e1 por segundo a\u00f1o consecutivo su sede central en el Palacio de Gaviria el viernes 7 de noviembre por la ma\u00f1ana, con una visita guiada por el la arquitecta proyectista de la reforma Bel\u00e9n Mart\u00edn-Granizo. El Palacio, es un palacete barroco rehabilitado conservando elementos originales y combin\u00e1ndolos con soluciones contempor\u00e1neas y bioclim\u00e1ticas, ser\u00e1 una de las paradas destacadas del programa, adem\u00e1s de ser la casa de los arquitectos que un a\u00f1o m\u00e1s se enorgullecen de mostrar a sus convecinos.<\/p>\n<p>El programa de la edici\u00f3n 2025<\/p>\n<ul class=\"v-u v-u--t4\">\n<li class=\"v-u__l\">\n<p class=\"v-p\">\nPalacio de Gaviria (Calle Conde Luna 4-6)\n<\/p>\n<\/li>\n<li class=\"v-u__l\">\n<p class=\"v-p\">\nEdificio EREN (Avenida de los Reyes Leoneses 11).\n<\/p>\n<\/li>\n<li class=\"v-u__l\">\n<p class=\"v-p\">\nOficina de Correos (Plaza Jard\u00edn de San Francisco).\n<\/p>\n<\/li>\n<li class=\"v-u__l\">\n<p class=\"v-p\">\nEdificio de viviendas Don Valent\u00edn (Avenida de Palencia, 2).\n<\/p>\n<\/li>\n<li class=\"v-u__l\">\n<p class=\"v-p\">\nRutas urbanas por distintos itinerarios de la ciudad.\n<\/p>\n<\/li>\n<\/ul>\n<p class=\"v-p\">Todas las actividades ser\u00e1n conducidas por arquitectos voluntarios, expertos en la historia y la intervenci\u00f3n de los edificios, que ofrecer\u00e1n al p\u00fablico una mirada cercana sobre los aspectos m\u00e1s destacados de cada inmueble y del entorno urbano en el que se integran. La participaci\u00f3n es gratuita, pero requiere cumplimentar el formulario correspondiente y recibir la confirmaci\u00f3n de plaza.<\/p>\n<p>Reporta un error<\/p>\n","protected":false},"excerpt":{"rendered":"Martes, 28 de octubre 2025, 15:28 El Colegio Oficial de Arquitectos de Le\u00f3n presenta la segunda edici\u00f3n del&hellip;\n","protected":false},"author":2,"featured_media":207719,"comment_status":"","ping_status":"","sticky":false,"template":"","format":"standard","meta":{"footnotes":""},"categories":[173],"tags":[12872,229,233,231,230,56530,954,232,234,11136,15538,146,147,25,24,56529,4108,15355,23],"class_list":{"0":"post-207718","1":"post","2":"type-post","3":"status-publish","4":"format-standard","5":"has-post-thumbnail","7":"category-arte-y-diseno","8":"tag-abren","9":"tag-arte","10":"tag-arte-y-diseno","11":"tag-arts","12":"tag-arts-and-design","13":"tag-cerrados","14":"tag-cuatro","15":"tag-design","16":"tag-diseno","17":"tag-edificios","18":"tag-emblematicos","19":"tag-entertainment","20":"tag-entretenimiento","21":"tag-es","22":"tag-espana","23":"tag-habitualmente","24":"tag-leon","25":"tag-noviembre","26":"tag-spain"},"share_on_mastodon":{"url":"https:\/\/pubeurope.com\/@es\/115458917394105263","error":""},"_links":{"self":[{"href":"https:\/\/www.europesays.com\/es\/wp-json\/wp\/v2\/posts\/207718","targetHints":{"allow":["GET"]}}],"collection":[{"href":"https:\/\/www.europesays.com\/es\/wp-json\/wp\/v2\/posts"}],"about":[{"href":"https:\/\/www.europesays.com\/es\/wp-json\/wp\/v2\/types\/post"}],"author":[{"embeddable":true,"href":"https:\/\/www.europesays.com\/es\/wp-json\/wp\/v2\/users\/2"}],"replies":[{"embeddable":true,"href":"https:\/\/www.europesays.com\/es\/wp-json\/wp\/v2\/comments?post=207718"}],"version-history":[{"count":0,"href":"https:\/\/www.europesays.com\/es\/wp-json\/wp\/v2\/posts\/207718\/revisions"}],"wp:featuredmedia":[{"embeddable":true,"href":"https:\/\/www.europesays.com\/es\/wp-json\/wp\/v2\/media\/207719"}],"wp:attachment":[{"href":"https:\/\/www.europesays.com\/es\/wp-json\/wp\/v2\/media?parent=207718"}],"wp:term":[{"taxonomy":"category","embeddable":true,"href":"https:\/\/www.europesays.com\/es\/wp-json\/wp\/v2\/categories?post=207718"},{"taxonomy":"post_tag","embeddable":true,"href":"https:\/\/www.europesays.com\/es\/wp-json\/wp\/v2\/tags?post=207718"}],"curies":[{"name":"wp","href":"https:\/\/api.w.org\/{rel}","templated":true}]}}