{"id":207722,"date":"2025-10-29T18:42:10","date_gmt":"2025-10-29T18:42:10","guid":{"rendered":"https:\/\/www.europesays.com\/es\/207722\/"},"modified":"2025-10-29T18:42:10","modified_gmt":"2025-10-29T18:42:10","slug":"jon-bon-jovi-celebra-su-regreso-tras-superar-una-cirugia-vocal-estoy-realmente-en-sintonia-con-la-idea-de-gratitud-y-alegria","status":"publish","type":"post","link":"https:\/\/www.europesays.com\/es\/207722\/","title":{"rendered":"Jon Bon Jovi celebra su regreso tras superar una cirug\u00eda vocal: \u201cEstoy realmente en sinton\u00eda con la idea de gratitud y alegr\u00eda\u201d"},"content":{"rendered":"<p>El cantautor estadounidense Bon Jovi es mundialmente reconocido con obras como \u00abLivin&#8217; On A Prayer\u00bb, y por la trascendencia social que estas tuvieron (Bon Jovi &#8211; Livin&#8217; On A Prayer)<\/p>\n<p class=\"paragraph\">El regreso de <a href=\"https:\/\/www.infobae.com\/entretenimiento\/2025\/10\/23\/jon-bon-jovi-hablo-por-primera-vez-de-su-nieta-hija-adoptiva-de-jake-bongiovi-y-millie-bobby-brown\/\" target=\"_blank\" rel=\"noreferrer nofollow noopener\" title=\"https:\/\/www.infobae.com\/entretenimiento\/2025\/10\/23\/jon-bon-jovi-hablo-por-primera-vez-de-su-nieta-hija-adoptiva-de-jake-bongiovi-y-millie-bobby-brown\/\"><b>Jon Bon Jovi<\/b><\/a> a los escenarios tras una <a href=\"https:\/\/www.infobae.com\/espana\/2024\/04\/15\/jon-bon-jovi-se-sincera-sobre-su-operacion-de-cuerdas-vocales-todo-depende-de-dios\/\" target=\"_blank\" rel=\"noreferrer nofollow noopener\" title=\"https:\/\/www.infobae.com\/espana\/2024\/04\/15\/jon-bon-jovi-se-sincera-sobre-su-operacion-de-cuerdas-vocales-todo-depende-de-dios\/\"><b>cirug\u00eda mayor de cuerdas vocales<\/b><\/a> marca un momento clave en la historia reciente del rock. El cantante anunci\u00f3 que iniciar\u00e1 en julio de 2026 <b>su primera gira en cuatro a\u00f1os<\/b>, despu\u00e9s de un extenso proceso de rehabilitaci\u00f3n, y lo har\u00e1 junto al lanzamiento de un nuevo \u00e1lbum colaborativo, Forever, en el que destaca la participaci\u00f3n de <a href=\"https:\/\/www.infobae.com\/entretenimiento\/2024\/11\/26\/jon-bon-jovi-y-bruce-springsteen-el-fan-que-se-convirtio-en-mejor-amigo-de-su-idolo\/\" target=\"_blank\" rel=\"noreferrer nofollow noopener\" title=\"https:\/\/www.infobae.com\/entretenimiento\/2024\/11\/26\/jon-bon-jovi-y-bruce-springsteen-el-fan-que-se-convirtio-en-mejor-amigo-de-su-idolo\/\"><b>Bruce Springsteen<\/b><\/a>.<\/p>\n<p class=\"paragraph\">En una entrevista exclusiva con The Washington Post realizada en el m\u00edtico estadio de Wembley, el artista comparti\u00f3<b> detalles sobre su recuperaci\u00f3n<\/b>, el significado de este retorno y la importancia de las colaboraciones en su nuevo trabajo.<\/p>\n<p><img alt=\"La gira internacional de Bon\" class=\"global-image\" decoding=\"async\" fetchpriority=\"low\" height=\"2387\" loading=\"lazy\" src=\"https:\/\/www.europesays.com\/es\/wp-content\/uploads\/2025\/10\/RVML5TRLQZF4XNGVTBHNDDCXTA.JPG\" width=\"3587\"\/>La gira internacional de Bon Jovi en 2026 marca el retorno de la banda despu\u00e9s de cuatro a\u00f1os de ausencia en los escenarios (REUTERS)<\/p>\n<p class=\"paragraph\">En 2022, el cantautor estadounidense recibi\u00f3 un diagn\u00f3stico que alter\u00f3 el rumbo de su carrera: una de sus cuerdas vocales <b>presentaba atrofia<\/b>, lo que lo llev\u00f3 a someterse a una cirug\u00eda mayor y a un largo proceso de rehabilitaci\u00f3n. <\/p>\n<p class=\"paragraph\">Luego de superar ese desaf\u00edo, el artista de 63 a\u00f1os se prepara para volver a los escenarios con una serie de conciertos que comenzar\u00e1n con varias noches en el Madison Square Garden de <b>Nueva York<\/b>, seguidas de presentaciones en <b>Edimburgo<\/b>, <b>Dubl\u00edn<\/b> y <b>Londres<\/b>.<\/p>\n<p class=\"paragraph\">Durante la conversaci\u00f3n con The Washington Post, expres\u00f3 que este regreso tiene un significado especial: \u201cEstoy realmente en sinton\u00eda con la idea de gratitud y alegr\u00eda, y con esa energ\u00eda que se genera entre el p\u00fablico y yo\u201d. <\/p>\n<p class=\"paragraph\">Adem\u00e1s, subray\u00f3 que, despu\u00e9s de tanto tiempo alejado de los escenarios, <b>valora a\u00fan m\u00e1s la conexi\u00f3n con sus seguidores<\/b> y que esa es su principal motivaci\u00f3n para volver a presentarse.<\/p>\n<p><img alt=\"La serie de conciertos ser\u00e1\" class=\"global-image\" decoding=\"async\" fetchpriority=\"low\" height=\"2937\" loading=\"lazy\" src=\"https:\/\/www.europesays.com\/es\/wp-content\/uploads\/2025\/10\/ZQQSKHC4PBEE5DWVLWBGYB5Z7A.JPG\" width=\"4406\"\/>La serie de conciertos ser\u00e1 clave para reconectar con los fan\u00e1ticos. Esta gira comenzar\u00e1 en Nueva York y continuar\u00e1 en Europa con fechas confirmadas en Edimburgo, Dubl\u00edn y Londres (REUTERS)<\/p>\n<p class=\"paragraph\">El apoyo de la banda fue fundamental en este proceso. Bon Jovi relat\u00f3 que, en los momentos m\u00e1s dif\u00edciles, sus compa\u00f1eros le transmitieron un mensaje claro: <b>\u201cEstamos contigo\u201d<\/b>. <\/p>\n<p class=\"paragraph\">Seg\u00fan el m\u00fasico, cada uno de los integrantes, desde los m\u00e1s veteranos hasta los m\u00e1s recientes como <b>Everett Bradley<\/b> y <b>Phil X<\/b>, aportaron algo \u00fanico y demostr\u00f3 un compromiso inquebrantable. \u201cEn mis horas m\u00e1s oscuras, cada uno de ellos dijo: \u2018Esto no es por dinero, jefe, vamos\u2019\u201d, record\u00f3 el vocalista, quien destac\u00f3 que el <b>v\u00ednculo entre los miembros del grupo<\/b> se fortaleci\u00f3 durante este periodo.<\/p>\n<p><img alt=\"El nuevo \u00e1lbum 'Forever' de\" class=\"global-image\" decoding=\"async\" fetchpriority=\"low\" height=\"3666\" loading=\"lazy\" src=\"https:\/\/www.europesays.com\/es\/wp-content\/uploads\/2025\/10\/MWQYH7GXGHGHSJY7SUMOGWGH6M.jpg\" width=\"5499\"\/>El nuevo \u00e1lbum &#8216;Forever&#8217; de Bon Jovi celebra el 40\u00ba aniversario de la banda con colaboraciones de figuras como Bruce Springsteen y Robbie Williams (REUTERS)<\/p>\n<p class=\"paragraph\">El lanzamiento de Forever coincidi\u00f3 con el <b>40\u00ba aniversario de la banda <\/b>y la publicaci\u00f3n de un documental sobre su trayectoria. <\/p>\n<p class=\"paragraph\">Bon Jovi explic\u00f3 en The Washington Post que, debido a las limitaciones f\u00edsicas que enfrent\u00f3 durante su recuperaci\u00f3n, decidi\u00f3 reinventar el \u00e1lbum incorporando <b>colaboraciones con otros artistas<\/b>. \u201cPens\u00e9 que pod\u00edamos imaginar el disco sumando participaciones. Hoy, la gente entiende lo que son las colaboraciones, y yo lo aprend\u00ed de la manera dif\u00edcil\u201d, coment\u00f3.<\/p>\n<p class=\"paragraph\">El primer artista al que recurri\u00f3 fue <b>Robbie Williams<\/b>, quien acept\u00f3 de inmediato. Este gesto facilit\u00f3 que Bon Jovi se animara a <b>contactar a otros m\u00fasicos para sumarse al proyecto y elevar su calidad final<\/b>. Con respecto a esto, se\u00f1al\u00f3: \u201cAl principio resulta abrumador, incluso cuando se trata de amigos cercanos, pero cada uno de ellos acept\u00f3\u201d.<\/p>\n<p><img alt=\"El apoyo incondicional de los\" class=\"global-image\" decoding=\"async\" fetchpriority=\"low\" height=\"6336\" loading=\"lazy\" src=\"https:\/\/www.europesays.com\/es\/wp-content\/uploads\/2025\/10\/BG7H4L5TOZDWRMZPFBU7R6QI7Q.jpg\" width=\"9504\"\/>El apoyo incondicional de los miembros de Bon Jovi fue clave durante la recuperaci\u00f3n de Jon Bon Jovi tras su diagn\u00f3stico de atrofia vocal (EFE)<\/p>\n<p class=\"paragraph\">Uno de los momentos m\u00e1s destacados de Forever es la participaci\u00f3n de <b>Bruce Springsteen<\/b> en la canci\u00f3n \u201cHollow Man\u201d. Jon Bon Jovi, quien siempre ha sentido admiraci\u00f3n por Springsteen y la <b>E Street Band<\/b>, describi\u00f3 la experiencia como \u201cfant\u00e1stica\u201d. <\/p>\n<p class=\"paragraph\">En su reciente reportaje, record\u00f3 que ambos crecieron en Nueva Jersey, a pocos kil\u00f3metros de distancia, y que la m\u00fasica de Springsteen siempre fue una referencia constante en su vida.<\/p>\n<p class=\"paragraph\">La elecci\u00f3n de \u201cHollow Man\u201d para la colaboraci\u00f3n no fue casual. Seg\u00fan el cantante, Springsteen mostr\u00f3 un <b>entusiasmo especial por esa canci\u00f3n<\/b> desde que escuch\u00f3 la maqueta. \u201cIncluso cuando era solo un demo, \u00e9l dijo: \u2018Esa es una canci\u00f3n realmente especial\u2019\u201d, confes\u00f3.<\/p>\n<p class=\"paragraph\">Al invitarlo a participar en ese tema, en lugar de optar por el sencillo principal, Bon Jovi encontr\u00f3 una respuesta positiva y una <b>conexi\u00f3n art\u00edstica profunda con su colega<\/b>.<\/p>\n<p><img alt=\"La colaboraci\u00f3n entre Jon Bon\" class=\"global-image\" decoding=\"async\" fetchpriority=\"low\" height=\"1949\" loading=\"lazy\" src=\"https:\/\/www.europesays.com\/es\/wp-content\/uploads\/2025\/10\/KP77A6ULNQXA4WMYJZPLQXASVI.jpg\" width=\"2764\"\/>La colaboraci\u00f3n entre Jon Bon Jovi y Bruce Springsteen en la canci\u00f3n &#8216;Hollow Man&#8217; destaca como uno de los momentos m\u00e1s esperados del \u00e1lbum &#8216;Forever&#8217; (REUTERS)<\/p>\n<p class=\"paragraph\">La relaci\u00f3n entre ambos m\u00fasicos, forjada a lo largo de los a\u00f1os y fortalecida por este proyecto, representa una nueva etapa para Bon Jovi. El artista reconoci\u00f3 que, tras superar los desaf\u00edos recientes y compartir nuevas experiencias con sus compa\u00f1eros y colaboradores, los lazos dentro de la banda pudo enriquecerse de manera notable.<\/p>\n","protected":false},"excerpt":{"rendered":"El cantautor estadounidense Bon Jovi es mundialmente reconocido con obras como \u00abLivin&#8217; On A Prayer\u00bb, y por la&hellip;\n","protected":false},"author":2,"featured_media":207723,"comment_status":"","ping_status":"","sticky":false,"template":"","format":"standard","meta":{"footnotes":""},"categories":[170],"tags":[231,3118,5797,146,147,25,24,406,184,185,23],"class_list":{"0":"post-207722","1":"post","2":"type-post","3":"status-publish","4":"format-standard","5":"has-post-thumbnail","7":"category-musica","8":"tag-arts","9":"tag-arts-culture-entertainment","10":"tag-culture","11":"tag-entertainment","12":"tag-entretenimiento","13":"tag-es","14":"tag-espana","15":"tag-europe","16":"tag-music","17":"tag-musica","18":"tag-spain"},"share_on_mastodon":{"url":"https:\/\/pubeurope.com\/@es\/115458929378669963","error":""},"_links":{"self":[{"href":"https:\/\/www.europesays.com\/es\/wp-json\/wp\/v2\/posts\/207722","targetHints":{"allow":["GET"]}}],"collection":[{"href":"https:\/\/www.europesays.com\/es\/wp-json\/wp\/v2\/posts"}],"about":[{"href":"https:\/\/www.europesays.com\/es\/wp-json\/wp\/v2\/types\/post"}],"author":[{"embeddable":true,"href":"https:\/\/www.europesays.com\/es\/wp-json\/wp\/v2\/users\/2"}],"replies":[{"embeddable":true,"href":"https:\/\/www.europesays.com\/es\/wp-json\/wp\/v2\/comments?post=207722"}],"version-history":[{"count":0,"href":"https:\/\/www.europesays.com\/es\/wp-json\/wp\/v2\/posts\/207722\/revisions"}],"wp:featuredmedia":[{"embeddable":true,"href":"https:\/\/www.europesays.com\/es\/wp-json\/wp\/v2\/media\/207723"}],"wp:attachment":[{"href":"https:\/\/www.europesays.com\/es\/wp-json\/wp\/v2\/media?parent=207722"}],"wp:term":[{"taxonomy":"category","embeddable":true,"href":"https:\/\/www.europesays.com\/es\/wp-json\/wp\/v2\/categories?post=207722"},{"taxonomy":"post_tag","embeddable":true,"href":"https:\/\/www.europesays.com\/es\/wp-json\/wp\/v2\/tags?post=207722"}],"curies":[{"name":"wp","href":"https:\/\/api.w.org\/{rel}","templated":true}]}}