{"id":207726,"date":"2025-10-29T18:44:19","date_gmt":"2025-10-29T18:44:19","guid":{"rendered":"https:\/\/www.europesays.com\/es\/207726\/"},"modified":"2025-10-29T18:44:19","modified_gmt":"2025-10-29T18:44:19","slug":"el-barcelona-estalla-contra-el-real-madrid-por-las-constantes-alusiones-al-caso-negreira","status":"publish","type":"post","link":"https:\/\/www.europesays.com\/es\/207726\/","title":{"rendered":"El Barcelona estalla contra el Real Madrid por las constantes alusiones al Caso Negreira"},"content":{"rendered":"<p class=\"parrafo\">El FC Barcelona ha manifestado su descontento por unas im\u00e1genes captadas durante el \u00faltimo Cl\u00e1sico. En ellas, <strong>Jude Bellingham se dirigi\u00f3 al colegiado tras una acci\u00f3n sobre Pedri Gonz\u00e1lez con el gesto y las palabras \u201c\u00a1ni con Negreira!\u201d,<\/strong> seg\u00fan se recogi\u00f3 en la retransmisi\u00f3n de Movistar+. La secuencia se hizo viral y, de acuerdo con la informaci\u00f3n difundida por Mundo Deportivo,<strong> caus\u00f3 \u201cindignaci\u00f3n\u201d en el club.<\/strong><\/p>\n<p><a class=\"elementos-rel-t2\" href=\"https:\/\/www.estadiodeportivo.com\/futbol\/primera-division\/julio-cardenosa-separa-casos-lamine-chavalito-que-cometido-pecado-juventud-vinicius-han-perdonado-todas-las-cosas-madrid-20251028-518266.html\" title=\"Julio Carde\u00f1osa separa casos: \u201cLamine es un chavalito que ha cometido un pecado de juventud, a Vinicius le han perdonado todas las cosas en el Madrid\u201d\" rel=\"nofollow noopener\" target=\"_blank\">Julio Carde\u00f1osa separa casos: \u201cLamine es un chavalito que ha cometido un pecado de juventud, a Vinicius le han perdonado todas las cosas en el Madrid\u201d<img decoding=\"async\" src=\"https:\/\/www.europesays.com\/es\/wp-content\/uploads\/2025\/10\/583ca653-ef0d-4d55-bbc4-15e9c8dda19d_320x180.jpeg\" alt=\"Julio Carde\u00f1osa separa casos: \u201cLamine es un chavalito que ha cometido un pecado de juventud, a Vinicius le han perdonado todas las cosas en el Madrid\u201d\"\/><\/a><a class=\"elementos-rel-t2\" href=\"https:\/\/www.estadiodeportivo.com\/futbol\/barcelona\/barcelona-pone-limites-frena-seco-lamine-yamal-20251029-518327.html\" title=\"El Barcelona pone l\u00edmites y frena en seco a Lamine Yamal \" rel=\"nofollow noopener\" target=\"_blank\">El Barcelona pone l\u00edmites y frena en seco a Lamine Yamal <img decoding=\"async\" src=\"https:\/\/www.europesays.com\/es\/wp-content\/uploads\/2025\/10\/cf0643ab-5aa2-401b-b778-a286e2c195fc_320x180.jpeg\" alt=\"El Barcelona pone l\u00edmites y frena en seco a Lamine Yamal \"\/><\/a><a class=\"elementos-rel-t2\" href=\"https:\/\/www.estadiodeportivo.com\/futbol\/real-madrid\/mundo-carga-contra-vinicius-escena-absurda-caprichoso-completamente-innecesario-20251028-518244.html\" title=\"El mundo carga contra Vinicius: \u201cescena absurda\u201d, \u201ccaprichoso\u201d, \u201ccompletamente innecesario\u201d\" rel=\"nofollow noopener\" target=\"_blank\">El mundo carga contra Vinicius: \u201cescena absurda\u201d, \u201ccaprichoso\u201d, \u201ccompletamente innecesario\u201d<img decoding=\"async\" src=\"https:\/\/www.europesays.com\/es\/wp-content\/uploads\/2025\/10\/23a10050-b599-421b-ae8d-eadc0bfeb9c6_320x180.jpeg\" alt=\"El mundo carga contra Vinicius: \u201cescena absurda\u201d, \u201ccaprichoso\u201d, \u201ccompletamente innecesario\u201d\"\/><\/a><\/p>\n<p class=\"parrafo\">El Bar\u00e7a entiende que <strong>se ha traspasado un l\u00edmite al producirse una alusi\u00f3n directa al procedimiento<\/strong> relacionado con pagos a Jos\u00e9 Mar\u00eda Enr\u00edquez Negreira en pleno partido. Desde la entidad se considera especialmente sensible cualquier menci\u00f3n p\u00fablica de esta cuesti\u00f3n <strong>durante un encuentro, seg\u00fan lo reflejado en dichas informaciones.<\/strong><\/p>\n<p class=\"parrafo\">Esa referencia de Bellingham ocurri\u00f3 tras una falta cometida sobre Pedri. En las im\u00e1genes, <strong>se aprecia al jugador realizando el gesto y pronunciando la frase en presencia del \u00e1rbitro C\u00e9sar Soto Grado.<\/strong> La acci\u00f3n se viraliz\u00f3 y gener\u00f3 debate en las horas posteriores al choque.<\/p>\n<p><img decoding=\"async\" src=\"https:\/\/www.europesays.com\/es\/wp-content\/uploads\/2025\/10\/ecb16d8f-be38-4858-ba99-19b022265155_800x533.jpeg\" loading=\"lazy\"\/>Contexto de las declaraciones de Courtois<\/p>\n<p class=\"parrafo\">El enfado del FC Barcelona no se limita a <a href=\"https:\/\/www.estadiodeportivo.com\/futbol\/real-madrid\/mundo-carga-contra-vinicius-escena-absurda-caprichoso-completamente-innecesario-20251028-518244.html\" target=\"_blank\" class=\"intext-link\" rel=\"nofollow noopener\">lo sucedido en el campo.<\/a> <strong>Tambi\u00e9n hay malestar por unas declaraciones de Thibaut Courtois previas al Real Madrid-Juventus de la Champions League.<\/strong> En sala de prensa, el guardameta mencion\u00f3 al presidente del Bar\u00e7a, Joan Laporta, por referirse este a una \u201cmano blanca\u201d arbitral. Courtois coment\u00f3: <strong>\u201cDice eso porque lo tiene que decir por el caso Negreira y todo eso. Yo nunca he visto eso, m\u00e1s bien lo contrario,<\/strong> no siento que nos hayan beneficiado en ning\u00fan momento\u201d.<\/p>\n<p class=\"parrafo\">Estas palabras forman parte de las referencias mencionadas por el club como motivo de disgusto. <strong>La intervenci\u00f3n del portero, realizada en un acto oficial de UEFA, es citada entre los elementos que han generado malestar.<\/strong><\/p>\n<p><img decoding=\"async\" src=\"https:\/\/www.europesays.com\/es\/wp-content\/uploads\/2025\/10\/2fe84998-5cf2-4eec-98fb-6a7af963acf0_800x533.jpeg\" loading=\"lazy\"\/>Percepciones internas sobre el trato al Caso Negreira<\/p>\n<p class=\"parrafo\">En relaci\u00f3n con los comentarios surgidos d\u00edas antes, <a href=\"https:\/\/www.estadiodeportivo.com\/futbol\/primera-division\/julio-cardenosa-separa-casos-lamine-chavalito-que-cometido-pecado-juventud-vinicius-han-perdonado-todas-las-cosas-madrid-20251028-518266.html\" target=\"_blank\" class=\"intext-link\" rel=\"nofollow noopener\">en el club no entienden<\/a> el ruido medi\u00e1tico provocado por unas declaraciones de Lamine Yamal en un evento de la Kings League. <strong>El FC Barcelona percibe que esas palabras han dado pie a una \u201ccaza de brujas\u201d contra el jugador. <\/strong>El entorno azulgrana sostiene que existe una diferencia de trato cuando las declaraciones proceden desde la plantilla madridista.<\/p>\n<p class=\"parrafo\">En el Bar\u00e7a,<strong> las menciones realizadas por Bellingham y Courtois han sido recibidas como una actitud que \u201ctraspasa lo deportivo\u201d.<\/strong> El malestar se basa en que las referencias llegan desde \u00e1mbitos oficiales y durante un encuentro de m\u00e1xima rivalidad.<\/p>\n<p><img decoding=\"async\" src=\"https:\/\/www.europesays.com\/es\/wp-content\/uploads\/2025\/10\/30437670-d917-4220-9b5b-872c45008de4_800x533.jpeg\" loading=\"lazy\"\/><\/p>\n<p class=\"parrafo\"><strong>Este escenario tuvo lugar en un contexto de debate arbitral en el Cl\u00e1sico.<\/strong> El partido volvi\u00f3 a presentar jugadas pol\u00e9micas sujetas a interpretaci\u00f3n. Entre ellas un penalti anulado por el VAR, <strong>al considerar falta de Vinicius sobre Lamine. La decisi\u00f3n se produjo despu\u00e9s de que el \u00e1rbitro de campo se\u00f1alara inicialmente el punto de penalti.<\/strong><\/p>\n<p class=\"parrafo\">Para Real Madrid TV, <strong>el equipo blanco volvi\u00f3 a verse perjudicado.<\/strong> Asimismo, se apunta a la falta de precedentes inversos en esa valoraci\u00f3n.<\/p>\n<p><img decoding=\"async\" src=\"https:\/\/www.europesays.com\/es\/wp-content\/uploads\/2025\/10\/18ee9e69-a71a-487f-853e-09ee30824fa4_800x518.jpeg\" loading=\"lazy\"\/>Contraste medi\u00e1tico entre el Madrid y el Barcelona<\/p>\n<p class=\"parrafo\"><strong>El contraste entre la repercusi\u00f3n que han tenido los comentarios sobre Lamine,<\/strong> enmarcados en la Kings League, y la escasa atenci\u00f3n medi\u00e1tica que habr\u00edan recibido las alusiones realizadas desde el Real Madrid tanto en rueda de prensa como durante el propio Cl\u00e1sico.<\/p>\n<p class=\"parrafo\"><strong>El club azulgrana no entiende que los gestos y comentarios de los futbolistas del Madrid hayan tenido menor recorrido medi\u00e1tico.<\/strong> La entidad percibe una doble vara de medir cuando las declaraciones proceden de un lado u otro.<\/p>\n","protected":false},"excerpt":{"rendered":"El FC Barcelona ha manifestado su descontento por unas im\u00e1genes captadas durante el \u00faltimo Cl\u00e1sico. En ellas, Jude&hellip;\n","protected":false},"author":2,"featured_media":207727,"comment_status":"","ping_status":"","sticky":false,"template":"","format":"standard","meta":{"footnotes":""},"categories":[93],"tags":[40675,56531,168,25,24,284,10116,282,24019,3048,23,167],"class_list":{"0":"post-207726","1":"post","2":"type-post","3":"status-publish","4":"format-standard","5":"has-post-thumbnail","7":"category-deportes","8":"tag-caso-negreira","9":"tag-courtois","10":"tag-deportes","11":"tag-es","12":"tag-espana","13":"tag-estadio-deportivo","14":"tag-f-c-barcelona","15":"tag-futbol","16":"tag-jude-bellingham","17":"tag-real-madrid","18":"tag-spain","19":"tag-sports"},"share_on_mastodon":{"url":"https:\/\/pubeurope.com\/@es\/115458937255015147","error":""},"_links":{"self":[{"href":"https:\/\/www.europesays.com\/es\/wp-json\/wp\/v2\/posts\/207726","targetHints":{"allow":["GET"]}}],"collection":[{"href":"https:\/\/www.europesays.com\/es\/wp-json\/wp\/v2\/posts"}],"about":[{"href":"https:\/\/www.europesays.com\/es\/wp-json\/wp\/v2\/types\/post"}],"author":[{"embeddable":true,"href":"https:\/\/www.europesays.com\/es\/wp-json\/wp\/v2\/users\/2"}],"replies":[{"embeddable":true,"href":"https:\/\/www.europesays.com\/es\/wp-json\/wp\/v2\/comments?post=207726"}],"version-history":[{"count":0,"href":"https:\/\/www.europesays.com\/es\/wp-json\/wp\/v2\/posts\/207726\/revisions"}],"wp:featuredmedia":[{"embeddable":true,"href":"https:\/\/www.europesays.com\/es\/wp-json\/wp\/v2\/media\/207727"}],"wp:attachment":[{"href":"https:\/\/www.europesays.com\/es\/wp-json\/wp\/v2\/media?parent=207726"}],"wp:term":[{"taxonomy":"category","embeddable":true,"href":"https:\/\/www.europesays.com\/es\/wp-json\/wp\/v2\/categories?post=207726"},{"taxonomy":"post_tag","embeddable":true,"href":"https:\/\/www.europesays.com\/es\/wp-json\/wp\/v2\/tags?post=207726"}],"curies":[{"name":"wp","href":"https:\/\/api.w.org\/{rel}","templated":true}]}}