{"id":207728,"date":"2025-10-29T18:45:10","date_gmt":"2025-10-29T18:45:10","guid":{"rendered":"https:\/\/www.europesays.com\/es\/207728\/"},"modified":"2025-10-29T18:45:10","modified_gmt":"2025-10-29T18:45:10","slug":"el-hospital-de-ciudad-real-conmemora-el-dia-mundial-del-ictus","status":"publish","type":"post","link":"https:\/\/www.europesays.com\/es\/207728\/","title":{"rendered":"El hospital de Ciudad Real conmemora el D\u00eda Mundial del Ictus"},"content":{"rendered":"<p>Con motivo del D\u00eda Mundial del Ictus, el Hospital General Universitario de Ciudad Real, centro dependiente del Servicio de Salud de Castilla-La Mancha, ha desarrollado a lo largo de esta ma\u00f1ana diversas actividades para explicar a la ciudadan\u00eda que mantener unos niveles adecuados de presi\u00f3n arterial y del \u00edndice gluc\u00e9mico reducen de forma notable las posibilidades de padecer un accidente cerebrovascular.\u00a0<\/p>\n<p>Profesionales del servicio de Neurolog\u00eda han instalado una zona de reconocimientos en la que las personas interesadas han podido conocer su tensi\u00f3n arterial y glucemia o someterse tambi\u00e9n a pruebas diagn\u00f3sticas m\u00e1s espec\u00edficas como un electrocardiograma o ecograf\u00edas del tronco supraa\u00f3rtico para descartar la existencia de placas carotideas, indicador que eleva el riesgo de padecer un ictus.\u00a0<\/p>\n<p>La \u00faltimas pruebas han estado amenizadas por las j\u00f3venes int\u00e9rpretes Elena Hern\u00e1ndez y Laura Toro, que han ofrecido varias piezas agrupadas bajo el nombre gen\u00e9rico \u201cM\u00fasica en vena\u201d. Adem\u00e1s, en el sal\u00f3n de actos se han celebrado varias charlas divulgativas con la intenci\u00f3n da promover h\u00e1bitos saludables de alimentaci\u00f3n y el ejercicio f\u00edsico y para informar acerca de algunas de las secuelas que sufren las personas que han sufrido un ictus, como la disfagia.<\/p>\n<p>El ictus se produce por una obstrucci\u00f3n o rotura de un vaso sangu\u00edneo cerebral. Afecta a unas 120.000 personas cada a\u00f1o en Espa\u00f1a y a unas 5.200 en Castilla-La Mancha y es la primera causa de muerte espec\u00edfica en la mujer y la segunda en el var\u00f3n, adem\u00e1s de la primera causa de discapacidad adquirida en el adulto y la segunda causa de demencia.\u00a0<\/p>\n<p>Se trata de una enfermedad que puede aparecer a cualquier edad y en el 80% de los casos se puede prevenir controlando factores de riesgo como la hipertensi\u00f3n, diabetes, colesterol elevado, arritmias cardiacas, inactividad f\u00edsica, tabaquismo, drogas o exceso en el consumo de alcohol.<\/p>\n","protected":false},"excerpt":{"rendered":"Con motivo del D\u00eda Mundial del Ictus, el Hospital General Universitario de Ciudad Real, centro dependiente del Servicio&hellip;\n","protected":false},"author":2,"featured_media":207729,"comment_status":"","ping_status":"","sticky":false,"template":"","format":"standard","meta":{"footnotes":""},"categories":[92],"tags":[55292,25,24,165,56532,2024,166,52890,23],"class_list":{"0":"post-207728","1":"post","2":"type-post","3":"status-publish","4":"format-standard","5":"has-post-thumbnail","7":"category-salud","8":"tag-dia-mundial-ictus","9":"tag-es","10":"tag-espana","11":"tag-health","12":"tag-hospital-ciudad-real","13":"tag-junta","14":"tag-salud","15":"tag-sescam","16":"tag-spain"},"share_on_mastodon":{"url":"https:\/\/pubeurope.com\/@es\/115458940999873920","error":""},"_links":{"self":[{"href":"https:\/\/www.europesays.com\/es\/wp-json\/wp\/v2\/posts\/207728","targetHints":{"allow":["GET"]}}],"collection":[{"href":"https:\/\/www.europesays.com\/es\/wp-json\/wp\/v2\/posts"}],"about":[{"href":"https:\/\/www.europesays.com\/es\/wp-json\/wp\/v2\/types\/post"}],"author":[{"embeddable":true,"href":"https:\/\/www.europesays.com\/es\/wp-json\/wp\/v2\/users\/2"}],"replies":[{"embeddable":true,"href":"https:\/\/www.europesays.com\/es\/wp-json\/wp\/v2\/comments?post=207728"}],"version-history":[{"count":0,"href":"https:\/\/www.europesays.com\/es\/wp-json\/wp\/v2\/posts\/207728\/revisions"}],"wp:featuredmedia":[{"embeddable":true,"href":"https:\/\/www.europesays.com\/es\/wp-json\/wp\/v2\/media\/207729"}],"wp:attachment":[{"href":"https:\/\/www.europesays.com\/es\/wp-json\/wp\/v2\/media?parent=207728"}],"wp:term":[{"taxonomy":"category","embeddable":true,"href":"https:\/\/www.europesays.com\/es\/wp-json\/wp\/v2\/categories?post=207728"},{"taxonomy":"post_tag","embeddable":true,"href":"https:\/\/www.europesays.com\/es\/wp-json\/wp\/v2\/tags?post=207728"}],"curies":[{"name":"wp","href":"https:\/\/api.w.org\/{rel}","templated":true}]}}