{"id":207730,"date":"2025-10-29T18:46:11","date_gmt":"2025-10-29T18:46:11","guid":{"rendered":"https:\/\/www.europesays.com\/es\/207730\/"},"modified":"2025-10-29T18:46:11","modified_gmt":"2025-10-29T18:46:11","slug":"duplica-a-jorge-javier-con-una-tira-diaria-de-gh-y-recorta-el-tiempo-justo","status":"publish","type":"post","link":"https:\/\/www.europesays.com\/es\/207730\/","title":{"rendered":"duplica a Jorge Javier con una tira diaria de &#8216;GH&#8217; y recorta &#8216;El tiempo justo&#8217;"},"content":{"rendered":"<p class=\"article-text\">\n        Horas despu\u00e9s de aclarar un poco m\u00e1s <a href=\"https:\/\/www.eldiario.es\/vertele\/series\/avecina-fecha-volver-abierto-telecinco-cambia-noches-semanales-previstas_1_12723628.html\" data-mrf-recirculation=\"links-noticia\" class=\"link\" rel=\"nofollow noopener\" target=\"_blank\">c\u00f3mo quedar\u00edan sus noches<\/a> desde la semana que viene, <strong>Telecinco <\/strong>ha sorprendido anunciando una nueva revoluci\u00f3n en sus tardes que <strong>duplicar\u00e1 a Jorge Javier V\u00e1zquez <\/strong>para ofrecer una tira diaria de Gran Hermano llamada GH. La vida en directo, y que<strong> recortar\u00e1 <\/strong><strong>El Tiempo Justo<\/strong> de Joaqu\u00edn Prat.\n    <\/p>\n<p>    <a href=\"https:\/\/www.eldiario.es\/vertele\/series\/avecina-fecha-volver-abierto-telecinco-cambia-noches-semanales-previstas_1_12723628.html\" data-mrf-recirculation=\"saber-mas\" data-dl-event=\"saber-mas\" rel=\"nofollow noopener\" target=\"_blank\"><\/p>\n<p class=\"know-more__title\">As\u00ed quedar\u00edan las nuevas noches de Telecinco, al anunciar el regreso al abierto de &#8216;La que se avecina&#8217;<\/p>\n<p>            <img decoding=\"async\" class=\"lazy\" loading=\"lazy\" data-src=\"https:\/\/static.eldiario.es\/clip\/52383027-0387-4106-ba05-839ab7e00801_16-9-aspect-ratio_default_0.jpg\" src=\"data:image\/svg+xml,%3Csvg xmlns=\" http:=\"\" viewbox=\"0 0 880 495\" alt=\"'La que se avecina' ya tiene fecha para volver al abierto en Telecinco, que cambia sus noches semanales previstas\"\/><\/p>\n<p>                        <\/a><\/p>\n<p class=\"article-text\">\n        Mediante un comunicado realmente inesperado, <strong>Mediaset <\/strong>anuncia c\u00f3mo quedar\u00e1n <strong>las nuevas tardes de Telecinco:<\/strong>\n    <\/p>\n<ul>\n<li><strong>15:45h<\/strong> &#8211; El tiempo justo<\/li>\n<li><strong>17:45h<\/strong> &#8211; El diario de Jorge<\/li>\n<li><strong>19:15h<\/strong> &#8211; Ag\u00e1rrate al sill\u00f3n<\/li>\n<li><strong>20:15h<\/strong> &#8211; GH. La vida en directo<\/li>\n<\/ul>\n<p class=\"article-text\">\n        Sobre esta nueva apuesta, el grupo adelanta que GH. La vida en directo se \u201cestrenar\u00e1 pr\u00f3ximamente\u201d y que se emitir\u00e1 <strong>de lunes a viernes<\/strong>, aunque Jorge Javier V\u00e1zquez estar\u00e1 de lunes a jueves y de los viernes se ocupar\u00e1 <strong>Nagore Robles<\/strong>.\n    <\/p>\n<p class=\"article-text\">\n        Producido en colaboraci\u00f3n con Zeppelin (Banijay Iberia), como el formato principal de telerrealidad del que emana esta nueva idea, el programa se llevar\u00e1 a cabo <strong>desde el plat\u00f3 <\/strong>que acoger\u00e1 las galas de GH, <strong>conectar\u00e1 diariamente con la casa<\/strong> para conocer la \u00faltima hora de la convivencia y acoger\u00e1 nuevas din\u00e1micas de relevancia para el d\u00eda a d\u00eda de sus habitantes y para el propio desarrollo del reality, adem\u00e1s de una selecci\u00f3n de las im\u00e1genes m\u00e1s destacadas protagonizadas por los concursantes.\n    <\/p>\n<p class=\"article-text\">\n        Mediaset avanza tambi\u00e9n que en esta nueva tira diaria \u201cla audiencia tomar\u00e1 tambi\u00e9n importantes decisiones cada semana\u201d, dejando claro que esta nueva revoluci\u00f3n en sus tardes no se plantea como un parche temporal, sino como una probatura al menos durante la duraci\u00f3n de Gran Hermano.\n    <\/p>\n<p>    As\u00ed cambian las tardes de Telecinco<\/p>\n<p class=\"article-text\">\n        Telecinco presenta\u00a0<strong>Gran Hermano 20\u00a0<\/strong>este jueves 30 de octubre, y se prev\u00e9 que confirme que se estrenar\u00e1 el jueves 6 de noviembre, y que ocupar\u00e1\u00a0toda la<strong> noche de los jueves<\/strong>. Tambi\u00e9n que su\u00a0<strong>Debate\u00a0<\/strong>coja el testigo del de\u00a0Supervivientes All Stars\u00a0en la\u00a0<strong>noche de los domingos<\/strong>. Pero prueba de que Mediaset est\u00e1 cambiando sus estrategias iniciales es que la apuesta por LQSA demostrar\u00eda que Telecinco deja de triplicar sus realities, al\u00a0no tener gala los martes, lo que tambi\u00e9n podr\u00eda explicar por qu\u00e9\u00a0<strong>Carlos Sobera<\/strong>\u00a0(que fue\u00a0<a href=\"https:\/\/www.mediaset.es\/comunicacion\/television\/telecinco\/20250626\/gran-hermano-castings-presenciales_18_015971051.html#:~:text=de%20Mediaset%20Espa%C3%B1a%2C-,con%20Jorge%20Javier%20V%C3%A1zquez%2C%20Ion%20Aramendi%20y%20Carlos%20Sobera%20como%20presentadores,-.%20Adem%C3%A1s%2C%20dejar%C3%A1%20atr%C3%A1s\" target=\"_blank\" data-mrf-recirculation=\"links-noticia\" class=\"link\" rel=\"nofollow noopener\">anunciado inicialmente por Mediaset<\/a>\u00a0como uno de los tres presentadores de\u00a0GH 20)\u00a0<a href=\"https:\/\/www.eldiario.es\/vertele\/noticias\/gran-hermano-lanza-primera-promo-20a-edicion-ausencia-presentadores-video-telecinco-mediaset_1_12665789.html\" target=\"_blank\" data-mrf-recirculation=\"links-noticia\" class=\"link\" rel=\"nofollow noopener\">no aparece en las promos<\/a>\u00a0del reality, ni tampoco estar\u00e1 en la rueda de presentaci\u00f3n del mismo.\n    <\/p>\n<p class=\"article-text\">\n        Este otro cambio de estrategia se centra en sus tardes, y afecta principalmente a <strong>El tiempo justo<\/strong>. El magac\u00edn vespertino de Joaqu\u00edn Prat, que ten\u00eda la misi\u00f3n casi imposible de impulsar las audiencias de Telecinco en la sobremesa y primer tramo de la tarde, se est\u00e1 moviendo en datos del 8%-9%, emiti\u00e9ndose de 15:45 a 18:30 horas. Por lo tanto, con esta nueva parrilla <strong>recortar\u00e1 45 minutos de duraci\u00f3n<\/strong>, manteniendo su inicio a la misma hora pero despidi\u00e9ndose a las 17:45.\n    <\/p>\n<p>            <img decoding=\"async\" class=\"lazy\" loading=\"lazy\" data-src=\"https:\/\/static.eldiario.es\/clip\/90d89a87-1d3d-407e-9282-b71f96d26da3_16-9-discover-aspect-ratio_default_0.jpg\" src=\"data:image\/svg+xml,%3Csvg xmlns=\" http:=\"\" viewbox=\"0 0 1200 675\" alt=\"Joaqu\u00edn Prat en 'El tiempo justo'\"\/><\/p>\n<p class=\"article-text\">\n        Sus compa\u00f1eros de franja, <strong>El diario de Jorge<\/strong><strong> y <\/strong><strong>Ag\u00e1rrate al sill\u00f3n<\/strong>, adelantar\u00e1n sus horarios. El talk show de <strong>Jorge Javier V\u00e1zquez<\/strong>, que hasta ahora se emite de 18:30 a 20:00 horas, pasar\u00e1 a ofrecerse de 17:45 a 19:15 horas, manteniendo su duraci\u00f3n. El concurso de <strong>Eugeni Alemany<\/strong>, que puede verse de 20:00 a 21:00 horas, ser\u00e1 testado desde el cambio de 19:15 a 20:15 horas, tambi\u00e9n manteniendo su duraci\u00f3n.\n    <\/p>\n<p class=\"article-text\">\n        La novedad ser\u00e1 el nuevo <strong>GH. La vida en directo<\/strong>, que aunque s\u00f3lo se sabe que empezar\u00e1 a las 20:15 horas y no cu\u00e1ndo ser\u00e1 su final diariamente, se da por hecho que ser\u00e1 a las 21:00 horas para ceder el testigo a <strong>Informativos Telecinco<\/strong>, lo que cuadra adem\u00e1s con los 45 minutos que se recorta El tiempo justo.\n    <\/p>\n<p class=\"article-text\">\n        Telecinco sigue buscando una f\u00f3rmula que le funcione en sus tardes. Ni el paso de Ana Rosa Quintana a la franja vespertina, ni su continuaci\u00f3n con Frank Blanco y Ver\u00f3nica Dulanto cuando ella regres\u00f3 a las ma\u00f1anas, ni ahora El tiempo justo han logrado ser magacines asentados que permitan a la cadena competir. El diario de Jorge ha tenido altibajos, pero tampoco logra alcanzar el nivel para liderar su franja, y Ag\u00e1rrate al sill\u00f3n sigue marcando datos muy inferiores a los que la cadena necesita.\n    <\/p>\n<p>    <a href=\"https:\/\/www.eldiario.es\/vertele\/noticias\/najwa-nimri-volvio-revuelta-ano-despues-revelar-veto-hormiguero-menuda-liada_1_12723640.html\" data-mrf-recirculation=\"saber-mas-abajo\" data-dl-event=\"saber-mas-abajo\" rel=\"nofollow noopener\" target=\"_blank\"><\/p>\n<p class=\"know-more__title\">Najwa Nimri volvi\u00f3 a &#8216;La Revuelta&#8217; un a\u00f1o despu\u00e9s de revelar su veto en &#8216;El Hormiguero&#8217;: \u201cMenuda liada\u201d<\/p>\n<p>            <img decoding=\"async\" class=\"lazy\" loading=\"lazy\" data-src=\"https:\/\/static.eldiario.es\/clip\/03708409-8b29-4099-9125-646e6a3503e7_16-9-aspect-ratio_default_0.jpg\" src=\"data:image\/svg+xml,%3Csvg xmlns=\" http:=\"\" viewbox=\"0 0 880 495\" alt=\"Najwa Nimri volvi\u00f3 a 'La Revuelta' un a\u00f1o despu\u00e9s de revelar su veto en 'El Hormiguero': &quot;Menuda liada&quot;\"\/><\/p>\n<p>                        <\/a><\/p>\n<p class=\"article-text\">\n        Cierto es que el concurso tiene que verse las caras contra Pasapalabra y Aqu\u00ed la Tierra, <strong>complicada misi\u00f3n que ahora tendr\u00e1 Jorge Javier V\u00e1zquez<\/strong> duplic\u00e1ndose cada tarde primero con El diario de Jorge y luego con GH. La vida en directo.\n    <\/p>\n","protected":false},"excerpt":{"rendered":"Horas despu\u00e9s de aclarar un poco m\u00e1s c\u00f3mo quedar\u00edan sus noches desde la semana que viene, Telecinco ha&hellip;\n","protected":false},"author":2,"featured_media":207731,"comment_status":"","ping_status":"","sticky":false,"template":"","format":"standard","meta":{"footnotes":""},"categories":[91],"tags":[1838,21721,4291,146,147,25,24,37023,5264,2224,13004,19533,23,9747,692,159,5347,1079],"class_list":{"0":"post-207730","1":"post","2":"type-post","3":"status-publish","4":"format-standard","5":"has-post-thumbnail","7":"category-entretenimiento","8":"tag-cambia","9":"tag-diaria","10":"tag-duplica","11":"tag-entertainment","12":"tag-entretenimiento","13":"tag-es","14":"tag-espana","15":"tag-gh","16":"tag-javier","17":"tag-jorge","18":"tag-justo","19":"tag-recorta","20":"tag-spain","21":"tag-tardes","22":"tag-telecinco","23":"tag-tiempo","24":"tag-tira","25":"tag-vez"},"share_on_mastodon":{"url":"https:\/\/pubeurope.com\/@es\/115458944859020107","error":""},"_links":{"self":[{"href":"https:\/\/www.europesays.com\/es\/wp-json\/wp\/v2\/posts\/207730","targetHints":{"allow":["GET"]}}],"collection":[{"href":"https:\/\/www.europesays.com\/es\/wp-json\/wp\/v2\/posts"}],"about":[{"href":"https:\/\/www.europesays.com\/es\/wp-json\/wp\/v2\/types\/post"}],"author":[{"embeddable":true,"href":"https:\/\/www.europesays.com\/es\/wp-json\/wp\/v2\/users\/2"}],"replies":[{"embeddable":true,"href":"https:\/\/www.europesays.com\/es\/wp-json\/wp\/v2\/comments?post=207730"}],"version-history":[{"count":0,"href":"https:\/\/www.europesays.com\/es\/wp-json\/wp\/v2\/posts\/207730\/revisions"}],"wp:featuredmedia":[{"embeddable":true,"href":"https:\/\/www.europesays.com\/es\/wp-json\/wp\/v2\/media\/207731"}],"wp:attachment":[{"href":"https:\/\/www.europesays.com\/es\/wp-json\/wp\/v2\/media?parent=207730"}],"wp:term":[{"taxonomy":"category","embeddable":true,"href":"https:\/\/www.europesays.com\/es\/wp-json\/wp\/v2\/categories?post=207730"},{"taxonomy":"post_tag","embeddable":true,"href":"https:\/\/www.europesays.com\/es\/wp-json\/wp\/v2\/tags?post=207730"}],"curies":[{"name":"wp","href":"https:\/\/api.w.org\/{rel}","templated":true}]}}