{"id":207734,"date":"2025-10-29T18:48:08","date_gmt":"2025-10-29T18:48:08","guid":{"rendered":"https:\/\/www.europesays.com\/es\/207734\/"},"modified":"2025-10-29T18:48:08","modified_gmt":"2025-10-29T18:48:08","slug":"la-reserva-federal-recorta-los-tipos-de-interes-025-puntos-ante-el-miedo-a-la-ralentizacion-economica-economia","status":"publish","type":"post","link":"https:\/\/www.europesays.com\/es\/207734\/","title":{"rendered":"La Reserva Federal recorta los tipos de inter\u00e9s 0,25 puntos ante el miedo a la ralentizaci\u00f3n econ\u00f3mica | Econom\u00eda"},"content":{"rendered":"<p class=\"\">Ante el miedo a una ralentizaci\u00f3n econ\u00f3mica y el riesgo al descontrol de los precios, <a href=\"https:\/\/www.federalreserve.gov\/monetarypolicy\/files\/monetary20251029a1.pdf\" target=\"_self\" rel=\"nofollow noopener\" title=\"https:\/\/www.federalreserve.gov\/monetarypolicy\/files\/monetary20251029a1.pdf\">la Reserva Federal (Fed) ha apostado por la primera opci\u00f3n<\/a>. El Banco Central de Estados Unidos ha decidido este mi\u00e9rcoles <a href=\"https:\/\/elpais.com\/economia\/2025-10-29\/la-fed-se-prepara-para-reducir-los-tipos-de-nuevo-ante-las-dudas-por-el-deterioro-del-mercado-laboral.html?outputType=amp\" target=\"_self\" rel=\"nofollow noopener\" title=\"https:\/\/elpais.com\/economia\/2025-10-29\/la-fed-se-prepara-para-reducir-los-tipos-de-nuevo-ante-las-dudas-por-el-deterioro-del-mercado-laboral.html?outputType=amp\">rebajar los tipos de inter\u00e9s en 0,25 puntos porcentuales<\/a> hasta un rango de entre el 3,75% y el 4%. Se trata de <a href=\"https:\/\/elpais.com\/economia\/2025-09-17\/la-reserva-federal-baja-los-tipos-025-puntos-pero-la-presion-de-trump-desde-dentro-no-afloja.html\" target=\"_self\" rel=\"nofollow noopener\" title=\"https:\/\/elpais.com\/economia\/2025-09-17\/la-reserva-federal-baja-los-tipos-025-puntos-pero-la-presion-de-trump-desde-dentro-no-afloja.html\">la segunda rebaja consecutiva del precio del dinero<\/a>, despu\u00e9s de otra similar en septiembre para tratar de dinamizar la actividad econ\u00f3mica.<\/p>\n<p class=\"\">\u201cSeguimos enfrentando riesgos en ambos sentidos\u201d, ha manifestado el presidente de la Reserva Federal, Jeromen Powell, este mi\u00e9rcoles durante la rueda de prensa posterior a la reuni\u00f3n de la junta de gobernadores. \u201cEn los debates del Comit\u00e9 durante esta reuni\u00f3n, hubo opiniones muy divergentes sobre c\u00f3mo proceder en diciembre. Una nueva reducci\u00f3n de la tasa de pol\u00edtica monetaria en la reuni\u00f3n de diciembre no es una conclusi\u00f3n inevitable. Ni mucho menos\u201d, ha se\u00f1alado.<\/p>\n<p class=\"\">Esas palabras han provocado la reacci\u00f3n de los mercados financieros. El \u00edndice industrial SP 500 se ha dado la vuelta y ha pasado de registrar ganancias durante la sesi\u00f3n a registrar ca\u00eddas de casi medio punto. <\/p>\n<p class=\"\">Las se\u00f1ales que anticipan una moderaci\u00f3n del crecimiento de la primera econom\u00eda del mundo empiezan a acumularse a pesar del <a href=\"https:\/\/elpais.com\/internacional\/2025-10-01\/en-el-epicentro-del-cierre-del-gobierno-la-ciudad-fantasma-de-washington-se-prepara-para-un-largo-cerrojazo.html\" target=\"_self\" rel=\"nofollow noopener\" title=\"https:\/\/elpais.com\/internacional\/2025-10-01\/en-el-epicentro-del-cierre-del-gobierno-la-ciudad-fantasma-de-washington-se-prepara-para-un-largo-cerrojazo.html\">apag\u00f3n estad\u00edstico del Gobierno de Estados Unidos.<\/a> Decenas de agencias federales han cerrado o est\u00e1n a medio gas por la incapacidad de republicanos y dem\u00f3cratas para negociar una pr\u00f3rroga presupuestaria. Aun as\u00ed, los \u00faltimos datos conocidos apuntan a una <a href=\"https:\/\/elpais.com\/economia\/2025-09-05\/trump-pone-fin-a-cuatro-anos-ininterrumpidos-de-creacion-de-empleo-en-estados-unidos.html\" target=\"_self\" rel=\"nofollow noopener\" title=\"https:\/\/elpais.com\/economia\/2025-09-05\/trump-pone-fin-a-cuatro-anos-ininterrumpidos-de-creacion-de-empleo-en-estados-unidos.html\">desaceleraci\u00f3n del mercado laboral<\/a>. La confianza de los consumidores se deterior\u00f3 en septiembre por tercer mes consecutivo y ya est\u00e1 por debajo de los niveles del a\u00f1o pasado, seg\u00fan el indicador publicado ayer. A ello contribuyen la preocupaci\u00f3n por el mercado laboral, el coste de la vida y un significativo aumento de la incertidumbre por los aranceles aprobados por el presidente de Estados Unidos, Donald Trump.<\/p>\n<p class=\"\">Los funcionarios de la Reserva Federal advirtieron en la anterior reuni\u00f3n del <a href=\"https:\/\/cincodias.elpais.com\/economia\/2025-10-08\/las-actas-de-la-fed-evidencian-el-delicado-equilibrio-entre-la-inflacion-y-la-salud-del-empleo-en-ee-uu.html\" target=\"_self\" rel=\"nofollow noopener\" title=\"https:\/\/cincodias.elpais.com\/economia\/2025-10-08\/las-actas-de-la-fed-evidencian-el-delicado-equilibrio-entre-la-inflacion-y-la-salud-del-empleo-en-ee-uu.html\">complejo equilibrio entre inflaci\u00f3n y la salud del mercado laboral<\/a>. Precisamente, la estabilidad de estas dos variables constituyen el mandato de los responsables de la pol\u00edtica monetaria de Estados Unidos. <\/p>\n<p class=\"\">Las revisiones a la baja de las cifras de empleo de Estados Unidos muestran<a href=\"https:\/\/elpais.com\/us\/economia\/2025-10-16\/la-politica-migratoria-de-trump-reduce-mano-de-obra-retrasa-proyectos-y-sube-costos-segun-la-fed.html\" target=\"_self\" rel=\"nofollow noopener\" title=\"https:\/\/elpais.com\/us\/economia\/2025-10-16\/la-politica-migratoria-de-trump-reduce-mano-de-obra-retrasa-proyectos-y-sube-costos-segun-la-fed.html\"> un deterioro m\u00e1s agudo del esperado en la creaci\u00f3n de puestos de trabajo<\/a>. A pesar de ello, el dato de paro se mantiene hist\u00f3ricamente bajo, en el 4,3%, una tasa que los economistas denominan pleno empleo. Los analistas explican que esta aparente divergencia, se explica por la reducci\u00f3n de la oferta de mano de obra debido al endurecimiento de las pol\u00edticas migratorias de Trump. Se producen pocas contrataciones, pero tambi\u00e9n pocos despidos. En resumen, <a href=\"https:\/\/elpais.com\/us\/economia\/2025-07-05\/la-politica-antimigrantes-de-trump-reducira-el-crecimiento-de-estados-unidos-en-2025-en-mas-de-10-billones-de-dolares.html\" target=\"_self\" rel=\"nofollow noopener\" title=\"https:\/\/elpais.com\/us\/economia\/2025-07-05\/la-politica-antimigrantes-de-trump-reducira-el-crecimiento-de-estados-unidos-en-2025-en-mas-de-10-billones-de-dolares.html\">las empresas firman menos contratos, pero hay menos personas dispuestas a trabajar<\/a>. Habr\u00e1 que ver durante cu\u00e1nto tiempo se puede mantener esta paradoja.<\/p>\n<p class=\"\">Las dudas se est\u00e1n trasladando tambi\u00e9n al mercado de la vivienda. El precio de las casas en Estados Unidos avanz\u00f3 el pasado agosto al menor nivel en dos a\u00f1os, seg\u00fan datos de S&amp;P Cotality Case-Shiller publicados este martes. El mercado inmobiliario corre el riesgo de ralentizarse a\u00fan m\u00e1s tras el despido de miles de trabajadores federales por las pol\u00edticas de recorte de Trump y las consecuencias del shutdown, como se conoce en ingl\u00e9s al cierre gubernamental, que impide que cientos de miles de funcionarios p\u00fablicos cobren sus n\u00f3minas.<\/p>\n<p>M\u00e1s informaci\u00f3n<\/p>\n<p class=\"\">Este jueves se conocer\u00e1 el dato de crecimiento econ\u00f3mico de Estados Unidos durante el tercer trimestre, que permitir\u00e1 poner cifras al extendido sentimiento de inquietud econ\u00f3mica. Estados Unidos corre el riesgo de caer en la estanflaci\u00f3n, una etapa de bajo crecimiento y alta inflaci\u00f3n, que es letal para el bolsillo de ciudadanos y empresas.<\/p>\n<p class=\"\">Mientras tanto, la inflaci\u00f3n no da tregua, <a href=\"https:\/\/elpais.com\/economia\/2025-10-24\/la-inflacion-en-estados-unidos-repunta-hasta-el-3-en-septiembre-por-el-encarecimiento-de-la-gasolina.html\" target=\"_self\" rel=\"nofollow noopener\" title=\"https:\/\/elpais.com\/economia\/2025-10-24\/la-inflacion-en-estados-unidos-repunta-hasta-el-3-en-septiembre-por-el-encarecimiento-de-la-gasolina.html\">el pasado septiembre escal\u00f3 una d\u00e9cima hasta el 3%<\/a>, el nivel m\u00e1s elevado desde el pasado enero. La inflaci\u00f3n subyacente, que no tiene en cuenta los productos m\u00e1s vol\u00e1tiles de la cesta de la compra, como los alimentos frescos y la energ\u00eda, tambi\u00e9n escal\u00f3 hasta el 3%, por encima del objetivo de la Reserva Federal. <\/p>\n<p class=\"\"><a href=\"https:\/\/elpais.com\/economia\/2025-10-16\/kristalina-georgieva-fmi-pide-apostar-por-el-comercio-como-motor-de-crecimiento-para-combatir-el-descontento-social.html\" target=\"_self\" rel=\"nofollow noopener\" title=\"https:\/\/elpais.com\/economia\/2025-10-16\/kristalina-georgieva-fmi-pide-apostar-por-el-comercio-como-motor-de-crecimiento-para-combatir-el-descontento-social.html\">La incertidumbre por las consecuencias reales que los aranceles <\/a>tendr\u00e1n sobre la econom\u00eda est\u00e1 afectando a las empresas. Muchas lograron amortiguar el impacto anticipando compras y reduciendo m\u00e1rgenes en el trimestre anterior. Pero la inflaci\u00f3n sufrir\u00e1 m\u00e1s tensi\u00f3n y la econom\u00eda pod\u00eda enfriarse, conforme el recorrido de esa estrategia empiece a agotarse y las compa\u00f1\u00edas empiecen a trasladar a los precios el aumento de costes por los grav\u00e1menes a la importaci\u00f3n.<\/p>\n<p class=\"\">Habr\u00e1 que esperar a la pr\u00f3xima cita del Comit\u00e9 Federal del Mercado Abierto (FOMC, en sus siglas en ingl\u00e9s), el \u00f3rgano de la Fed que decide sobre los tipos de inter\u00e9s, para ver c\u00f3mo han cambiado las preocupaciones entre estas fuerzas contrapuestas: repunte de la inflaci\u00f3n y desaceleraci\u00f3n econ\u00f3mica. <\/p>\n<p class=\"\">La reuni\u00f3n se ha producido en un clima enrarecido ante l<a href=\"https:\/\/elpais.com\/economia\/2025-10-14\/el-fmi-advierte-sobre-las-presiones-de-trump-a-la-reserva-federal.html\" target=\"_self\" rel=\"nofollow noopener\" title=\"https:\/\/elpais.com\/economia\/2025-10-14\/el-fmi-advierte-sobre-las-presiones-de-trump-a-la-reserva-federal.html\">as crecientes presiones del presidente Trump<\/a> para controlar la Reserva Federal. El republicano ha emprendido hace meses una campa\u00f1a de acoso y derribo contra el presidente de la Fed, Jerome Powell, al que ha insultado y faltado el respeto en repetidas ocasiones en busca de su dimisi\u00f3n. El inquilino de la Casa Blanca quiere una pol\u00edtica monetaria m\u00e1s agresiva que ahonde en la rebaja de tipos para acelerar la actividad econ\u00f3mica, cuando queda poco m\u00e1s de un a\u00f1o para las elecciones de mitad de mandato, que puede recortar el poder de los republicanos.<\/p>\n<p class=\"\">De momento, Trump ya ha colocado a uno de sus ac\u00f3litos, <a href=\"https:\/\/elpais.com\/economia\/2025-08-07\/christopher-waller-gana-posiciones-para-sustituir-a-powell-al-frente-de-la-reserva-federal.html\" target=\"_self\" rel=\"nofollow noopener\" title=\"https:\/\/elpais.com\/economia\/2025-08-07\/christopher-waller-gana-posiciones-para-sustituir-a-powell-al-frente-de-la-reserva-federal.html\">Stephen Miran, que fue miembro del consejo de asesores del presidente<\/a>, en la junta de gobierno de la Reserva Federal. En la anterior reuni\u00f3n de la Fed, Miran vot\u00f3 en contra de rebajar los tipos un cuarto de puntos porque quer\u00eda una rebaja m\u00e1s agresiva, seg\u00fan revelas las actas publicadas hace un par de semanas. En esta reuni\u00f3n ha votado para que la rebaja fuera de medio punto porcentual. Otro de los gobernadores, el presidente de la Reserva Federal de Kansas, Jeffrey R. Schmid, ha votado para mantener el precio del dinero en su nivel actual.<\/p>\n<p class=\"\">La otra cuesti\u00f3n que estaba sobre la mesa en la reuni\u00f3n celebrada este mi\u00e9rcoles era decidir la fecha para poner fin el programa de reducci\u00f3n del balance de la Fed. En las \u00faltimas crisis, sobre todo en la pandemia, el Banco Central compr\u00f3 bonos del Tesoro de Estados Unidos y otros t\u00edtulos respaldados por hipotecas para garantizar la liquidez del sistema financiero en las \u00e9pocas de turbulencias. Pero la Fed lleva dos a\u00f1os reduciendo el balance para restaurar el equilibrio financiero. <\/p>\n<p class=\"\">Desde 2022, ha pasado de tener activos por nueve billones de d\u00f3lares a 6,6 billones. Powell hab\u00eda lanzado mensajes de que planeaba adelantar el fin de este programa al primer trimestre de 2026, pero las tensiones en los mercados hicieron especular a los analistas que podr\u00eda poner fin en esta reuni\u00f3n. La junta de gobernadores, sin embargo, explica en la nota que el programa terminar\u00e1 en diciembre de este a\u00f1o.<\/p>\n","protected":false},"excerpt":{"rendered":"Ante el miedo a una ralentizaci\u00f3n econ\u00f3mica y el riesgo al descontrol de los precios, la Reserva Federal&hellip;\n","protected":false},"author":2,"featured_media":207735,"comment_status":"","ping_status":"","sticky":false,"template":"","format":"standard","meta":{"footnotes":""},"categories":[80],"tags":[82,352,95,94,5509,25,24,4120,629,56533,1847,1845,7100,102,1843,23,1846],"class_list":{"0":"post-207734","1":"post","2":"type-post","3":"status-publish","4":"format-standard","5":"has-post-thumbnail","7":"category-economia","8":"tag-business","9":"tag-donald-trump","10":"tag-economia","11":"tag-economy","12":"tag-empleo","13":"tag-es","14":"tag-espana","15":"tag-estadisticas","16":"tag-estados-unidos","17":"tag-expansion-cuantitativa","18":"tag-inflacion","19":"tag-jerome-powell","20":"tag-mercado-laboral","21":"tag-politica-monetaria","22":"tag-reserva-federal","23":"tag-spain","24":"tag-tipos-interes"},"share_on_mastodon":{"url":"https:\/\/pubeurope.com\/@es\/115458952664111542","error":""},"_links":{"self":[{"href":"https:\/\/www.europesays.com\/es\/wp-json\/wp\/v2\/posts\/207734","targetHints":{"allow":["GET"]}}],"collection":[{"href":"https:\/\/www.europesays.com\/es\/wp-json\/wp\/v2\/posts"}],"about":[{"href":"https:\/\/www.europesays.com\/es\/wp-json\/wp\/v2\/types\/post"}],"author":[{"embeddable":true,"href":"https:\/\/www.europesays.com\/es\/wp-json\/wp\/v2\/users\/2"}],"replies":[{"embeddable":true,"href":"https:\/\/www.europesays.com\/es\/wp-json\/wp\/v2\/comments?post=207734"}],"version-history":[{"count":0,"href":"https:\/\/www.europesays.com\/es\/wp-json\/wp\/v2\/posts\/207734\/revisions"}],"wp:featuredmedia":[{"embeddable":true,"href":"https:\/\/www.europesays.com\/es\/wp-json\/wp\/v2\/media\/207735"}],"wp:attachment":[{"href":"https:\/\/www.europesays.com\/es\/wp-json\/wp\/v2\/media?parent=207734"}],"wp:term":[{"taxonomy":"category","embeddable":true,"href":"https:\/\/www.europesays.com\/es\/wp-json\/wp\/v2\/categories?post=207734"},{"taxonomy":"post_tag","embeddable":true,"href":"https:\/\/www.europesays.com\/es\/wp-json\/wp\/v2\/tags?post=207734"}],"curies":[{"name":"wp","href":"https:\/\/api.w.org\/{rel}","templated":true}]}}