{"id":207739,"date":"2025-10-29T18:51:30","date_gmt":"2025-10-29T18:51:30","guid":{"rendered":"https:\/\/www.europesays.com\/es\/207739\/"},"modified":"2025-10-29T18:51:30","modified_gmt":"2025-10-29T18:51:30","slug":"la-inaccion-contra-el-cambio-climatico-causa-millones-de-muertes-evitables","status":"publish","type":"post","link":"https:\/\/www.europesays.com\/es\/207739\/","title":{"rendered":"La inacci\u00f3n contra el cambio clim\u00e1tico causa millones de muertes evitables"},"content":{"rendered":"<p>    <img src=\"https:\/\/www.europesays.com\/es\/wp-content\/uploads\/2025\/10\/2025-10-29T123A523A15Z-90245399.jpg\" width=\"613\" height=\"768\" alt=\"\" loading=\"eager\" decoding=\"sync\" fetchpriority=\"high\"\/><\/p>\n<p>            afp_tickers        <\/p>\n<p>        Este contenido fue publicado en    <\/p>\n<p>        29 octubre 2025 &#8211; 13:52\n<\/p>\n<p>El cambio clim\u00e1tico golpea la salud de personas en todo el mundo y la inacci\u00f3n pol\u00edtica provoca \u00abmillones\u00bb de muertes evitables cada a\u00f1o, inform\u00f3 el mi\u00e9rcoles un equipo internacional de expertos.<\/p>\n<p>\u00abEl cambio clim\u00e1tico amenaza la salud a un nivel sin precedentes\u00bb, advirti\u00f3 el Lancet Countdown, un informe elaborado cada a\u00f1o por un centenar de investigadores internacionales coordinados por el University College London y la Organizaci\u00f3n Mundial de la Salud (OMS).<\/p>\n<p>El mensaje da continuidad a las ediciones anteriores en momentos que las temperaturas promedio mundiales contin\u00faan aumentando, una tendencia impulsada por el uso de energ\u00edas f\u00f3siles, que alcanz\u00f3 un nuevo r\u00e9cord en 2024.<\/p>\n<p>El informe, publicado semanas antes de la cumbre clim\u00e1tica COP30 en Brasil, enumera las consecuencias del calentamiento para la salud: olas de calor, sequ\u00edas, contaminaci\u00f3n del aire, incendios forestales y m\u00e1s.<\/p>\n<p>Por primera vez, el informe ofrece estimaciones precisas sobre la mortalidad relacionada con algunos de estos fen\u00f3menos.<\/p>\n<p>Seg\u00fan los autores, un promedio de 546.000 personas murieron cada a\u00f1o entre 2012 y 2021 a causa del calor, un aumento significativo comparado con los a\u00f1os 1990.<\/p>\n<p>Asimismo, el humo de los incendios forestales habr\u00eda provocado 154.000 muertes en 2024.<\/p>\n<p>La contaminaci\u00f3n general del aire y la que es provocada por el uso de energ\u00edas f\u00f3siles caus\u00f3 m\u00e1s de 2,5 millones de muertes en 2022, seg\u00fan el estudio.<\/p>\n<p>Cada a\u00f1o hay \u00abmillones de muertes evitables\u00bb a causa de la inacci\u00f3n de los Estados en materia de lucha contra el calentamiento clim\u00e1tico, concluye el informe.<\/p>\n<p>Como en ediciones anteriores, los autores lamentan que las energ\u00edas f\u00f3siles contin\u00faan fuertemente subvencionadas por los Estados.<\/p>\n<p>Ese apoyo corresponde, en particular, a las ayudas p\u00fablicas otorgadas por numerosos pa\u00edses europeos a su poblaci\u00f3n para reducir las facturas de energ\u00eda, las cuales aumentaron debido al conflicto entre Rusia y Ucrania.<\/p>\n<p>El informe se\u00f1ala tambi\u00e9n la disminuci\u00f3n de la ayuda de los pa\u00edses ricos al desarrollo de los m\u00e1s pobres, que a menudo es esencial para la adaptaci\u00f3n al cambio clim\u00e1tico.<\/p>\n<p>Esta tendencia se explica principalmente por los cortes dr\u00e1sticos realizados por el gobierno del presidente estadounidense Donald Trump, pero tambi\u00e9n por la acci\u00f3n de otros pa\u00edses occidentales como Alemania o Francia.<\/p>\n<p>jdy\/ic\/alu\/sba\/mas\/cr<\/p>\n","protected":false},"excerpt":{"rendered":"afp_tickers Este contenido fue publicado en 29 octubre 2025 &#8211; 13:52 El cambio clim\u00e1tico golpea la salud de&hellip;\n","protected":false},"author":2,"featured_media":207740,"comment_status":"","ping_status":"","sticky":false,"template":"","format":"standard","meta":{"footnotes":""},"categories":[5],"tags":[56534,17,18,637,638,56535,756,14687,25,24,13,14,5595,15535,26324,29888,11,165,19,20,7906,9,10,15,16,23,90,12,21,22,15537],"class_list":{"0":"post-207739","1":"post","2":"type-post","3":"status-publish","4":"format-standard","5":"has-post-thumbnail","7":"category-titulares","8":"tag-air-pollution","9":"tag-breaking-news","10":"tag-breakingnews","11":"tag-disaster","12":"tag-disaster-general","13":"tag-energy-resources","14":"tag-environment","15":"tag-environmental-pollution","16":"tag-es","17":"tag-espana","18":"tag-featured-news","19":"tag-featurednews","20":"tag-fire","21":"tag-global-change","22":"tag-global-warming","23":"tag-government-health-care","24":"tag-headlines","25":"tag-health","26":"tag-latest-news","27":"tag-latestnews","28":"tag-natural-resources","29":"tag-news","30":"tag-noticias","31":"tag-noticias-destacadas","32":"tag-noticiasdestacadas","33":"tag-spain","34":"tag-ticker","35":"tag-titulares","36":"tag-ultimas-noticias","37":"tag-ultimasnoticias","38":"tag-weather"},"share_on_mastodon":{"url":"","error":"Validation failed: Text character limit of 500 exceeded"},"_links":{"self":[{"href":"https:\/\/www.europesays.com\/es\/wp-json\/wp\/v2\/posts\/207739","targetHints":{"allow":["GET"]}}],"collection":[{"href":"https:\/\/www.europesays.com\/es\/wp-json\/wp\/v2\/posts"}],"about":[{"href":"https:\/\/www.europesays.com\/es\/wp-json\/wp\/v2\/types\/post"}],"author":[{"embeddable":true,"href":"https:\/\/www.europesays.com\/es\/wp-json\/wp\/v2\/users\/2"}],"replies":[{"embeddable":true,"href":"https:\/\/www.europesays.com\/es\/wp-json\/wp\/v2\/comments?post=207739"}],"version-history":[{"count":0,"href":"https:\/\/www.europesays.com\/es\/wp-json\/wp\/v2\/posts\/207739\/revisions"}],"wp:featuredmedia":[{"embeddable":true,"href":"https:\/\/www.europesays.com\/es\/wp-json\/wp\/v2\/media\/207740"}],"wp:attachment":[{"href":"https:\/\/www.europesays.com\/es\/wp-json\/wp\/v2\/media?parent=207739"}],"wp:term":[{"taxonomy":"category","embeddable":true,"href":"https:\/\/www.europesays.com\/es\/wp-json\/wp\/v2\/categories?post=207739"},{"taxonomy":"post_tag","embeddable":true,"href":"https:\/\/www.europesays.com\/es\/wp-json\/wp\/v2\/tags?post=207739"}],"curies":[{"name":"wp","href":"https:\/\/api.w.org\/{rel}","templated":true}]}}