{"id":207741,"date":"2025-10-29T18:55:07","date_gmt":"2025-10-29T18:55:07","guid":{"rendered":"https:\/\/www.europesays.com\/es\/207741\/"},"modified":"2025-10-29T18:55:07","modified_gmt":"2025-10-29T18:55:07","slug":"con-la-presencia-de-los-mejores-golfistas-del-pais-comenzo-un-importante-torneo-en-los-canales","status":"publish","type":"post","link":"https:\/\/www.europesays.com\/es\/207741\/","title":{"rendered":"Con la presencia de los mejores golfistas del pa\u00eds, comenz\u00f3 un importante torneo en Los Canales"},"content":{"rendered":"<p>Comenz\u00f3 el torneo que trae a <strong>Neuqu\u00e9n <\/strong>al mapa del circuito profesional del golf<strong\/> de Argentina: el <strong>\u00abYPF Neuqu\u00e9n Invitational by Macro\u00bb. <\/strong>El acto de apertura se realiz\u00f3 en el<strong> <a href=\"https:\/\/www.lmneuquen.com\/neuquen\/los-canales-plottier-celebro-la-inauguracion-su-imponente-club-house-n1215162\" target=\"_blank\" rel=\"follow nofollow noopener\"> club house de Los Canales <\/a><\/strong> en Plottier este mi\u00e9rcoles por la ma\u00f1ana. El evento se desarrollar\u00e1 hasta el domingo.<\/p>\n<p>El YPF Neuqu\u00e9n Invitational by Macro es un <strong>campeonato oficial del Tour de Profesionales de Golf de Argentina <\/strong>(TPGA) y se disputa en formato <strong>Medal Play<\/strong> a 72 hoyos, en Los Canales Golf Club de Plottier. El evento re\u00fane a destacados profesionales y aficionados de hasta 7 de h\u00e1ndicap en un escenario patag\u00f3nico de nivel internacional.<\/p>\n<p>los Canales de Plotier &#8211; conferencia Torneo de Golf (8)   <\/p>\n<p>  <img loading=\"lazy\" decoding=\"async\" src=\"https:\/\/www.lmneuquen.com\/css-custom\/195\/lazy.svg\" data-td-src-property=\"https:\/\/media.lmneuquen.com\/p\/32a76d995985c66d1cd2a7299afafe96\/adjuntos\/195\/imagenes\/008\/068\/0008068650\/770x0\/smart\/los-canales-plotier-conferencia-torneo-golf-8.jpg\" alt=\"\" title=\"\" width=\"770\" height=\"471\" id=\"1185155-Libre-208166500_embed\"\/>     Neuqu\u00e9n se ubica en el mapa del golf argentino <\/p>\n<p>En los \u00faltimos a\u00f1os, <strong>Neuqu\u00e9n se ha establecido como un actor pujante <\/strong>en lo que respecta a campos de golf y torneos profesionales. Las canchas destacan por su calidad en dise\u00f1o, impecable mantenimiento y capacidad competitiva.<\/p>\n<p><strong>Franco Romero<\/strong>, actualmente top 1 del ranking argentino de profesionales de golf, habl\u00f3 con <strong>LM Neuqu\u00e9n<\/strong> sobre las canchas de la provincia: \u00ab<strong>Las canchas est\u00e1n incre\u00edbles<\/strong>, la verdad que no conoc\u00eda justamente este club, top tres de los mejores del pa\u00eds, muy muy lindo e incre\u00edblemente competitivo\u00bb.<\/p>\n<p>los Canales de Plotier &#8211; conferencia Torneo de Golf (12)   <\/p>\n<p>  <img loading=\"lazy\" decoding=\"async\" src=\"https:\/\/www.lmneuquen.com\/css-custom\/195\/lazy.svg\" data-td-src-property=\"https:\/\/media.lmneuquen.com\/p\/ed665827981d520a55058080fcd5dc3f\/adjuntos\/195\/imagenes\/008\/068\/0008068662\/770x0\/smart\/los-canales-plotier-conferencia-torneo-golf-12.jpg\" alt=\"Franco Romero, top 1 del ranking argentino de golf\" title=\"Franco Romero, top 1 del ranking argentino de golf\" width=\"770\" height=\"471\" id=\"1185159-Libre-1758929071_embed\"\/>    <\/p>\n<p>Franco Romero, top 1 del ranking argentino de golf<\/p>\n<p>Claudio Espinoza<\/p>\n<p class=\"\" dir=\"auto\" data-mrf-recirculation=\"Links art\u00edculo\">\u201cQue nos visiten muchos de los mejores profesionales del pa\u00eds lo ve\u00edamos hace alg\u00fan tiempo como algo muy lejano y hoy es una realidad. <strong>Estamos preparados para estar a la altura del campeonato<\/strong>, el campo est\u00e1 en excelentes condiciones, hay un gran equipo de trabajo detr\u00e1s y han sido fundamentales los sponsors que hicieron posible este evento\u201d, se\u00f1al\u00f3 <strong>Andr\u00e9s Furlotti Wagner<\/strong>, presidente de la subcomisi\u00f3n de Golf de Los Canales Golf Club.<\/p>\n<p class=\"\" dir=\"auto\" data-mrf-recirculation=\"Links art\u00edculo\">\u00ab<strong>Esta cancha est\u00e1 dise\u00f1ada por una leyenda del golf mundial <\/strong>y realmente estamos orgullosos de que nos vengan a visitar\u00bb, agreg\u00f3 Furlotti.<\/p>\n<p>los Canales de Plotier &#8211; conferencia Torneo de Golf (3)   <\/p>\n<p>  <img loading=\"lazy\" decoding=\"async\" src=\"https:\/\/www.lmneuquen.com\/css-custom\/195\/lazy.svg\" data-td-src-property=\"https:\/\/media.lmneuquen.com\/p\/5173acadf85b5ebe7c6f5efcfcc942c2\/adjuntos\/195\/imagenes\/008\/068\/0008068635\/770x0\/smart\/los-canales-plotier-conferencia-torneo-golf-3.jpg\" alt=\"\" title=\"\" width=\"770\" height=\"471\" id=\"1185150-Libre-1962621998_embed\"\/>     <\/p>\n<p class=\"\" dir=\"auto\" data-mrf-recirculation=\"Links art\u00edculo\">El golfista Romero rescat\u00f3 la calidad del dise\u00f1o y el mantenimiento de las canchas de la provincia de Neuqu\u00e9n, sobre todo de Los Canales Golf Club y de Chapelco Golf, ubicada en San Martin de Los Andes. Ambos clubes han sabido ser anfitriones de torneos internacionales de alto calibre. Romero afirma que son de las mejores a nivel latinoamericano.<\/p>\n<p>Todos los expositores <strong>resaltaron la figura del dise\u00f1ador de la cancha<\/strong>: la leyenda del golf, <strong>Jack Nicklaus<\/strong>. El exjugador estadounidense (para algunos el mejor de la historia) tambi\u00e9n dise\u00f1\u00f3 el campo de Chapelco Golf.<\/p>\n<p class=\"\" dir=\"auto\" data-mrf-recirculation=\"Links art\u00edculo\">Por su parte, el ministro de turismo de la provincia, <strong>Gustavo Fern\u00e1ndez Capiet<\/strong>, afirm\u00f3 en la conferencia de prensa de apertura que, \u00abde parte de la provincia, tener al Tour de Profesionales del Golf Argentino en Neuqu\u00e9n es un honor\u00bb.<\/p>\n<p>los Canales de Plotier &#8211; conferencia Torneo de Golf (11)   <\/p>\n<p>  <img loading=\"lazy\" decoding=\"async\" src=\"https:\/\/www.lmneuquen.com\/css-custom\/195\/lazy.svg\" data-td-src-property=\"https:\/\/media.lmneuquen.com\/p\/92452587fe49a5af9c84e97b553a86b6\/adjuntos\/195\/imagenes\/008\/068\/0008068659\/770x0\/smart\/los-canales-plotier-conferencia-torneo-golf-11.jpg\" alt=\"\" title=\"\" width=\"770\" height=\"471\" id=\"1185158-Libre-1379503013_embed\"\/>     <\/p>\n<p class=\"\" dir=\"auto\" data-mrf-recirculation=\"Links art\u00edculo\">Expres\u00f3, adem\u00e1s, que desde el gobierno creen en la importancia del deporte para la comunidad. Por otro lado, el ministro agreg\u00f3 que reconocen el valor de las canchas de golf de Neuqu\u00e9n. Afirm\u00f3 que \u00ab<strong>una cosa es cuando uno dice &#8216;tenemos esto&#8217; y otra cosa es cuando vienen profesionales de verdad <\/strong>y dicen &#8216;esto que tienen realmente est\u00e1 bueno&#8217;. Entonces, estamos agradecidos, desde ya, con todos los que vinieron.\u00bb<\/p>\n<p class=\"\" dir=\"auto\" data-mrf-recirculation=\"Links art\u00edculo\">El profesional del club, <strong>Martin Muscarsel<\/strong>, invit\u00f3 a la comunidad a acercarse al club y practicar el deporte. \u00abQuiero referirme a un mito que se tiene, que es que el golf es un deporte muy exclusivo. Ac\u00e1<strong> tenemos escuela de menores, amateurs y adultos, que son muy accesibles<\/strong>\u00ab<strong>.<\/strong><\/p>\n<p>  <strong> Protagonistas importantes<\/strong>  <\/p>\n<p class=\"\" dir=\"auto\" data-mrf-recirculation=\"Links art\u00edculo\">En el torneo hay varios nombres y apellidos fuertes para lo que es el golf a nivel pa\u00eds y as\u00ed lo inform\u00f3 la organizaci\u00f3n.<\/p>\n<ul class=\"\">\n<li class=\"\" dir=\"auto\" aria-level=\"1\">\n<p id=\"viewer-h6twb669\" class=\"\" dir=\"\" data-mrf-recirculation=\"Links art\u00edculo\"><strong>Fabi\u00e1n G\u00f3mez<\/strong> \u2013 dos veces ganador en el PGA TOUR.<\/p>\n<\/li>\n<li class=\"\" dir=\"auto\" aria-level=\"1\">\n<p id=\"viewer-qsn8m673\" class=\"\" dir=\"\" data-mrf-recirculation=\"Links art\u00edculo\"> <strong>Ignacio Marino<\/strong> \u2013 N\u00ba1 del ranking argentino 2024.<\/p>\n<\/li>\n<li class=\"\" dir=\"auto\" aria-level=\"1\">\n<p id=\"viewer-j7p7q677\" class=\"\" dir=\"\" data-mrf-recirculation=\"Links art\u00edculo\"> <strong>Franco Romero<\/strong> \u2013 N\u00ba1 del ranking argentino 2025 y campe\u00f3n en Salta 2025.<\/p>\n<\/li>\n<li class=\"\" dir=\"auto\" aria-level=\"1\">\n<p id=\"viewer-fmhg2681\" class=\"\" dir=\"\" data-mrf-recirculation=\"Links art\u00edculo\"> <strong>C\u00e9sar Costilla<\/strong> \u2013 N\u00ba2 del ranking argentino 2025.<\/p>\n<\/li>\n<li class=\"\" dir=\"auto\" aria-level=\"1\">\n<p id=\"viewer-1b0hd685\" class=\"\" dir=\"\" data-mrf-recirculation=\"Links art\u00edculo\"> <strong>Clodomiro Carranza <\/strong>\u2013 ganador del Neuqu\u00e9n Argentina Classic 2018.<\/p>\n<\/li>\n<li class=\"\" dir=\"auto\" aria-level=\"1\">\n<p id=\"viewer-iy1t7689\" class=\"\" dir=\"\" data-mrf-recirculation=\"Links art\u00edculo\"> <strong>Mart\u00edn Contini<\/strong> \u2013 ex jugador del Korn Ferry Tour.<\/p>\n<\/li>\n<li class=\"\" dir=\"auto\" aria-level=\"1\">\n<p id=\"viewer-0ycfn693\" class=\"\" dir=\"\" data-mrf-recirculation=\"Links art\u00edculo\"> <strong>Ezequiel Belloqui <\/strong>\u2013 N\u00ba5 del ranking argentino.<\/p>\n<\/li>\n<li class=\"\" dir=\"auto\" aria-level=\"1\">\n<p id=\"viewer-ihgje697\" class=\"\" dir=\"\" data-mrf-recirculation=\"Links art\u00edculo\"> <strong>Leandro Marelli<\/strong> \u2013 m\u00faltiple ganador en el TPG Tour.<\/p>\n<\/li>\n<li class=\"\" dir=\"auto\" aria-level=\"1\">\n<p id=\"viewer-iy4ci701\" class=\"\" dir=\"\" data-mrf-recirculation=\"Links art\u00edculo\"> <strong>Joaqu\u00edn Lude\u00f1a<\/strong> \u2013 campe\u00f3n del Abierto del Litoral como aficionado.<\/p>\n<\/li>\n<\/ul>\n<p> <strong>El itinerario del torneo<\/strong>  <\/p>\n<ul class=\"\">\n<li class=\"\" dir=\"auto\" aria-level=\"1\">\n<p id=\"viewer-kpsvm710\" class=\"\" dir=\"\" data-mrf-recirculation=\"Links art\u00edculo\"><strong> Mi\u00e9rcoles 29:<\/strong> Pro-Am en doble turno (8:30\u20139:30 y 12:20\u201313:30) y premiaci\u00f3n (18:00).<\/p>\n<\/li>\n<li class=\"\" dir=\"auto\" aria-level=\"1\">\n<p id=\"viewer-zpiwr714\" class=\"\" dir=\"\" data-mrf-recirculation=\"Links art\u00edculo\"> <strong>Jueves 30:<\/strong> Primera ronda del torneo.<\/p>\n<\/li>\n<li class=\"\" dir=\"auto\" aria-level=\"1\">\n<p id=\"viewer-vj8hu718\" class=\"\" dir=\"\" data-mrf-recirculation=\"Links art\u00edculo\"> <strong>Viernes 31<\/strong>: Segunda ronda y corte clasificatorio.<\/p>\n<\/li>\n<li class=\"\" dir=\"auto\" aria-level=\"1\">\n<p id=\"viewer-6vpd5722\" class=\"\" dir=\"\" data-mrf-recirculation=\"Links art\u00edculo\"> <strong>S\u00e1bado 1\/11<\/strong>: Tercera ronda y cl\u00ednica de golf (16:00).<\/p>\n<\/li>\n<li class=\"\" dir=\"auto\" aria-level=\"1\">\n<p id=\"viewer-3ow83726\" class=\"\" dir=\"\" data-mrf-recirculation=\"Links art\u00edculo\"> <strong>Domingo 2\/11<\/strong>: Ronda final y entrega de premios (18:00).<\/p>\n<\/li>\n<\/ul>\n","protected":false},"excerpt":{"rendered":"Comenz\u00f3 el torneo que trae a Neuqu\u00e9n al mapa del circuito profesional del golf de Argentina: el \u00abYPF&hellip;\n","protected":false},"author":2,"featured_media":207742,"comment_status":"","ping_status":"","sticky":false,"template":"","format":"standard","meta":{"footnotes":""},"categories":[275],"tags":[168,25,24,329,23,167],"class_list":{"0":"post-207741","1":"post","2":"type-post","3":"status-publish","4":"format-standard","5":"has-post-thumbnail","7":"category-golf","8":"tag-deportes","9":"tag-es","10":"tag-espana","11":"tag-golf","12":"tag-spain","13":"tag-sports"},"share_on_mastodon":{"url":"https:\/\/pubeurope.com\/@es\/115458980704561344","error":""},"_links":{"self":[{"href":"https:\/\/www.europesays.com\/es\/wp-json\/wp\/v2\/posts\/207741","targetHints":{"allow":["GET"]}}],"collection":[{"href":"https:\/\/www.europesays.com\/es\/wp-json\/wp\/v2\/posts"}],"about":[{"href":"https:\/\/www.europesays.com\/es\/wp-json\/wp\/v2\/types\/post"}],"author":[{"embeddable":true,"href":"https:\/\/www.europesays.com\/es\/wp-json\/wp\/v2\/users\/2"}],"replies":[{"embeddable":true,"href":"https:\/\/www.europesays.com\/es\/wp-json\/wp\/v2\/comments?post=207741"}],"version-history":[{"count":0,"href":"https:\/\/www.europesays.com\/es\/wp-json\/wp\/v2\/posts\/207741\/revisions"}],"wp:featuredmedia":[{"embeddable":true,"href":"https:\/\/www.europesays.com\/es\/wp-json\/wp\/v2\/media\/207742"}],"wp:attachment":[{"href":"https:\/\/www.europesays.com\/es\/wp-json\/wp\/v2\/media?parent=207741"}],"wp:term":[{"taxonomy":"category","embeddable":true,"href":"https:\/\/www.europesays.com\/es\/wp-json\/wp\/v2\/categories?post=207741"},{"taxonomy":"post_tag","embeddable":true,"href":"https:\/\/www.europesays.com\/es\/wp-json\/wp\/v2\/tags?post=207741"}],"curies":[{"name":"wp","href":"https:\/\/api.w.org\/{rel}","templated":true}]}}