{"id":207745,"date":"2025-10-29T18:57:09","date_gmt":"2025-10-29T18:57:09","guid":{"rendered":"https:\/\/www.europesays.com\/es\/207745\/"},"modified":"2025-10-29T18:57:09","modified_gmt":"2025-10-29T18:57:09","slug":"me-da-rabia-el-arranca-como-si-nada","status":"publish","type":"post","link":"https:\/\/www.europesays.com\/es\/207745\/","title":{"rendered":"Me da rabia, \u00e9l arranca como si nada"},"content":{"rendered":"<p data-mrf-recirculation=\"Links P\u00e1rrafos\" class=\"ue-c-article__paragraph paragraph\"><strong>Egan Bernal<\/strong>, ganador del Giro de Italia y el Tour de Francia, volvi\u00f3 a verbalizar <strong>la frustraci\u00f3n que en ocasiones Tadej Pogacar despierta<\/strong> en el resto del pelot\u00f3n. \u00abEst\u00e1 a otro nivel. Cuando uno compite contra \u00e9l, muchas veces hace que parezca que uno es malo. <strong>Me da rabia: uno d\u00e1ndole y este arranca como si nada<\/strong>\u00ab, declar\u00f3 en el programa colombiano &#8216;Despierta Win&#8217;.\u00a0<\/p>\n<p data-mrf-recirculation=\"Links P\u00e1rrafos\" class=\"ue-c-article__paragraph paragraph\">Sin embargo, el colombiano reconoci\u00f3 tambi\u00e9n que esa presi\u00f3n ayuda al resto a exigirse m\u00e1s: <strong>\u00abEs ch\u00e9vere competir contra \u00e9l. Nos empuja a todo el resto a querer mejorar.<\/strong> Es ch\u00e9vere que nos haya tocado vivir la era Pogacar\u00bb. Bernal, que gan\u00f3 a comienzos de 2025 los campeonatos nacionales de su pa\u00eds en ruta y en contrarreloj, se rompi\u00f3 la clav\u00edcula en la Cl\u00e1sica de Ja\u00e9n, pero se recuper\u00f3 en tiempo r\u00e9cord <strong>para completar una temporada de m\u00e9rito<\/strong>. Un s\u00e9ptimo puesto en la general del Giro y una victoria de etapa en la Vuelta a Espa\u00f1a (en Castro de Herville) son algunos de sus mejores resultados. <strong>Coincidi\u00f3 con el Pogacar m\u00e1s dominador en Il Lombardia, y termin\u00f3 octavo<\/strong>, volviendo al top 10 de un Monumento por primera vez desde 2019.\u00a0<\/p>\n<p>Volver a su nivel despu\u00e9s de las graves lesiones de 2022<\/p>\n<p data-mrf-recirculation=\"Links P\u00e1rrafos\" class=\"ue-c-article__paragraph paragraph\">En su carrera hay un hueco importante entre enero y agosto de 2022. <strong>Sufri\u00f3 un accidente entrenando en Colombia<\/strong> al chocarse contra un autob\u00fas que puso en peligro su vida. Tambi\u00e9n habl\u00f3 de esta ca\u00edda en &#8216;Despierta Win&#8217;: \u00ab<strong>Pas\u00e9 de estar en lo m\u00e1s alto del ciclismo a pensar s\u00f3lo en estar bien.<\/strong> Ten\u00eda dolor en todos lados: el f\u00e9mur roto, las costillas rotas. Yo s\u00f3lo gritaba que me durmieran. Llamaron a mi familia y les dijeron que <strong>hab\u00eda una probabilidad muy alta de quedar en una silla de ruedas. <\/strong>Hab\u00eda que esperar a que despertase para ver si pod\u00eda mover las piernas\u00bb.\u00a0<\/p>\n<p data-mrf-recirculation=\"Links P\u00e1rrafos\" class=\"ue-c-article__paragraph paragraph\">Entonces, Bernal era un ciclista que <strong>llegaba despu\u00e9s de ganar en 2021 el Giro de Italia y ser tercero en Strade Bianche<\/strong>, cuarto en Tirreno-Adri\u00e1tico y sexto en la Vuelta a Espa\u00f1a. Su objetivo para 2022 era ir a por su segundo Tour, despu\u00e9s del de 2019. Sin embargo, el colombiano reconoce que ten\u00eda otra afecci\u00f3n subyacente que pod\u00eda lastrarle: \u00ab<strong>Ven\u00eda con un dolor de espalda. Ten\u00eda una hernia y no sab\u00eda si operarme o no<\/strong> operarme. Nos dimos cuenta de que s\u00ed era muy grave, me estaba pinchando un nervio y eso me provocaba el dolor. Igualmente, en 2021 fui al Giro con ese dolor y lo gan\u00e9\u00bb.\u00a0<\/p>\n<p data-mrf-recirculation=\"Links P\u00e1rrafos\" class=\"ue-c-article__paragraph paragraph\">Ahora,<strong> tiene contrato con INEOS Grenadiers, al menos, hasta el final de 2026<\/strong>. 2025 ha sido su mejor a\u00f1o desde la lesi\u00f3n, volviendo a ganar y a estar en las quinielas entre los mejores. La ambici\u00f3n no la ha perdido. \u00ab<strong>Si yo pensara que no puedo volver a ganar, no estar\u00eda montando en bicicleta.<\/strong> Me romp\u00ed 22 huesos y la recuperaci\u00f3n fue muy dif\u00edcil, en 2024 me estaba recuperando a\u00fan. Este a\u00f1o sent\u00ed que empec\u00e9 a ser yo de nuevo, me siento diferente. Fui al Giro y a la Vuelta pensando en el podio. <strong>No se dio, pero sigo pensando que alg\u00fan d\u00eda puedo volver a ganar<\/strong>\u00ab, concluy\u00f3.\u00a0<\/p>\n","protected":false},"excerpt":{"rendered":"Egan Bernal, ganador del Giro de Italia y el Tour de Francia, volvi\u00f3 a verbalizar la frustraci\u00f3n que&hellip;\n","protected":false},"author":2,"featured_media":207746,"comment_status":"","ping_status":"","sticky":false,"template":"","format":"standard","meta":{"footnotes":""},"categories":[273],"tags":[313,312,168,25,24,23,167],"class_list":{"0":"post-207745","1":"post","2":"type-post","3":"status-publish","4":"format-standard","5":"has-post-thumbnail","7":"category-ciclismo","8":"tag-ciclismo","9":"tag-cycling","10":"tag-deportes","11":"tag-es","12":"tag-espana","13":"tag-spain","14":"tag-sports"},"share_on_mastodon":{"url":"https:\/\/pubeurope.com\/@es\/115458987956726063","error":""},"_links":{"self":[{"href":"https:\/\/www.europesays.com\/es\/wp-json\/wp\/v2\/posts\/207745","targetHints":{"allow":["GET"]}}],"collection":[{"href":"https:\/\/www.europesays.com\/es\/wp-json\/wp\/v2\/posts"}],"about":[{"href":"https:\/\/www.europesays.com\/es\/wp-json\/wp\/v2\/types\/post"}],"author":[{"embeddable":true,"href":"https:\/\/www.europesays.com\/es\/wp-json\/wp\/v2\/users\/2"}],"replies":[{"embeddable":true,"href":"https:\/\/www.europesays.com\/es\/wp-json\/wp\/v2\/comments?post=207745"}],"version-history":[{"count":0,"href":"https:\/\/www.europesays.com\/es\/wp-json\/wp\/v2\/posts\/207745\/revisions"}],"wp:featuredmedia":[{"embeddable":true,"href":"https:\/\/www.europesays.com\/es\/wp-json\/wp\/v2\/media\/207746"}],"wp:attachment":[{"href":"https:\/\/www.europesays.com\/es\/wp-json\/wp\/v2\/media?parent=207745"}],"wp:term":[{"taxonomy":"category","embeddable":true,"href":"https:\/\/www.europesays.com\/es\/wp-json\/wp\/v2\/categories?post=207745"},{"taxonomy":"post_tag","embeddable":true,"href":"https:\/\/www.europesays.com\/es\/wp-json\/wp\/v2\/tags?post=207745"}],"curies":[{"name":"wp","href":"https:\/\/api.w.org\/{rel}","templated":true}]}}