{"id":207777,"date":"2025-10-29T19:20:08","date_gmt":"2025-10-29T19:20:08","guid":{"rendered":"https:\/\/www.europesays.com\/es\/207777\/"},"modified":"2025-10-29T19:20:08","modified_gmt":"2025-10-29T19:20:08","slug":"el-movistar-impulsa-una-nueva-estructura-en-su-area-deportiva-con-sebastian-unzue-al-frente","status":"publish","type":"post","link":"https:\/\/www.europesays.com\/es\/207777\/","title":{"rendered":"El Movistar impulsa una nueva estructura en su \u00c1rea Deportiva con Sebasti\u00e1n Unzu\u00e9 al frente"},"content":{"rendered":"<p class=\"\">El conjunto telef\u00f3nico da un nuevo paso adelante en su proceso de transformaci\u00f3n y anuncia una profunda reorganizaci\u00f3n de su \u00c1rea Deportiva, con el objetivo de optimizar su funcionamiento interno y afrontar con mayores garant\u00edas los retos deportivos de las pr\u00f3ximas temporadas. reestructuraci\u00f3n, liderada por <b>Sebasti\u00e1n Unzu\u00e9<\/b>, quien asume el cargo de <b>Head of Sports<\/b>, contempla la creaci\u00f3n y consolidaci\u00f3n de <b>cuatro departamentos clave<\/b>: <b>Rendimiento, Carrera, Salud y Corredores<\/b>, cada uno con responsables especializados que coordinar\u00e1n sus respectivas \u00e1reas.<\/p>\n<p class=\"\">\u201c<b>Queremos seguir evolucionando como organizaci\u00f3n y dotar al equipo de una estructura moderna, eficaz y alineada con las exigencias del ciclismo actual<\/b>\u201d, se\u00f1ala <b>Sebasti\u00e1n Unzu\u00e9<\/b>. \u201c<b>Este nuevo modelo nos permitir\u00e1 optimizar procesos y fortalecer la colaboraci\u00f3n entre todos los departamentos<\/b>\u201d.<\/p>\n<p class=\"\"><b>CUATRO PILARES PARA UN MODELO DEPORTIVO INTEGRAL<\/b><\/p>\n<p class=\"\">En el <b>Departamento de Rendimiento<\/b>, <b>Iv\u00e1n Velasco<\/b> y <b>Xabier Muriel<\/b> liderar\u00e1n las \u00e1reas de rendimiento, ingenier\u00eda y biomec\u00e1nica, nutrici\u00f3n e I+D con el objetivo de maximizar el potencial competitivo de los corredores.<\/p>\n<p class=\"\">El <b>Departamento de Carrera<\/b> estar\u00e1 encabezado por <b>Chente Garc\u00eda Acosta<\/b> y <b>Matthew White<\/b>, nueva incorporaci\u00f3n al equipo. Ambos coordinar\u00e1n la planificaci\u00f3n y <b>Direcci\u00f3n Deportiva<\/b>, fundamentales para la estrategia en competici\u00f3n.<\/p>\n<p class=\"\"><b>Matthew White<\/b> comenta: \u201c<b>Tras m\u00e1s de 15 a\u00f1os como Director Deportivo, inicio una nueva etapa muy ilusionante, con muchas ganas de aportar mi experiencia y contribuir al \u00e9xito del equipo. El Movistar Team es una estructura a la que siempre he tenido un profundo respeto, y poder formar parte de ella desde dentro es algo que me motiva enormemente.<\/b>\u201d<\/p>\n<p class=\"\">En el <b>\u00e1rea de Salud<\/b>, <b>I\u00f1igo Michelena<\/b> ser\u00e1 el responsable de coordinar todos los aspectos m\u00e9dicos y de bienestar de los corredores. Finalmente, se crea un <b>Departamento de Corredores<\/b>, con representantes de los ciclistas en las diferentes estructuras del equipo. <\/p>\n<p>Noticias relacionadas<\/p>\n<p class=\"\"><b>\u00a1Tus opiniones importan!<\/b> Comenta en los art\u00edculos y suscr\u00edbete gratis a nuestra <a href=\"https:\/\/asfan.as.com\/newsletters\/\" target=\"_blank\" rel=\"nofollow noopener\" title=\"https:\/\/asfan.as.com\/newsletters\/\">newsletter<\/a> y a las alertas informativas en la <a href=\"https:\/\/as.com\/aplicacion-de-as-n\/\" target=\"_blank\" rel=\"nofollow noopener\" title=\"https:\/\/as.com\/aplicacion-de-as-n\/\">App<\/a> o el canal de <a href=\"https:\/\/www.whatsapp.com\/channel\/0029VaAasdA7j6g745nz9M10\" target=\"_blank\" rel=\"nofollow noopener\" title=\"https:\/\/www.whatsapp.com\/channel\/0029VaAasdA7j6g745nz9M10\">WhatsApp<\/a>. <\/p>\n<p class=\"\">\u00bfBuscas licenciar contenido? Haz clic <a href=\"https:\/\/profesional.elpais.com\/soluciones-sindicacion?utm_medium=interno&amp;utm_source=crosslinking&amp;utm_campaign=sindicacion_as_pie_articulos\" target=\"_blank\" rel=\"nofollow noopener\" title=\"https:\/\/profesional.elpais.com\/soluciones-sindicacion?utm_medium=interno&amp;utm_source=crosslinking&amp;utm_campaign=sindicacion_as_pie_articulos\">aqu\u00ed<\/a><\/p>\n","protected":false},"excerpt":{"rendered":"El conjunto telef\u00f3nico da un nuevo paso adelante en su proceso de transformaci\u00f3n y anuncia una profunda reorganizaci\u00f3n&hellip;\n","protected":false},"author":2,"featured_media":207778,"comment_status":"","ping_status":"","sticky":false,"template":"","format":"standard","meta":{"footnotes":""},"categories":[273],"tags":[313,312,168,25,24,23,167],"class_list":{"0":"post-207777","1":"post","2":"type-post","3":"status-publish","4":"format-standard","5":"has-post-thumbnail","7":"category-ciclismo","8":"tag-ciclismo","9":"tag-cycling","10":"tag-deportes","11":"tag-es","12":"tag-espana","13":"tag-spain","14":"tag-sports"},"share_on_mastodon":{"url":"https:\/\/pubeurope.com\/@es\/115459078452146875","error":""},"_links":{"self":[{"href":"https:\/\/www.europesays.com\/es\/wp-json\/wp\/v2\/posts\/207777","targetHints":{"allow":["GET"]}}],"collection":[{"href":"https:\/\/www.europesays.com\/es\/wp-json\/wp\/v2\/posts"}],"about":[{"href":"https:\/\/www.europesays.com\/es\/wp-json\/wp\/v2\/types\/post"}],"author":[{"embeddable":true,"href":"https:\/\/www.europesays.com\/es\/wp-json\/wp\/v2\/users\/2"}],"replies":[{"embeddable":true,"href":"https:\/\/www.europesays.com\/es\/wp-json\/wp\/v2\/comments?post=207777"}],"version-history":[{"count":0,"href":"https:\/\/www.europesays.com\/es\/wp-json\/wp\/v2\/posts\/207777\/revisions"}],"wp:featuredmedia":[{"embeddable":true,"href":"https:\/\/www.europesays.com\/es\/wp-json\/wp\/v2\/media\/207778"}],"wp:attachment":[{"href":"https:\/\/www.europesays.com\/es\/wp-json\/wp\/v2\/media?parent=207777"}],"wp:term":[{"taxonomy":"category","embeddable":true,"href":"https:\/\/www.europesays.com\/es\/wp-json\/wp\/v2\/categories?post=207777"},{"taxonomy":"post_tag","embeddable":true,"href":"https:\/\/www.europesays.com\/es\/wp-json\/wp\/v2\/tags?post=207777"}],"curies":[{"name":"wp","href":"https:\/\/api.w.org\/{rel}","templated":true}]}}