{"id":207785,"date":"2025-10-29T19:25:10","date_gmt":"2025-10-29T19:25:10","guid":{"rendered":"https:\/\/www.europesays.com\/es\/207785\/"},"modified":"2025-10-29T19:25:10","modified_gmt":"2025-10-29T19:25:10","slug":"los-arquitectos-recurren-la-licitacion-del-museo-sorolla-de-valencia-y-piden-un-concurso-de-ideas","status":"publish","type":"post","link":"https:\/\/www.europesays.com\/es\/207785\/","title":{"rendered":"Los arquitectos recurren la licitaci\u00f3n del &#8216;Museo Sorolla&#8217; de Val\u00e8ncia\u00a0y piden un concurso de ideas"},"content":{"rendered":"<p>VAL\u00c8NCIA. Que la <strong>Generalitat Valenciana<\/strong> tiene prisa por inaugurar su proyecto ef\u00edmero de \u2018Museo Sorolla\u2019 en el Palau de les Comunicacions, que acoger\u00e1 parte de la colecci\u00f3n de la <strong>Hispanic Society of America<\/strong>, es una realidad. Fue hace apenas un mes cuando se anunci\u00f3 la licitaci\u00f3n, por cerca de dos millones de euros, de la redacci\u00f3n del proyecto de rehabilitaci\u00f3n del antiguo edificio de Correos, un proceso en el que la cuesti\u00f3n de los plazos no solo es clave para la administraci\u00f3n auton\u00f3mica, sino prioritaria.\u00a0<\/p>\n<p>\u201cLa Generalitat estima conveniente agilizar al m\u00e1ximo las obras de rehabilitaci\u00f3n del Palacio de Comunicaciones y por ello una de las cl\u00e1usulas del contrato valora la mejora del plazo de redacci\u00f3n de la documentaci\u00f3n t\u00e9cnica mediante la reducci\u00f3n de los plazos parciales\u201d, explicaban desde el gobierno en un comunicado. El objetivo, claro, es inaugurar el espacio dentro de la presente legislatura.\u00a0<\/p>\n<p>Sin embargo, c\u00f3mo se suele decir, la prisas no siempre son buenas compa\u00f1eras. En este sentido, el <strong>Colegio Oficial de Arquitectos de la Comunitat Valenciana (COACV)<\/strong> ha recurrido el proceso y demandado la suspensi\u00f3n de la adjudicaci\u00f3n, tal y como ha avanzado Las Provincias y ha confirmado este diario, al considerar, entre otras cosas, insuficiente el plazo que se propone.\u00a0<\/p>\n<p>Cabe recordar que los plazos \u201cm\u00e1ximos\u201d que establece el pliego de condiciones son de hasta dos meses para los informes previos, revisi\u00f3n, levantamiento planim\u00e9trico, redacci\u00f3n del proyecto b\u00e1sico y de intervenci\u00f3n arqueol\u00f3gica y proyecto de actividad; y de hasta cuatro meses para la redacci\u00f3n del proyecto de ejecuci\u00f3n con la memoria final de intervenci\u00f3n. Para la ejecuci\u00f3n de las obras se prev\u00e9n nueve meses.<\/p>\n<p>Estos plazos iniciales son ya de por s\u00ed ajustados, de acuerdo con el COACV, que en su escrito demanda que se duplique (contando con cuatro meses para la primera fase y ocho para la segunda) teniendo en cuenta la complejidad de la operaci\u00f3n. Este es uno de los pilares del escrito, aunque no el \u00fanico.\u00a0Desde el Colegio tambi\u00e9n se se\u00f1alan los criterios de solvencia t\u00e9cnica, que demandan a las empresas acreditar tres proyectos del mismo tipo o naturaleza en los \u00faltimos diez a\u00f1os, lo que limitar\u00eda la competencia sg\u00fan el COACV, as\u00ed como el c\u00e1lculo de los honorarios, que consideran \u201cno ajustado\u201d al obviar el trabajo previo e intelectual de un proyecto muy particular.\u00a0<\/p>\n<p>As\u00ed, desde el COACV, plantean que desde la Generalitat Valenciana se debe impulsar un concurso de ideas con intervenci\u00f3n de jurado y no as\u00ed una licitaci\u00f3n a la baja. \u201cDesde el COACV nos ponemos a disposici\u00f3n de Presidencia, queremos colaborar y que se resuelva de la mejor manera posible\u201d, expresa <strong>Salvador Lara<\/strong>, decano del COACV, preguntado por este diario.<\/p>\n","protected":false},"excerpt":{"rendered":"VAL\u00c8NCIA. Que la Generalitat Valenciana tiene prisa por inaugurar su proyecto ef\u00edmero de \u2018Museo Sorolla\u2019 en el Palau&hellip;\n","protected":false},"author":2,"featured_media":152078,"comment_status":"","ping_status":"","sticky":false,"template":"","format":"standard","meta":{"footnotes":""},"categories":[173],"tags":[229,233,231,230,232,234,146,147,25,24,23],"class_list":{"0":"post-207785","1":"post","2":"type-post","3":"status-publish","4":"format-standard","5":"has-post-thumbnail","7":"category-arte-y-diseno","8":"tag-arte","9":"tag-arte-y-diseno","10":"tag-arts","11":"tag-arts-and-design","12":"tag-design","13":"tag-diseno","14":"tag-entertainment","15":"tag-entretenimiento","16":"tag-es","17":"tag-espana","18":"tag-spain"},"share_on_mastodon":{"url":"https:\/\/pubeurope.com\/@es\/115459098049769732","error":""},"_links":{"self":[{"href":"https:\/\/www.europesays.com\/es\/wp-json\/wp\/v2\/posts\/207785","targetHints":{"allow":["GET"]}}],"collection":[{"href":"https:\/\/www.europesays.com\/es\/wp-json\/wp\/v2\/posts"}],"about":[{"href":"https:\/\/www.europesays.com\/es\/wp-json\/wp\/v2\/types\/post"}],"author":[{"embeddable":true,"href":"https:\/\/www.europesays.com\/es\/wp-json\/wp\/v2\/users\/2"}],"replies":[{"embeddable":true,"href":"https:\/\/www.europesays.com\/es\/wp-json\/wp\/v2\/comments?post=207785"}],"version-history":[{"count":0,"href":"https:\/\/www.europesays.com\/es\/wp-json\/wp\/v2\/posts\/207785\/revisions"}],"wp:featuredmedia":[{"embeddable":true,"href":"https:\/\/www.europesays.com\/es\/wp-json\/wp\/v2\/media\/152078"}],"wp:attachment":[{"href":"https:\/\/www.europesays.com\/es\/wp-json\/wp\/v2\/media?parent=207785"}],"wp:term":[{"taxonomy":"category","embeddable":true,"href":"https:\/\/www.europesays.com\/es\/wp-json\/wp\/v2\/categories?post=207785"},{"taxonomy":"post_tag","embeddable":true,"href":"https:\/\/www.europesays.com\/es\/wp-json\/wp\/v2\/tags?post=207785"}],"curies":[{"name":"wp","href":"https:\/\/api.w.org\/{rel}","templated":true}]}}