{"id":207786,"date":"2025-10-29T19:27:10","date_gmt":"2025-10-29T19:27:10","guid":{"rendered":"https:\/\/www.europesays.com\/es\/207786\/"},"modified":"2025-10-29T19:27:10","modified_gmt":"2025-10-29T19:27:10","slug":"quien-es-el-invitado-de-hoy-en-la-revuelta-29-de-octubre-de-david-broncano","status":"publish","type":"post","link":"https:\/\/www.europesays.com\/es\/207786\/","title":{"rendered":"Qui\u00e9n es el invitado de hoy en &#8216;La Revuelta&#8217; (29 de octubre) de David Broncano"},"content":{"rendered":"<p><a class=\"v-mdl-ath__fig-a\" href=\"https:\/\/www.lasprovincias.es\/autor\/andoni-torres-493.html\" title=\"Andoni Torres\" rel=\"nofollow noopener\" target=\"_blank\"><br \/>\n<img decoding=\"async\" class=\"v-mdl-ath__img\" src=\"https:\/\/www.europesays.com\/es\/wp-content\/uploads\/2025\/10\/autor-493-foto-2.jpeg\" alt=\"Andoni Torres\"\/><br \/>\n<\/a><\/p>\n<p class=\"v-mdl-ath__p v-mdl-ath__p--6\">\nMi\u00e9rcoles, 29 de octubre 2025, 19:05<\/p>\n<p>| Actualizado 20:11h.<\/p>\n<p class=\"v-p\">Uno de los encantos de &#8216;La Revuelta&#8217; era que los espectadores del programa nunca sab\u00edan qui\u00e9n iba a ser el invitado de cada d\u00eda en el plat\u00f3 (teatro) de TVE. En las \u00faltimas semanas, David Broncano ha cambiado de estrategia en su particular lucha por la audiencia con <a href=\"https:\/\/www.lasprovincias.es\/culturas\/tv\/invitados-hoy-miercoles-octubre-hormiguero-20251029163344-nt.html\" target=\"_blank\" title=\"www.lasprovincias.es\" data-voc-vtm-id=\"in-text-traffic\" data-mrf-link=\"www.lasprovincias.es\" rel=\"nofollow noopener\">&#8216;El Hormiguero&#8217;<\/a> de Pablo Motos.<\/p>\n<p class=\"v-p\">El presentador de &#8216;La Revuelta&#8217; da a conocer ahora qui\u00e9n ser\u00e1 el invitado de cada d\u00eda. Este mi\u00e9rcoles 29 de octubre ser\u00e1 el cantante <strong>Manolo Garc\u00eda<\/strong> quien visite a Broncano.<\/p>\n<p class=\"v-p\">Manolo Garc\u00eda (Barcelona, 70 a\u00f1os) presentar\u00e1 en &#8216;La Revuelta&#8217; su nuevo disco, titulado &#8216;Drapaires Poligoneros&#8217;, que saldr\u00e1 a la venta el viernes 31 de octubre.<\/p>\n<p class=\"v-p\">El cantante inicia una gira que le llevar\u00e1 a C\u00e1ceres (2 de noviembre), Pozoblanco (8 NOV), San Sebasti\u00e1n (12 NOV), Pamplona (16 NOV), Santiago (21 NOV), Logro\u00f1o (28 NOV), Zaragoza (1 DIC), Barcelona (4 DIC), Granada (11 DIC), Valencia (14 DIC), Madrid (19 y 23 DIC), Albacete (27 DIC), Valladolid (4 ENERO), La L\u00ednea (10 ENE) y Sevilla (15 ENE).<\/p>\n<p><a href=\"http:\/\/www.lasprovincias.es\/culturas\/tv\/revuelta-cambiado-david-broncano-grison-jorge-ponce-20251022020902-nt.html#vtm_modulosEngag=mod-rel:culturas:noticia:1:cmp:1-not\" class=\"v-a-link\" aria-label=\"Imagen\" rel=\"nofollow noopener\" target=\"_blank\"><\/p>\n<p><img decoding=\"async\" loading=\"lazy\" src=\"https:\/\/s3.ppllstatics.com\/lasprovincias\/www\/multimedia\/2025\/10\/22\/grison-khiE-U2303466334720h3H-366x256@Las%20Provincias.jpg\" class=\"v-a-img\" width=\"258\" height=\"180\" alt=\"\" data-voc-vtm-id=\"in-text-traffic\"\/><\/p>\n<p><\/a><\/p>\n<p class=\"v-p\">El jueves 30, ser\u00e1 <strong>Paz Padilla<\/strong> (C\u00e1diz, 56 a\u00f1os) la invitada de Broncano. Ser\u00e1 la primera vez que la actriz y presentadora ir\u00e1 como invitada a &#8216;la Revuelta&#8217;. <\/p>\n<p class=\"v-p\">&#8216;La Revuelta&#8217; (La 1 de TVE, 21.45 horas) compite en su franja horaria con &#8216;El Hormiguero&#8217; (Antena 3, 21.45 h.) de Pablo Motos.<\/p>\n<p>Reporta un error<\/p>\n","protected":false},"excerpt":{"rendered":"Mi\u00e9rcoles, 29 de octubre 2025, 19:05 | Actualizado 20:11h. Uno de los encantos de &#8216;La Revuelta&#8217; era que&hellip;\n","protected":false},"author":2,"featured_media":207787,"comment_status":"","ping_status":"","sticky":false,"template":"","format":"standard","meta":{"footnotes":""},"categories":[171],"tags":[146,147,25,24,315,10783,9072,528,23,214],"class_list":{"0":"post-207786","1":"post","2":"type-post","3":"status-publish","4":"format-standard","5":"has-post-thumbnail","7":"category-tv","8":"tag-entertainment","9":"tag-entretenimiento","10":"tag-es","11":"tag-espana","12":"tag-hoy","13":"tag-invitado","14":"tag-octubre","15":"tag-revuelta","16":"tag-spain","17":"tag-tv"},"share_on_mastodon":{"url":"https:\/\/pubeurope.com\/@es\/115459106346961122","error":""},"_links":{"self":[{"href":"https:\/\/www.europesays.com\/es\/wp-json\/wp\/v2\/posts\/207786","targetHints":{"allow":["GET"]}}],"collection":[{"href":"https:\/\/www.europesays.com\/es\/wp-json\/wp\/v2\/posts"}],"about":[{"href":"https:\/\/www.europesays.com\/es\/wp-json\/wp\/v2\/types\/post"}],"author":[{"embeddable":true,"href":"https:\/\/www.europesays.com\/es\/wp-json\/wp\/v2\/users\/2"}],"replies":[{"embeddable":true,"href":"https:\/\/www.europesays.com\/es\/wp-json\/wp\/v2\/comments?post=207786"}],"version-history":[{"count":0,"href":"https:\/\/www.europesays.com\/es\/wp-json\/wp\/v2\/posts\/207786\/revisions"}],"wp:featuredmedia":[{"embeddable":true,"href":"https:\/\/www.europesays.com\/es\/wp-json\/wp\/v2\/media\/207787"}],"wp:attachment":[{"href":"https:\/\/www.europesays.com\/es\/wp-json\/wp\/v2\/media?parent=207786"}],"wp:term":[{"taxonomy":"category","embeddable":true,"href":"https:\/\/www.europesays.com\/es\/wp-json\/wp\/v2\/categories?post=207786"},{"taxonomy":"post_tag","embeddable":true,"href":"https:\/\/www.europesays.com\/es\/wp-json\/wp\/v2\/tags?post=207786"}],"curies":[{"name":"wp","href":"https:\/\/api.w.org\/{rel}","templated":true}]}}