{"id":207788,"date":"2025-10-29T19:28:12","date_gmt":"2025-10-29T19:28:12","guid":{"rendered":"https:\/\/www.europesays.com\/es\/207788\/"},"modified":"2025-10-29T19:28:12","modified_gmt":"2025-10-29T19:28:12","slug":"la-artista-onubense-nieves-gonzalez-salta-a-la-fama-al-ilustrar-la-portada-del-nuevo-disco-de-la-cantante-britanica-lily-allen-se-ha-viralizado","status":"publish","type":"post","link":"https:\/\/www.europesays.com\/es\/207788\/","title":{"rendered":"La artista onubense Nieves Gonz\u00e1lez salta a la fama al ilustrar la portada del nuevo disco de la cantante brit\u00e1nica Lily Allen: \u00abSe ha viralizado\u00bb"},"content":{"rendered":"<p class=\"voc-p\" style=\"\">Quienes imprimen constancia al talento aumentan las posibilidades de cumplir sus sue\u00f1os. Un gran ejemplo es <strong>Nieves Gonz\u00e1lez (Huelva, 1996),<\/strong> que disfruta ahora del<strong> status de artista al alza<\/strong>. Ha ganado en fama tras realizar la obra que ilustra la portada del primer disco en siete a\u00f1os de la <a href=\"https:\/\/es.wikipedia.org\/wiki\/Lily_Allen\" rel=\"nofollow noopener\" target=\"_self\" data-voc-vtm-id=\"in-text-traffic\" title=\"cantante brit\u00e1nica Lily Allen\" data-mrf-link=\"es.wikipedia.org\">cantante brit\u00e1nica Lily Allen<\/a>, hay un gran inter\u00e9s sobre su producci\u00f3n y tiene la agenda llena de proyectos para 2026. En mayo de 2024 presentaba en la<strong> Galer\u00eda Espacio 0<\/strong> de Huelva la exposici\u00f3n<strong> &#8216;Amiga, date cuenta&#8217;<\/strong>, cuando su vida era otra: <strong>pintaba, daba clases y cuidaba de dos ni\u00f1os.<\/strong> Su paso por las ferias de Madrid dispararon el inter\u00e9s por una obra con <strong>un sello muy reconocible<\/strong>: mujeres empoderadas con aire y pose del Barroco, pero con una est\u00e9tica y simbolog\u00eda muy contempor\u00e1nea. <\/p>\n<p class=\"voc-p\" style=\"\">Con este lenguaje pict\u00f3rico ha conquistado a importantes galer\u00edas y tambi\u00e9n a <strong>Lily Allen<\/strong>, que <strong>el pasado viernes lanz\u00f3 &#8216;West End Girl&#8217;,<\/strong> un trabajo que lo primero que muestra es un retrato con alma firmado por<strong> Nieves Gonz\u00e1lez,<\/strong> autora tambi\u00e9n de la contraportada y tres bodegones interiores. <strong>Sus pinceladas envuelven el sincero retrato musical<\/strong> que la tambi\u00e9n presentadora de televisi\u00f3n y actriz hace del <strong>desgaste de su relaci\u00f3n matrimonial hasta el divorcio<\/strong>, un doloroso proceso de desamor hecho canciones. Rompe as\u00ed un silencio que imperaba desde que public\u00f3 en 2018 <strong>&#8216;No shame&#8217;.<\/strong>\u00a0<\/p>\n<p><img decoding=\"async\" loading=\"lazy\" src=\"https:\/\/www.europesays.com\/es\/wp-content\/uploads\/2025\/10\/nieves-gonzalez000-U63613840667GUE-760x600@huelva24.jpg\" class=\"voc-img\" width=\"760\" height=\"600\" alt=\"La artista onubense Nieves Gonz\u00e1lez, junto a una de sus obras\" data-voc-vtm-id=\"in-text-traffic\"\/><\/p>\n<p>La artista onubense Nieves Gonz\u00e1lez, junto a una de sus obras<\/p>\n<p>@nievesgonnzalez<\/p>\n<p class=\"voc-p\" style=\"\">Poco antes del verano se puso en contacto con la artista onubense para realizarle este encargo<strong> Leith Clark<\/strong>, directora creativa del proyecto, con bastante prestigio en Reino Unido. <strong>\u00abMe encontr\u00f3 por redes sociales y le encaj\u00f3 mi trabajo con la idea que ten\u00eda.<\/strong> Yo estaba de trabajo hasta arriba, pero me dijeron que se trataba de algo que no iba a poder rechazar\u00bb, recuerda para Huelva24 Gonz\u00e1lez, que entonces tom\u00f3 conciencia de que le <strong>ofrec\u00edan ligar su pintura a una cantante de proyecci\u00f3n internacional<\/strong> y foco medi\u00e1tico, con mercado en Reino Unido y Estados Unidos. <\/p>\n<p class=\"voc-p\" style=\"\">\u00abLa obra final a ella le ha encantado y tambi\u00e9n a su equipo. <strong>Me dijeron que era justamente lo que estaban buscando<\/strong>\u00bb, asegura satisfecha la artista onubense, que expone que <strong>\u00abse est\u00e1 hablando much\u00edsimo de la portada<\/strong>. Han hecho un trabajo de publicidad bastante bueno a ella, que es la protagonista, a la obra y a mi nombre y eso se agradece\u00bb. <\/p>\n<p class=\"voc-title\">\u00abSe han hecho videos explicando exclusivamente la portada del disco. No s\u00f3lo se habla de la m\u00fasica\u00bb<\/p>\n<p class=\"voc-p\" style=\"\">Cuenta orgullosa que \u00abla portada se ha viralizado bastante y hay mucha gente hablando de ella. Se han hecho videos explicando exclusivamente la portada del disco. No s\u00f3lo se habla de la m\u00fasica, que es el fin de todo esto\u00bb. A\u00f1ade que valora mucho el hecho de que \u00abse tenga en cuenta<strong> el arte que hay m\u00e1s all\u00e1 de lo m\u00fasica, que envuelve la parte visual<\/strong>\u00bb. Opina que \u00aba d\u00eda de hoy los artistas cada vez le dan m\u00e1s peso a la parte visual, en cuanto a la imagen del disco f\u00edsico, a los videoclips, que muchos son obras de arte\u00bb. <\/p>\n<p><img decoding=\"async\" loading=\"lazy\" src=\"https:\/\/www.europesays.com\/es\/wp-content\/uploads\/2025\/10\/nieves-gonzalez003-U77853088122Aek-758x600@huelva24.jpg\" class=\"voc-d-c-combo-3__img\" width=\"758\" height=\"600\" alt=\"Imagen principal - Algunos de los cuadros m\u00e1s recientes de la pintora de Huelva\"\/><\/p>\n<p><img decoding=\"async\" loading=\"lazy\" src=\"https:\/\/www.europesays.com\/es\/wp-content\/uploads\/2025\/10\/nieves-gonzalez002-U35616183064qmW-464x460@huelva24.jpg\" class=\"voc-d-c-combo-3__img\" width=\"464\" height=\"460\" alt=\"Imagen secundaria 1 - Algunos de los cuadros m\u00e1s recientes de la pintora de Huelva\"\/><\/p>\n<p><img decoding=\"async\" loading=\"lazy\" src=\"https:\/\/www.europesays.com\/es\/wp-content\/uploads\/2025\/10\/nieves-gonzalez001-U85675634132tWW-278x460@huelva24.jpg\" class=\"voc-d-c-combo-3__img\" width=\"278\" height=\"460\" alt=\"Imagen secundaria 2 - Algunos de los cuadros m\u00e1s recientes de la pintora de Huelva\"\/><\/p>\n<p>Algunos de los cuadros m\u00e1s recientes de la pintora de Huelva<br \/>\n@NIEVESGONZALEZ<\/p>\n<p>\nConexi\u00f3n entre m\u00fasica y pintura\n<\/p>\n<p class=\"voc-p\" style=\"\">\u00abLa idea general de mi trabajo es crear un puente entre la pintura cl\u00e1sica, sobre todo<strong> me miro m\u00e1s en el Barroco, y lo contempor\u00e1neo.<\/strong> Busco hacer un poco de disrupci\u00f3n y dinamitar esos lenguajes y s\u00edmbolos con elementos contempor\u00e1neos de ruptura\u00bb, destaca Nieves Gonz\u00e1lez sobre su obra, donde <strong>\u00abno utilizo narrativas desconectadas de mi d\u00eda a d\u00eda y lo que soy.<\/strong> Estoy m\u00e1s a pie de calle\u00bb. <\/p>\n<p class=\"voc-p\" style=\"\">Parte de una <strong>l\u00ednea cl\u00e1sica, a la que a\u00f1ade sutileza.<\/strong> En un aire claroscuros de retrato cl\u00e1sico emerge una <strong>figura poderosa<\/strong>, con colores que no buscan ser llamativos y en el que se aprecia<strong> un fino trabajo de veladuras<\/strong> que le dan a la obra<strong> un aspecto \u00abm\u00e1s conmovedor,<\/strong> con m\u00e1s carga de emoci\u00f3n\u00bb. \u00abHay un proceso largo de varias capas y que no es instant\u00e1neo\u00bb, apunta. <\/p>\n<p class=\"voc-p\" style=\"\">Su arte en la portada entra en relaci\u00f3n con el concepto musical y la historia que se cuenta. <strong>\u00abEs un proyecto muy chulo, muy feminista<\/strong>, que va muy en conexi\u00f3n con la obra que yo hago. Ella cuenta en el disco su historia personal, en la que ha pasado por un divorcio, que ha sido maltratada y le han puesto los cuernos. A pesar de todo eso se levanta y est\u00e1 dispuesta a contarlo todo. <strong>Es una mujer que presenta su historia y lo que es.<\/strong> Esa es lo que suelo representar, una mujer con esa parte de poder y fuerza que<strong> mira directamente al espectador y se planta<\/strong> y dice aqu\u00ed estoy y va muy en conexi\u00f3n con el mensaje que tiene el disco\u00bb, desarrolla la creadora de la portada.<\/p>\n<p class=\"voc-p\" style=\"\">Nieves ha escuchado el disco bastante y refleja que \u00abme gusta much\u00edsimo. <strong>Su mensaje es muy potente. Es autobiogr\u00e1fico<\/strong> y tiene esa carga de verdad y de cosas cercanas\u00bb. A\u00f1ade que es \u00abmuy experimental. No es un simple pop, sino que tiene muchos recursos y funciona muy bien a nivel de historia\u00bb.<\/p>\n<p class=\"voc-title\">\u00abMe indicaron que les interesaba que siguiera mi l\u00ednea de trabajo y me dieron varias ideas de pose y vestuario y fuimos perfilando\u00bb<\/p>\n<p class=\"voc-p\" style=\"\">\u00abEllos iban buscando para el proyecto un aspecto cl\u00e1sico, se\u00f1orial, que tambi\u00e9n va con el t\u00edtulo del disco <strong>&#8216;West End Girl&#8217;, que es un barrio de Londres de lujo<\/strong>. Hab\u00eda que crear entre todo eso, que tiene tanto peso, y lo moderno. Justamente funcionaba bastante bien la idea\u00bb, recuerda Gonz\u00e1lez, que ya desde las primeras reuniones sinti\u00f3 la confianza en su saber hacer. \u00abMe indicaron que<strong> les interesaba que siguiera mi l\u00ednea de trabajo<\/strong> y me dieron varias ideas de pose y vestuario y fuimos perfilando\u00bb. <\/p>\n<p class=\"voc-p\" style=\"\"><strong>Lily Allen no pos\u00f3 para ella -algo que le han preguntado mucho-, sino que trabajo con varias fotograf\u00edas.<\/strong> El proceso creativo fue pasando por etapas y el resultado fue \u00f3ptimo. \u00abA ella le encant\u00f3 la pieza final. Es verdad que el boceto ya estaba muy cerrado y se encarg\u00f3 de ello <strong>Victoria Rivers<\/strong>, que es una parte muy importante de mi equipo\u00bb. Sobre si tendr\u00e1 pronto un disco firmado o unas entradas para un concierto de la artista brit\u00e1nica, admite que \u00abestamos en ello\u00bb.<\/p>\n<p>\nMuchos proyectos\n<\/p>\n<p class=\"voc-p\" style=\"\">El calendario sonr\u00ede a Nieves Gonz\u00e1lez. Para final de este a\u00f1o realizar\u00e1 una exposici\u00f3n individual en<strong> Roma<\/strong> y para 2026 ya tiene la agenda llena. Entre sus compromisos hay un par de &#8216;showrooms&#8217; en<strong> Espa\u00f1a, en Estados Unidos y Francia.<\/strong>\u00a0<\/p>\n<p class=\"voc-p\" style=\"\">\u00abAhora mismo tengo tantas propuestas de trabajo que puedo elegir y eso no es f\u00e1cil. Estoy muy contenta porque<strong> tengo entre manos proyectos muy chulos<\/strong> y con galer\u00edas que me encantan y muy profesionales\u00bb, detalla sonriente. <\/p>\n<p class=\"voc-p\" style=\"\">\u00abNo le puedo pedir m\u00e1s a la vida ahora mismo. <strong>Me he pasado el juego.<\/strong> He llegado a d\u00f3nde quer\u00eda y ya puedo morir tranquila. Pero soy ambiciosa y eso es un buen motor para avanzar. Me he metido en muchos proyectos complicados, pero me he empe\u00f1ado y los he ido sacando adelante. <strong>Estoy donde siempre quise estar y es muy bonito<\/strong>\u00bb, admite.<\/p>\n<p><img decoding=\"async\" loading=\"lazy\" src=\"https:\/\/www.europesays.com\/es\/wp-content\/uploads\/2025\/10\/nieves-gonzalez004-U47666817765Rms-760x560@huelva24.jpg\" class=\"voc-img\" width=\"760\" height=\"560\" alt=\"Otra de las obras m\u00e1s representativas del estilo de la artista onubense\" data-voc-vtm-id=\"in-text-traffic\"\/><\/p>\n<p>Otra de las obras m\u00e1s representativas del estilo de la artista onubense<\/p>\n<p>@nievesgonzalez<\/p>\n<p class=\"voc-p\" style=\"\">Hace pocos meses <strong>cambi\u00f3 Huelva por Granada<\/strong> para vivir con su pareja, el tambi\u00e9n artista<strong> Agus D\u00edaz V\u00e1zquez<\/strong>, que actualmente est\u00e1 exponiendo en la Diputaci\u00f3n de Huelva la muestra &#8216;La danza de lo salvaje&#8217;. Defiende que \u00abse puede trabajar perfectamente desde lugares peque\u00f1os, c\u00f3modos y baratos. Creo que no es necesario irse a una gran ciudad. <strong>Hasta hace tres meses he estado en Huelva y me ha ido muy bien y espero volver\u00bb.<\/strong>\u00a0<\/p>\n<p class=\"voc-p\" style=\"\">Se\u00f1ala que lo que ayuda a poder crear desde donde quiera es que cuenta con profesionales en otras \u00e1reas del trabajo m\u00e1s all\u00e1 de su estudio. <strong>\u00abAhora mismo mi trabajo es pintar,<\/strong> pero no todo el mundo se puede permitir eso. El mundo del arte esta muy mal y los artistas tenemos que hacer de todo y ser nuestros comisarios, agentes y community manager y encima tener otro trabajo, porque con eso no es suficiente. Yo tengo ahora la suerte de que ese tipo de cosas las tengo cubiertas. <strong>Afortunadamente las cosas han cambiado\u00bb.<\/strong><\/p>\n<p>Reportar un error<\/p>\n","protected":false},"excerpt":{"rendered":"Quienes imprimen constancia al talento aumentan las posibilidades de cumplir sus sue\u00f1os. Un gran ejemplo es Nieves Gonz\u00e1lez&hellip;\n","protected":false},"author":2,"featured_media":207789,"comment_status":"","ping_status":"","sticky":false,"template":"","format":"standard","meta":{"footnotes":""},"categories":[170],"tags":[23475,1830,15897,4328,12019,146,147,25,24,14606,5976,49930,56540,184,185,11659,524,41586,338,950,23,56541],"class_list":{"0":"post-207788","1":"post","2":"type-post","3":"status-publish","4":"format-standard","5":"has-post-thumbnail","7":"category-musica","8":"tag-allen","9":"tag-artista","10":"tag-britanica","11":"tag-cantante","12":"tag-disco","13":"tag-entertainment","14":"tag-entretenimiento","15":"tag-es","16":"tag-espana","17":"tag-fama","18":"tag-gonzalez","19":"tag-ilustrar","20":"tag-lily","21":"tag-music","22":"tag-musica","23":"tag-nieves","24":"tag-nuevo","25":"tag-onubense","26":"tag-portada","27":"tag-salta","28":"tag-spain","29":"tag-viralizado"},"share_on_mastodon":{"url":"https:\/\/pubeurope.com\/@es\/115459110511078672","error":""},"_links":{"self":[{"href":"https:\/\/www.europesays.com\/es\/wp-json\/wp\/v2\/posts\/207788","targetHints":{"allow":["GET"]}}],"collection":[{"href":"https:\/\/www.europesays.com\/es\/wp-json\/wp\/v2\/posts"}],"about":[{"href":"https:\/\/www.europesays.com\/es\/wp-json\/wp\/v2\/types\/post"}],"author":[{"embeddable":true,"href":"https:\/\/www.europesays.com\/es\/wp-json\/wp\/v2\/users\/2"}],"replies":[{"embeddable":true,"href":"https:\/\/www.europesays.com\/es\/wp-json\/wp\/v2\/comments?post=207788"}],"version-history":[{"count":0,"href":"https:\/\/www.europesays.com\/es\/wp-json\/wp\/v2\/posts\/207788\/revisions"}],"wp:featuredmedia":[{"embeddable":true,"href":"https:\/\/www.europesays.com\/es\/wp-json\/wp\/v2\/media\/207789"}],"wp:attachment":[{"href":"https:\/\/www.europesays.com\/es\/wp-json\/wp\/v2\/media?parent=207788"}],"wp:term":[{"taxonomy":"category","embeddable":true,"href":"https:\/\/www.europesays.com\/es\/wp-json\/wp\/v2\/categories?post=207788"},{"taxonomy":"post_tag","embeddable":true,"href":"https:\/\/www.europesays.com\/es\/wp-json\/wp\/v2\/tags?post=207788"}],"curies":[{"name":"wp","href":"https:\/\/api.w.org\/{rel}","templated":true}]}}