{"id":207793,"date":"2025-10-29T19:31:24","date_gmt":"2025-10-29T19:31:24","guid":{"rendered":"https:\/\/www.europesays.com\/es\/207793\/"},"modified":"2025-10-29T19:31:24","modified_gmt":"2025-10-29T19:31:24","slug":"encuentran-una-conexion-entre-la-microbiota-intestinal-de-pacientes-de-cancer-y-la-melatonina","status":"publish","type":"post","link":"https:\/\/www.europesays.com\/es\/207793\/","title":{"rendered":"Encuentran una conexi\u00f3n entre la microbiota intestinal de pacientes de c\u00e1ncer y la melatonina"},"content":{"rendered":"<p>Un nuevo estudio vuelve a se\u00f1alar a la microbiota intestinal como fuente de salud y alteraci\u00f3n de otros procesos del organismo. Un equipo de la Universidad de M\u00e1laga (UMA) y de los Hospitales Universitario Virgen de la Victoria y Regional ha analizado la <strong>relaci\u00f3n entre la microbiota intestinal y la melatonina en mujeres con c\u00e1ncer de mama con receptores hormonales positivos<\/strong>.<\/p>\n<p><a href=\"https:\/\/novaciencia.es\/wp-content\/uploads\/2024\/10\/mamografia.jpg\" rel=\"nofollow noopener\" target=\"_blank\"><img fetchpriority=\"high\" decoding=\"async\" width=\"1024\" height=\"551\" src=\"https:\/\/www.europesays.com\/es\/wp-content\/uploads\/2025\/10\/mamografia-1024x551.jpg\" alt=\"\" class=\"wp-image-218127\"  \/><\/a><\/p>\n<p>El trabajo, publicado en <a href=\"https:\/\/doi.org\/10.3390\/ijms26146801\" target=\"_blank\" rel=\"noreferrer noopener nofollow\">International Journal of Molecular Sciences<\/a>, explora c<strong>\u00f3mo las alteraciones en las bacterias intestinales y en la v\u00eda melatonin\u00e9rgica<\/strong> \u2014el conjunto de reacciones bioqu\u00edmicas implicadas en la producci\u00f3n de melatonina\u2014 podr\u00edan estar relacionadas con el desarrollo y la progresi\u00f3n de este tipo de c\u00e1ncer.<\/p>\n<p><strong>\u201cDetectamos una disminuci\u00f3n de bacterias intestinales beneficiosas y un aumento de otras potencialmente perjudiciales en las pacientes con c\u00e1ncer de mama de tipo hormonal\u201d<\/strong>, apunta la cient\u00edfica del Departamento de Especialidades Quir\u00fargicas, Bioqu\u00edmica e Inmunolog\u00eda de la UMA, Alicia Gonz\u00e1lez-Gonz\u00e1lez, autora de correspondencia del estudio.<\/p>\n<p>Microbiota, melatonina y permeabilidad intestinal\u00a0<\/p>\n<p>Para abordar esta posible conexi\u00f3n, los investigadores analizaron muestras de sangre y heces de mujeres con c\u00e1ncer de mama y de un grupo de control. En ellas estudiaron la composici\u00f3n de la microbiota intestinal y diversos marcadores relacionados con la s\u00edntesis de la melatonina y la permeabilidad intestinal.<\/p>\n<p>Entre los hallazgos m\u00e1s relevantes, el estudio refleja<strong> niveles significativamente m\u00e1s bajos de melatonina en las pacientes, junto con una disbiosis intestinal caracterizada por una menor abundancia de bacterias beneficiosas<\/strong>, como Bifidobacterium longum, y un aumento de bacterias potencialmente perjudiciales, comoBacteroides eggerthi. Adem\u00e1s, se detectaron niveles m\u00e1s altos de zonulina, una mol\u00e9cula asociada a una mayor permeabilidad intestinal, y una mayor actividad de la enzima beta-glucuronidasa, implicada en el metabolismo de los estr\u00f3genos.<\/p>\n<p>Nuevas v\u00edas de prevenci\u00f3n y tratamiento\u00a0<\/p>\n<p>Los resultados sugieren que estas alteraciones \u2014en la microbiota, la producci\u00f3n de melatonina, el metabolismo microbiano y la permeabilidad intestinal\u2014 podr\u00edan contribuir a los mecanismos que favorecen el desarrollo del c\u00e1ncer de mama de tipo hormonal. \u201cUna ratio entre dos metabolitos vinculados a la v\u00eda melatonin\u00e9rgica podr\u00eda convertirse en una herramienta prometedora de detecci\u00f3n en este tipo de c\u00e1ncer\u201d, apunta Alicia Gonz\u00e1lez-Gonz\u00e1lez, que tambi\u00e9n es investigadora del grupo de oncolog\u00eda del Centro de Investigaciones M\u00e9dico Sanitarias de la UMA (CIMES).<\/p>\n<p>Seg\u00fan la investigadora, estos hallazgos abren nuevas perspectivas para dise\u00f1ar estrategias basadas en la modulaci\u00f3n de la microbiota intestinal y en el restablecimiento del equilibrio melatonin\u00e9rgico, con el objetivo de mejorar la prevenci\u00f3n, el diagn\u00f3stico temprano y el tratamiento del c\u00e1ncer de mama.<\/p>\n<p>Los pr\u00f3ximos estudios buscar\u00e1n validar estos resultados en cohortes m\u00e1s amplias y evaluar su aplicabilidad cl\u00ednica.<\/p>\n","protected":false},"excerpt":{"rendered":"Un nuevo estudio vuelve a se\u00f1alar a la microbiota intestinal como fuente de salud y alteraci\u00f3n de otros&hellip;\n","protected":false},"author":2,"featured_media":75516,"comment_status":"","ping_status":"","sticky":false,"template":"","format":"standard","meta":{"footnotes":""},"categories":[92],"tags":[25,24,165,338,166,23,32496],"class_list":{"0":"post-207793","1":"post","2":"type-post","3":"status-publish","4":"format-standard","5":"has-post-thumbnail","7":"category-salud","8":"tag-es","9":"tag-espana","10":"tag-health","11":"tag-portada","12":"tag-salud","13":"tag-spain","14":"tag-uma"},"share_on_mastodon":{"url":"https:\/\/pubeurope.com\/@es\/115459122006426777","error":""},"_links":{"self":[{"href":"https:\/\/www.europesays.com\/es\/wp-json\/wp\/v2\/posts\/207793","targetHints":{"allow":["GET"]}}],"collection":[{"href":"https:\/\/www.europesays.com\/es\/wp-json\/wp\/v2\/posts"}],"about":[{"href":"https:\/\/www.europesays.com\/es\/wp-json\/wp\/v2\/types\/post"}],"author":[{"embeddable":true,"href":"https:\/\/www.europesays.com\/es\/wp-json\/wp\/v2\/users\/2"}],"replies":[{"embeddable":true,"href":"https:\/\/www.europesays.com\/es\/wp-json\/wp\/v2\/comments?post=207793"}],"version-history":[{"count":0,"href":"https:\/\/www.europesays.com\/es\/wp-json\/wp\/v2\/posts\/207793\/revisions"}],"wp:featuredmedia":[{"embeddable":true,"href":"https:\/\/www.europesays.com\/es\/wp-json\/wp\/v2\/media\/75516"}],"wp:attachment":[{"href":"https:\/\/www.europesays.com\/es\/wp-json\/wp\/v2\/media?parent=207793"}],"wp:term":[{"taxonomy":"category","embeddable":true,"href":"https:\/\/www.europesays.com\/es\/wp-json\/wp\/v2\/categories?post=207793"},{"taxonomy":"post_tag","embeddable":true,"href":"https:\/\/www.europesays.com\/es\/wp-json\/wp\/v2\/tags?post=207793"}],"curies":[{"name":"wp","href":"https:\/\/api.w.org\/{rel}","templated":true}]}}