{"id":207796,"date":"2025-10-29T19:33:20","date_gmt":"2025-10-29T19:33:20","guid":{"rendered":"https:\/\/www.europesays.com\/es\/207796\/"},"modified":"2025-10-29T19:33:20","modified_gmt":"2025-10-29T19:33:20","slug":"como-seguir-en-vivo-la-trayectoria-del-cometa-3i-atlas","status":"publish","type":"post","link":"https:\/\/www.europesays.com\/es\/207796\/","title":{"rendered":"C\u00f3mo seguir en vivo la trayectoria del cometa 3I\/Atlas"},"content":{"rendered":"<p>3I\/Atlas, el cometa interestelar, finalmente alcanza su perihelio, el punto en que se sit\u00faa m\u00e1s cerca del Sol. A partir de ahora se alejar\u00e1 de la estrella a unos 210,000 kil\u00f3metros por hora hasta escapar del sistema solar.<\/p>\n<p>En vista de que su an\u00f3mala composici\u00f3n y antig\u00fcedad evidencian su origen extrasolar, los astr\u00f3nomos tienen enfrente una oportunidad \u00fanica. El cometa 3I\/Atlas (el cual no, no activ\u00f3 el <a href=\"https:\/\/es.wired.com\/articulos\/no-el-objeto-interestelar-3i-atlas-no-ha-despertado-el-protocolo-de-defensa-planetario\" rel=\"nofollow noopener\" target=\"_blank\">protocolo de defensa planetario<\/a>) saldr\u00e1 del sistema en enero de 2026 y no regresar\u00e1 jam\u00e1s. Por fortuna, los cient\u00edficos ya calcularon con precisi\u00f3n su trayectoria y mantienen certeza sobre su comportamiento futuro.<\/p>\n<p><img decoding=\"async\" alt=\"ruta de 3IAtlas\" loading=\"lazy\" class=\"ResponsiveImageContainer-eNxvmU cfBbTk responsive-image__image\"   src=\"https:\/\/www.europesays.com\/es\/wp-content\/uploads\/2025\/10\/cometa_3I_ATLAS_rapido.gif\"\/><\/p>\n<p>Simulaci\u00f3n divulgativa de la ruta de 3I\/Atlas por el sistema solar. Las \u00f3rbitas y velocidades est\u00e1n simplificadas para su f\u00e1cil comprensi\u00f3n.<\/p>\n<p>Jorge Garay\/Rodrigo Meade\/WIRED en Espa\u00f1ol\/ basada en informaci\u00f3n del sistema JPL Horizons de la NASA.<\/p>\n<p>El 19 de diciembre pasar\u00e1 a unos 270 millones de kil\u00f3metros de la Tierra, casi 700 veces la distancia promedio entre nuestro planeta y la Luna. Los astr\u00f3nomos creen que durante unos cuantos d\u00edas los telescopios m\u00e1s poderosos podr\u00e1n observarlo para comprender mejor su composici\u00f3n. Sin embargo, por su distancia, ser\u00e1 imposible apreciarlo a simple vista en el firmamento.<\/p>\n<p>\u00bfD\u00f3nde seguir la trayectoria del cometa 3I\/Atlas?<\/p>\n<p>Hasta ahora el cometa muestra un comportamiento constante y todo indica que as\u00ed ser\u00e1 durante todo su paso por el sistema solar. Gracias a ello, <strong>cualquiera puede rastrear su trayectoria en tiempo real, aunque no implique observarlo directamente con un telescopio.<\/strong><\/p>\n<p>P\u00e1ginas como <a data-offer-url=\"https:\/\/theskylive.com\/c2025n1-tracker\" class=\"external-link\" data-event-click=\"{&quot;element&quot;:&quot;ExternalLink&quot;,&quot;outgoingURL&quot;:&quot;https:\/\/theskylive.com\/c2025n1-tracker&quot;}\" href=\"https:\/\/theskylive.com\/c2025n1-tracker\" rel=\"nofollow noopener\" target=\"_blank\">The Sky Live<\/a> ofrecen monitoreo continuo de 3I\/Atlas. Su software gratuito muestra en todo momento la distancia del cometa respecto a la Tierra y la constelaci\u00f3n en la que se ubica. Adem\u00e1s, predice sus coordenadas para las pr\u00f3ximas semanas, lo que permite a los observadores prepararse. Otros sitios, como <a data-offer-url=\"https:\/\/www.3iatlaslive.com\/\" class=\"external-link\" data-event-click=\"{&quot;element&quot;:&quot;ExternalLink&quot;,&quot;outgoingURL&quot;:&quot;https:\/\/www.3iatlaslive.com\/&quot;}\" href=\"https:\/\/www.3iatlaslive.com\/\" rel=\"nofollow noopener\" target=\"_blank\">3Iatlaslive<\/a>, utilizan datos de la NASA para generar mapas en 2D que ilustran su recorrido.<\/p>\n<p>Tambi\u00e9n puedes encontrar transmisiones en vivo en YouTube que muestran el paso del cometa por el sistema solar en tiempo real. En realidad, estas emisiones provienen de un <a href=\"https:\/\/eyes.nasa.gov\/apps\/solar-system\/#\/c_2025_n1\" rel=\"nofollow noopener\" target=\"_blank\">simulador creado por la NASA<\/a> dentro del proyecto Eyes on the Solar System. Puedes explorarlo de manera gratuita, incluso ahora que la agencia atraviesa por una suspensi\u00f3n de actividades a causa del cierre actual del Gobierno de Estados Unidos.<\/p>\n","protected":false},"excerpt":{"rendered":"3I\/Atlas, el cometa interestelar, finalmente alcanza su perihelio, el punto en que se sit\u00faa m\u00e1s cerca del Sol.&hellip;\n","protected":false},"author":2,"featured_media":207797,"comment_status":"","ping_status":"","sticky":false,"template":"","format":"standard","meta":{"footnotes":""},"categories":[81],"tags":[119,123,124,25,10558,24,117,121,122,23,118,120],"class_list":{"0":"post-207796","1":"post","2":"type-post","3":"status-publish","4":"format-standard","5":"has-post-thumbnail","7":"category-ciencia-y-tecnologia","8":"tag-ciencia","9":"tag-ciencia-y-tecnologia","10":"tag-cienciaytecnologia","11":"tag-es","12":"tag-espacio","13":"tag-espana","14":"tag-science","15":"tag-science-and-technology","16":"tag-scienceandtechnology","17":"tag-spain","18":"tag-technology","19":"tag-tecnologia"},"share_on_mastodon":{"url":"https:\/\/pubeurope.com\/@es\/115459129950223340","error":""},"_links":{"self":[{"href":"https:\/\/www.europesays.com\/es\/wp-json\/wp\/v2\/posts\/207796","targetHints":{"allow":["GET"]}}],"collection":[{"href":"https:\/\/www.europesays.com\/es\/wp-json\/wp\/v2\/posts"}],"about":[{"href":"https:\/\/www.europesays.com\/es\/wp-json\/wp\/v2\/types\/post"}],"author":[{"embeddable":true,"href":"https:\/\/www.europesays.com\/es\/wp-json\/wp\/v2\/users\/2"}],"replies":[{"embeddable":true,"href":"https:\/\/www.europesays.com\/es\/wp-json\/wp\/v2\/comments?post=207796"}],"version-history":[{"count":0,"href":"https:\/\/www.europesays.com\/es\/wp-json\/wp\/v2\/posts\/207796\/revisions"}],"wp:featuredmedia":[{"embeddable":true,"href":"https:\/\/www.europesays.com\/es\/wp-json\/wp\/v2\/media\/207797"}],"wp:attachment":[{"href":"https:\/\/www.europesays.com\/es\/wp-json\/wp\/v2\/media?parent=207796"}],"wp:term":[{"taxonomy":"category","embeddable":true,"href":"https:\/\/www.europesays.com\/es\/wp-json\/wp\/v2\/categories?post=207796"},{"taxonomy":"post_tag","embeddable":true,"href":"https:\/\/www.europesays.com\/es\/wp-json\/wp\/v2\/tags?post=207796"}],"curies":[{"name":"wp","href":"https:\/\/api.w.org\/{rel}","templated":true}]}}