{"id":207810,"date":"2025-10-29T19:45:11","date_gmt":"2025-10-29T19:45:11","guid":{"rendered":"https:\/\/www.europesays.com\/es\/207810\/"},"modified":"2025-10-29T19:45:11","modified_gmt":"2025-10-29T19:45:11","slug":"el-fundamental-casademont-zaragoza-basket-landes-en-directo-la-euroliga-en-vivo-el-periodico-de-aragon","status":"publish","type":"post","link":"https:\/\/www.europesays.com\/es\/207810\/","title":{"rendered":"El fundamental Casademont Zaragoza-Basket Landes, en directo: la Euroliga, en vivo &#8211; El Peri\u00f3dico de Arag\u00f3n"},"content":{"rendered":"<ol>\n<li><a href=\"https:\/\/news.google.com\/rss\/articles\/CBMivAFBVV95cUxNUGdwUlBWenMtMi1SbDJhVTFEY010MTFKRDAybk5yRWlwSy1aamhsVmE3Ym9Wc1dNVXJwWWs5emU0cEhiRVZ4R2g0X1Y3enRDVkJULUJaYnd4WmhfUER4amhlWWpRc3R5MldLemNQREJfQnhhX3YwZ19XZzlBYS0yYXphVUdnTXpTZ1kxVVhnRHRXdllXWmZMNGxKb0djSUttOWkwLTlWeTBobC05RF9KajRIUzR2WXpOX08tWtIBwgFBVV95cUxOX3VWNXp0ODczZHNtYTcybE10cXZHYTJLZThEYjhMVjRkSjNJTmVqeDR4Q21UaHpuMnBNcHI5VHVoMHNDNGxJNzZKS3NKRnE1TUkyWTI1Q2VGWjVZSWJoaUFoQXBxNFFQcTh4WkFLUWdQNXlDNDJBNFBDN2dtV1pQQVRhcVJVOW1keTJuRlVYVDlYbGRzMDJ1ZGNTOG5jb3lXY2FrVU8zSHNzQkN5RTgwekpqV2pYaWJha18zOVRINjdEZw?oc=5\" target=\"_blank\" rel=\"nofollow noopener\">El fundamental Casademont Zaragoza-Basket Landes, en directo: la Euroliga, en vivo<\/a>&nbsp;&nbsp;El Peri\u00f3dico de Arag\u00f3n<\/li>\n<li><a href=\"https:\/\/news.google.com\/rss\/articles\/CBMinAFBVV95cUxPMzVMLW9ad3ZUN3VKeDc2RFdfcy1XVl9kMlA2WThtRFJzNlNuWEVEbzExME1RQnFHYjZmWEViMk5fMTBZQ0FOSVRSVkI3dnRpSGt5VUFEdG1jS0JLN1FJUkM5OHAzb3dJWHZtbHF4b0dhZUtEbmFiZ2J1ZFZ1akZ4dEQzOEpIQ1ZqTkd3endsczhySkJzN2pXTFIwOUs?oc=5\" target=\"_blank\" rel=\"nofollow noopener\">A por la primera victoria en casa en Euroliga<\/a>&nbsp;&nbsp;Arag\u00f3n Noticias (CARTV)<\/li>\n<li><a href=\"https:\/\/news.google.com\/rss\/articles\/CBMixwFBVV95cUxPbkhuSDY3dmJJcFhKakVUeEs0ZkNQZnJpdl95NC1KUlRRVTVwcE1mNi03dEhFUDJrS19DVXFETDhCNW1JUzYwY0JycmpOR1NRanhjR3pzMTlGbzY2dmJXaklmX2s0YTNkQ1J6UDBPZTQwMmN2NDZOdVVQaVdBbEQ3TzdlTC1lRmJzSmktS2Y3TXhtcnFKTndBVWRndGcxcjMwNV9LaTBnWUppN3gzdjRtUUc4NklZSXhKM25NQWdPWWxRQWoxZU4w?oc=5\" target=\"_blank\" rel=\"nofollow noopener\">Partido Casademont Zaragoza-Basket Landes, en directo<\/a>&nbsp;&nbsp;heraldo.es<\/li>\n<li><a href=\"https:\/\/news.google.com\/rss\/articles\/CBMi2gFBVV95cUxQM3ZHRWtPdlJQd1NQVVkzVklFUEdaalExcXg5bVFTVGtCNGJMMkNTMjAya0kybkFyVVFIQVBOaG5BNHdtcEg5Y3NyZEp2N1VEYm9aNWNUZE9xN2Y0d2lkMWY1SzFUXzRhcWhqeVYxalZmUFFqdDVjZURVTG9Ma3JMUTZnQmxpQVJab1hzb2FCeng4cjEtUlQ2ZTRVU3BJcHVtSHlxdExQejdiOUx2S3hEQ3VZbFRsWXJRdHdLbWNjUnpLZHRHZHZJaHBWUG5fV2FBajBCcmw0TlNTQdIB3wFBVV95cUxQU3lUWGdEcUE3VW9CSTdoNzNFcDJ6ZFZXUkZjaG1FeU02SnM4QjAyNHlMY2tqWXRacXRMc1BIdF9SS1FyRHUyODdPejU5Z2c4VmRJYjM4LUlkZzcyOGtibXpKQ3RKalpNY0tLZTNCUFdVX0lWaGRBYUhHR1ZsSnB3TlpRNVN3eVM3UzBoRnhueW43TlZIRzBhZTIwYkQ4UjBwdWxjTjRMXzJUWUhDQ1F2bTlYcXA0eHlmSUk1TFlzYmRjem1zT2g4U0RmLW5YMkN0ajQ4MC1SRDlaeXJtckln?oc=5\" target=\"_blank\" rel=\"nofollow noopener\">Horario y d\u00f3nde ver gratis el partido Casademont Zaragoza-Basket Landes<\/a>&nbsp;&nbsp;heraldo.es<\/li>\n<li><a href=\"https:\/\/news.google.com\/rss\/articles\/CBMi7gFBVV95cUxPNE52QjJtYV9nOWJzRzRrZXBPcjVJYTVKZmpUSzJyTkpFNWxwcnVMdDFsRTd3VjdYRUZ4eHVxQWNXZDhFTjVLQm9KVlY2WWZtcUtmSW1fWWVVNG1WR1pScE10SEtkMkVtZ2FZeE9HcEZJT2RRZVN6RFVXd0FGUmxoR2tvOEJkaFpSMEV4V0l4YTh3LThENk94bU5VMlJPbzZqX0dlYjZ5RElSbTd1U0FIT2I5cXRabVdLYU1MSmpJUXZGZ3FRWGQzaHZtcTBxdmdTV2VmYkVPRGFPdXV6OTZTMm5ER19vREtMM1htSDRR0gHzAUFVX3lxTFBBaUtfSHVLUVpDZHpFcUJPNlk1cnVYdmVPWUotb3JDUVZ2LUFfUDljSWRaSUZkNXp5MnVPeVpvV2FPSUZBVzNCNUQydm1TY1BOWWllaWx3ZUZ5b1kwLUhvbWdJdndVZWMxQWRGS0t5ZXFJVWVLR3d1bmE1OFd1MkZEQXVsRlNEdE9qQk4xU3A2STZERHFPT2c5a3pTY29aMzZjNEhwVk9aNzB0N2dINml6cDVLWjJGLUt4dGhva2dBZWs5TEhSelQ4cHk4UzhDcXRaS0E5d3lwMFo0NHZhSFQ2a01Va0JWdFZYTWFxYVgtTlNqNA?oc=5\" target=\"_blank\" rel=\"nofollow noopener\">Carlos Cantero: \u00abSab\u00edamos que iba ser un grupo muy igualado y nos toc\u00f3 el que no quer\u00edamos\u00bb<\/a>&nbsp;&nbsp;Arag\u00f3n Digital<\/li>\n<\/ol>\n","protected":false},"excerpt":{"rendered":"El fundamental Casademont Zaragoza-Basket Landes, en directo: la Euroliga, en vivo&nbsp;&nbsp;El Peri\u00f3dico de Arag\u00f3n A por la primera&hellip;\n","protected":false},"author":2,"featured_media":207811,"comment_status":"","ping_status":"","sticky":false,"template":"","format":"standard","meta":{"footnotes":""},"categories":[269],"tags":[299,1918,298,2511,5369,168,25,24,833,317,848,48076,5370,23,167,491],"class_list":{"0":"post-207810","1":"post","2":"type-post","3":"status-publish","4":"format-standard","5":"has-post-thumbnail","7":"category-baloncesto","8":"tag-baloncesto","9":"tag-basket","10":"tag-basketball","11":"tag-casademont","12":"tag-casademont-zaragoza","13":"tag-deportes","14":"tag-es","15":"tag-espana","16":"tag-euroliga","17":"tag-francia","18":"tag-fundamental","19":"tag-landes","20":"tag-principe-felipe","21":"tag-spain","22":"tag-sports","23":"tag-zaragoza"},"share_on_mastodon":{"url":"https:\/\/pubeurope.com\/@es\/115459176833258666","error":""},"_links":{"self":[{"href":"https:\/\/www.europesays.com\/es\/wp-json\/wp\/v2\/posts\/207810","targetHints":{"allow":["GET"]}}],"collection":[{"href":"https:\/\/www.europesays.com\/es\/wp-json\/wp\/v2\/posts"}],"about":[{"href":"https:\/\/www.europesays.com\/es\/wp-json\/wp\/v2\/types\/post"}],"author":[{"embeddable":true,"href":"https:\/\/www.europesays.com\/es\/wp-json\/wp\/v2\/users\/2"}],"replies":[{"embeddable":true,"href":"https:\/\/www.europesays.com\/es\/wp-json\/wp\/v2\/comments?post=207810"}],"version-history":[{"count":0,"href":"https:\/\/www.europesays.com\/es\/wp-json\/wp\/v2\/posts\/207810\/revisions"}],"wp:featuredmedia":[{"embeddable":true,"href":"https:\/\/www.europesays.com\/es\/wp-json\/wp\/v2\/media\/207811"}],"wp:attachment":[{"href":"https:\/\/www.europesays.com\/es\/wp-json\/wp\/v2\/media?parent=207810"}],"wp:term":[{"taxonomy":"category","embeddable":true,"href":"https:\/\/www.europesays.com\/es\/wp-json\/wp\/v2\/categories?post=207810"},{"taxonomy":"post_tag","embeddable":true,"href":"https:\/\/www.europesays.com\/es\/wp-json\/wp\/v2\/tags?post=207810"}],"curies":[{"name":"wp","href":"https:\/\/api.w.org\/{rel}","templated":true}]}}