{"id":207816,"date":"2025-10-29T19:48:32","date_gmt":"2025-10-29T19:48:32","guid":{"rendered":"https:\/\/www.europesays.com\/es\/207816\/"},"modified":"2025-10-29T19:48:32","modified_gmt":"2025-10-29T19:48:32","slug":"andrea-utrilla-expone-en-alcazar-de-san-juan-su-muestra-pictorica-sentir-en-color-una-oda-a-la-luz-y-la-emocion","status":"publish","type":"post","link":"https:\/\/www.europesays.com\/es\/207816\/","title":{"rendered":"Andrea Utrilla expone en Alc\u00e1zar de San Juan su muestra pict\u00f3rica \u201cSentir en color\u201d, una oda a la luz y la emoci\u00f3n"},"content":{"rendered":"<p>                                                  <img loading=\"lazy\" decoding=\"async\" width=\"1151\" height=\"768\" alt=\"2\" src=\"https:\/\/www.europesays.com\/es\/wp-content\/uploads\/2025\/10\/2025102812574974563.jpg\" class=\"lazyload\" \/><\/p>\n<p>La artista Andrea Utrilla, natural de Villafranca de los Caballeros, present\u00f3 el s\u00e1bado de octubre en el local de hosteler\u00eda \u2018La Quinter\u00eda\u2019 de Alc\u00e1zar de San Juan su exposici\u00f3n de pintura &#8216;Sentir en color&#8217;, una muestra \u201cmarcada por el color, la luz y la emoci\u00f3n\u201d de cerca de 40 obras que re\u00fane el trabajo de 6 a\u00f1os de la artista, con una amplia variedad de t\u00e9cnicas con la que a Utrilla le gusta experimentar.<\/p>\n<p>Los concejales Ana Isabel Abeng\u00f3zar y Paco Garc\u00eda-Navas asistieron para mostrar el abrigo institucional del Ayuntamiento de Alc\u00e1zar de San Juan a la artista, que ha llevado ya esta exposici\u00f3n a su localidad natal y que ahora se encuentra en La Quinter\u00eda de \u00c1lcazar de San Juan gracias al inter\u00e9s y excelente predisposici\u00f3n de Jes\u00fas G\u00f3mez y Armando Castellanos, due\u00f1os del local.<\/p>\n<p>La concejal Ana Isabel Abeng\u00f3zar, en representaci\u00f3n del consistorio alcazare\u00f1o, dio la enhorabuena a Andrea Utrilla por la extensa colecci\u00f3n que ha sido capaz de crear durante su todav\u00eda breve periplo art\u00edstico, con un trabajo del que la edil ha destacado el \u201csentimiento de alegr\u00eda que transmite\u201d, as\u00ed como su simbiosis perfecta con la idiosincrasia de La Quinter\u00eda, un \u201csitio joven, de encuentro, de ocio y de alegr\u00eda\u201d.<\/p>\n","protected":false},"excerpt":{"rendered":"La artista Andrea Utrilla, natural de Villafranca de los Caballeros, present\u00f3 el s\u00e1bado de octubre en el local&hellip;\n","protected":false},"author":2,"featured_media":207817,"comment_status":"","ping_status":"","sticky":false,"template":"","format":"standard","meta":{"footnotes":""},"categories":[173],"tags":[56547,12942,56548,229,233,231,230,232,234,146,147,25,24,2003,23],"class_list":{"0":"post-207816","1":"post","2":"type-post","3":"status-publish","4":"format-standard","5":"has-post-thumbnail","7":"category-arte-y-diseno","8":"tag-sentir-en-color","9":"tag-alcazar-de-san-juan","10":"tag-andrea-utrilla","11":"tag-arte","12":"tag-arte-y-diseno","13":"tag-arts","14":"tag-arts-and-design","15":"tag-design","16":"tag-diseno","17":"tag-entertainment","18":"tag-entretenimiento","19":"tag-es","20":"tag-espana","21":"tag-exposicion","22":"tag-spain"},"share_on_mastodon":{"url":"https:\/\/pubeurope.com\/@es\/115459188701174560","error":""},"_links":{"self":[{"href":"https:\/\/www.europesays.com\/es\/wp-json\/wp\/v2\/posts\/207816","targetHints":{"allow":["GET"]}}],"collection":[{"href":"https:\/\/www.europesays.com\/es\/wp-json\/wp\/v2\/posts"}],"about":[{"href":"https:\/\/www.europesays.com\/es\/wp-json\/wp\/v2\/types\/post"}],"author":[{"embeddable":true,"href":"https:\/\/www.europesays.com\/es\/wp-json\/wp\/v2\/users\/2"}],"replies":[{"embeddable":true,"href":"https:\/\/www.europesays.com\/es\/wp-json\/wp\/v2\/comments?post=207816"}],"version-history":[{"count":0,"href":"https:\/\/www.europesays.com\/es\/wp-json\/wp\/v2\/posts\/207816\/revisions"}],"wp:featuredmedia":[{"embeddable":true,"href":"https:\/\/www.europesays.com\/es\/wp-json\/wp\/v2\/media\/207817"}],"wp:attachment":[{"href":"https:\/\/www.europesays.com\/es\/wp-json\/wp\/v2\/media?parent=207816"}],"wp:term":[{"taxonomy":"category","embeddable":true,"href":"https:\/\/www.europesays.com\/es\/wp-json\/wp\/v2\/categories?post=207816"},{"taxonomy":"post_tag","embeddable":true,"href":"https:\/\/www.europesays.com\/es\/wp-json\/wp\/v2\/tags?post=207816"}],"curies":[{"name":"wp","href":"https:\/\/api.w.org\/{rel}","templated":true}]}}