{"id":207820,"date":"2025-10-29T19:51:23","date_gmt":"2025-10-29T19:51:23","guid":{"rendered":"https:\/\/www.europesays.com\/es\/207820\/"},"modified":"2025-10-29T19:51:23","modified_gmt":"2025-10-29T19:51:23","slug":"ana-torroja-deja-una-puerta-abierta-a-mecano-tras-la-vuelta-lodvg","status":"publish","type":"post","link":"https:\/\/www.europesays.com\/es\/207820\/","title":{"rendered":"Ana Torroja deja una puerta abierta a &#8216;Mecano&#8217; tras la vuelta &#8216;LODVG&#8217;"},"content":{"rendered":"<p><strong>Ana Torroja<\/strong> se ha pronunciado sobre un posible regreso de <a href=\"https:\/\/okdiario.com\/look\/actualidad\/ana-torroja-ruptura-mecano-239565\" rel=\"nofollow noopener\" target=\"_blank\">Mecano<\/a> tras la vuelta de <a href=\"https:\/\/okdiario.com\/look\/actualidad\/amaia-montero-borra-leire-del-mapa-potente-mensaje-renacimiento-pense-que-no-podria-2412151\" rel=\"nofollow noopener\" target=\"_blank\">Amaia Montero a La Oreja de Van Gogh<\/a>. La m\u00fasica de las d\u00e9cadas de los 80 y de los 90 parece que no pasa de moda. De hecho, las canciones de grupos como Mecano -que se disolvi\u00f3 en 1998-, siguen sonado en algunas fiestas de Malasa\u00f1a, Chueca o el barrio de Salamanca. Esta banda logr\u00f3 unir a un pijo de Madrid con un hippie y ese era, precisamente, el secreto de su \u00e9xito -adem\u00e1s de ser la banda sonora de <strong>la Revoluci\u00f3n Sexual o de La Movida Madrile\u00f1a<\/strong>-.<\/p>\n<p>Fue por ello que <strong>la ruptura de los hermanos Cano con Torroja fue tan sonada<\/strong>. Espa\u00f1a vivi\u00f3 en luto con la esperanza de que Mecano volviera a subirse a los escenarios. Desde finales de los 90 hasta hoy, ese sue\u00f1o -para muchos- no ha sido posible. Sin embargo, quien fuera su vocalista, <a href=\"https:\/\/okdiario.com\/look\/actualidad\/edad-ana-torroja-cumpleanps-65-anos-marquesa-marido-2183812\" rel=\"nofollow noopener\" target=\"_blank\">Ana Torroja<\/a>, ha desvelado que a pesar de que actualmente es un asunto que parece zanjado y cerrado, hay una esperanza de que vuelva a interpretar Los Amantes o Cruz de Navajas junto a Jos\u00e9 Mar\u00eda y Nacho.<\/p>\n<p>\n<img decoding=\"async\" loading=\"lazy\" class=\"size-medium wp-image-239718\" alt=\"Mecano\" width=\"620\" height=\"376\"  src=\"https:\/\/www.europesays.com\/es\/wp-content\/uploads\/2025\/10\/placeholder.jpg\"  bad-src=\"https:\/\/www.europesays.com\/es\/wp-content\/uploads\/2025\/10\/placeholder.jpg\"\/><\/p>\n<p><img decoding=\"async\" loading=\"lazy\" class=\"size-medium wp-image-239718\" src=\"https:\/\/www.europesays.com\/es\/wp-content\/uploads\/2025\/10\/12-620x376.jpg\" alt=\"Mecano\" width=\"620\" height=\"376\"  \/><\/p>\n<p> El grupo Mecano durante sus a\u00f1os de \u00e9xito. (Foto: Gtres)\n<\/p>\n<p>\u00bfVuelve Mecano?<\/p>\n<p>En 1992, el a\u00f1o en el que se subieron por \u00faltima vez a los escenarios, comenzaron los rumores de crisis entre los integrantes de <strong>Mecano<\/strong>. Cuando decidieron,<strong> finalmente, romper con su amistad y con su relaci\u00f3n laboral<\/strong>, ninguno de los tres integrantes dio el paso para contar qu\u00e9 hab\u00eda ocurrido.<\/p>\n<p>Sin embargo, fue Torroja la que decidi\u00f3 contar que el motivo principal por el que tomaron caminos por separado fue \u00abpor los asuntos personales de Jos\u00e9 en aquel entonces\u00bb adem\u00e1s de los \u00abroces\u00bb que exist\u00edan entre ellos. <strong>Hace casi tres d\u00e9cadas que Mecano se separ\u00f3<\/strong> pero, \u00bfhay alguna posibilidad de que sorprendan a sus fans en una gira?<\/p>\n<p>\n<img decoding=\"async\" loading=\"lazy\" class=\"size-medium wp-image-802542\" alt=\"Jos\u00e9 Mar\u00eda Cano\" width=\"620\" height=\"434\"  src=\"https:\/\/www.europesays.com\/es\/wp-content\/uploads\/2025\/10\/placeholder.jpg\"  bad-src=\"https:\/\/www.europesays.com\/es\/wp-content\/uploads\/2025\/10\/placeholder.jpg\"\/><\/p>\n<p><img decoding=\"async\" loading=\"lazy\" class=\"size-medium wp-image-802542\" src=\"https:\/\/www.europesays.com\/es\/wp-content\/uploads\/2025\/10\/dl_a00501433-620x434.jpg\" alt=\"Jos\u00e9 Mar\u00eda Cano\" width=\"620\" height=\"434\"  \/><\/p>\n<p> Jos\u00e9 Mar\u00eda Cano junto a su hermano, Nacho, y Ana Torroja. (Foto: Gtres)\n<\/p>\n<p>Ana Torroja, que ha cantado en el evento de Harper\u2019s Bazaar, se ha pronunciado sobre ello tras opinar sobre el caso de La Oreja de Van Gogh, que ha recuperado como vocalista a Amaia Montero. \u00abEste mundo de la fama es complicado de gestionar. Ha sido sorprendente su regreso -refiri\u00e9ndose a <strong>LODVG<\/strong>-, nadie se lo esperaba, me alegro mucho por ellos. <strong>En nuestro caso, de momento, no ha habido suerte<\/strong>\u00bb, ha comenzado diciendo. Sin embargo\u2026 \u00a1Sorpresa! A\u00fan existe una posibilidad de que el ic\u00f3nico grupo vuelva a un estudio de grabaci\u00f3n: \u00ab<strong>Es bastante complicado que Mecano vuelva<\/strong>, no voy a decir imposible por dejar esperanza, pero poca esperanza. Yo sigo cantando esas canciones (\u2026). Realmente la m\u00fasica y las canciones de la \u00e9poca de Mecano dejaron huella. Y yo tengo la suerte de seguir cant\u00e1ndolas\u00bb.<\/p>\n<p>No es la primera vez que se habla sobre una posible vuelta de Mecano. <strong>Nacho Cano<\/strong> habl\u00f3 recientemente de ello en el programa de Pablo Motos, donde desvel\u00f3 que la raz\u00f3n por la que este reencuentro no se hab\u00eda materializado era porque no llegaban a un acuerdo econ\u00f3mico. \u00ab<strong>Es un tema del que se lleva hablando mucho tiempo<\/strong>. Yo creo que fue tan duro y fue tanta la presi\u00f3n de la relaci\u00f3n en esos a\u00f1os\u2026 Hac\u00edamos giras de m\u00e1s de 400 conciertos, que eso ahora ser\u00eda impensable. Cuando t\u00fa est\u00e1s tanto tiempo viajando, conviviendo\u2026 es un poco como un matrimonio\u2026 Siempre hay propuestas econ\u00f3micas, pero no acabamos de ponernos de acuerdo\u00bb, zanj\u00f3.<\/p>\n","protected":false},"excerpt":{"rendered":"Ana Torroja se ha pronunciado sobre un posible regreso de Mecano tras la vuelta de Amaia Montero a&hellip;\n","protected":false},"author":2,"featured_media":207821,"comment_status":"","ping_status":"","sticky":false,"template":"","format":"standard","meta":{"footnotes":""},"categories":[170],"tags":[44944,146,147,25,24,184,185,23],"class_list":{"0":"post-207820","1":"post","2":"type-post","3":"status-publish","4":"format-standard","5":"has-post-thumbnail","7":"category-musica","8":"tag-ana-torroja","9":"tag-entertainment","10":"tag-entretenimiento","11":"tag-es","12":"tag-espana","13":"tag-music","14":"tag-musica","15":"tag-spain"},"share_on_mastodon":{"url":"https:\/\/pubeurope.com\/@es\/115459201874575176","error":""},"_links":{"self":[{"href":"https:\/\/www.europesays.com\/es\/wp-json\/wp\/v2\/posts\/207820","targetHints":{"allow":["GET"]}}],"collection":[{"href":"https:\/\/www.europesays.com\/es\/wp-json\/wp\/v2\/posts"}],"about":[{"href":"https:\/\/www.europesays.com\/es\/wp-json\/wp\/v2\/types\/post"}],"author":[{"embeddable":true,"href":"https:\/\/www.europesays.com\/es\/wp-json\/wp\/v2\/users\/2"}],"replies":[{"embeddable":true,"href":"https:\/\/www.europesays.com\/es\/wp-json\/wp\/v2\/comments?post=207820"}],"version-history":[{"count":0,"href":"https:\/\/www.europesays.com\/es\/wp-json\/wp\/v2\/posts\/207820\/revisions"}],"wp:featuredmedia":[{"embeddable":true,"href":"https:\/\/www.europesays.com\/es\/wp-json\/wp\/v2\/media\/207821"}],"wp:attachment":[{"href":"https:\/\/www.europesays.com\/es\/wp-json\/wp\/v2\/media?parent=207820"}],"wp:term":[{"taxonomy":"category","embeddable":true,"href":"https:\/\/www.europesays.com\/es\/wp-json\/wp\/v2\/categories?post=207820"},{"taxonomy":"post_tag","embeddable":true,"href":"https:\/\/www.europesays.com\/es\/wp-json\/wp\/v2\/tags?post=207820"}],"curies":[{"name":"wp","href":"https:\/\/api.w.org\/{rel}","templated":true}]}}