{"id":207836,"date":"2025-10-29T20:00:22","date_gmt":"2025-10-29T20:00:22","guid":{"rendered":"https:\/\/www.europesays.com\/es\/207836\/"},"modified":"2025-10-29T20:00:22","modified_gmt":"2025-10-29T20:00:22","slug":"una-acusacion-pide-a-la-jueza-de-la-dana-el-ticket-del-parking-al-que-mazon-fue-con-vilaplana-tras-el-ventorro","status":"publish","type":"post","link":"https:\/\/www.europesays.com\/es\/207836\/","title":{"rendered":"Una acusaci\u00f3n pide a la jueza de la dana el ticket del parking al que Maz\u00f3n fue con Vilaplana tras El Ventorro"},"content":{"rendered":"<p class=\"article-text\">\n        El abogado que consigui\u00f3 que la periodista Maribel Vilaplana declarara como testigo en la causa de la dana ha pedido a la jueza instructora que se requiera el ticket del parking al que la acompa\u00f1\u00f3 el president Carlos Maz\u00f3n tras la larga comida en el restaurante El Ventorro el pasado 29 de octubre, seg\u00fan un escrito al que ha tenido acceso elDiario.es. El jefe del Consell, seg\u00fan su \u00faltima versi\u00f3n de los hechos, acompa\u00f1\u00f3 a Vilaplana hasta un aparcamiento cercano al establecimiento.\n    <\/p>\n<p>    <a href=\"https:\/\/www.eldiario.es\/comunitat-valenciana\/mazon-mil-mentiras-dana-ano-coartada_1_12708368.html\" data-mrf-recirculation=\"saber-mas\" data-dl-event=\"saber-mas\" rel=\"nofollow noopener\" target=\"_blank\"><\/p>\n<p class=\"know-more__title\">Maz\u00f3n, mil y una mentiras sobre la dana para un a\u00f1o sin coartada<\/p>\n<p>            <img decoding=\"async\" class=\"lazy\" loading=\"lazy\" data-src=\"https:\/\/static.eldiario.es\/clip\/6c9b1f0e-3882-478b-8bc0-6dc547ffddd6_16-9-aspect-ratio_default_0_x3567y2157.jpg\" src=\"data:image\/svg+xml,%3Csvg xmlns=\" http:=\"\" viewbox=\"0 0 880 495\" alt=\"Maz\u00f3n, mil y una mentiras sobre la dana para un a\u00f1o sin coartada\"\/><\/p>\n<p>                        <\/a><\/p>\n<p class=\"article-text\">\n        El letrado Ximo Esteve, que ejerce una de las acusaciones particulares de la causa, considera que \u201ca tenor de las recientes informaciones\u201d sobre la \u201cnueva cronolog\u00eda ofrecida\u201d por Maz\u00f3n y Vilaplana, proceder\u00eda requerir a la periodista el pr\u00f3ximo 3 de noviembre, d\u00eda de su declaraci\u00f3n como testigo, que \u201caporte ticket o tickets del estacionamiento de su veh\u00edculo\u201d en el parking la Glorieta-Paz de Val\u00e8ncia de la tarde de la dana.\n    <\/p>\n<p class=\"article-text\">\n        El abogado va incluso m\u00e1s all\u00e1 y pide, que \u201ccon car\u00e1cter subsidiario, en caso de extrav\u00edo de dicho ticket, o no poseer el mismo, se le requiera\u201d a la empresa que gestiona el aparcamiento \u201cpara que aporte el n\u00famero de identificaci\u00f3n de matr\u00edcula del veh\u00edculo con el que estaba ese d\u00eda en el parking\u201d. Todo ello \u201cpara que este aporte el citado ticket o informe de entrada y salida del veh\u00edculo con n\u00famero de matr\u00edcula rese\u00f1ado\u201d, agrega el escrito.\n    <\/p>\n<p class=\"article-text\">\n        La secci\u00f3n segunda de la Audiencia Provincial de Valencia <a href=\"https:\/\/www.eldiario.es\/comunitat-valenciana\/testigo-maribel-vilaplana-vuelco-causa-dana-abre-rendija-investigar-comida-mazon-ventorro_129_12708257.html\" target=\"_blank\" data-mrf-recirculation=\"links-noticia\" class=\"link\" rel=\"nofollow noopener\">orden\u00f3 el pasado 23 de octubre<\/a> que declarara en la causa la periodista Maribel Vilaplana. La jueza instructora, pocas horas despu\u00e9s del auto de la Audiencia de Valencia, <a href=\"https:\/\/www.eldiario.es\/comunitat-valenciana\/juzgado-dana-cita-proximo-3-noviembre-periodista-comio-mazon-ventorro_1_12708902.html\" target=\"_blank\" data-mrf-recirculation=\"links-noticia\" class=\"link\" rel=\"nofollow noopener\">cit\u00f3 a declarar a Vilaplana<\/a>.\n    <\/p>\n<p class=\"article-text\">\n        Por otro lado, la misma acusaci\u00f3n pide que se cite de nuevo a la investigada Salom\u00e9 Pradas al considerar que resulta \u201cpreciso\u201d para la instrucci\u00f3n que la exconsellera \u201caclare preguntas de extraordinaria relevancia\u201d, por las \u201cinformaciones que se van obteniendo tanto en sede judicial como a trav\u00e9s de informaciones period\u00edsticas\u201d.\n    <\/p>\n<p>    <a href=\"https:\/\/www.eldiario.es\/comunitat-valenciana\/mazon-mil-mentiras-dana-ano-coartada_1_12708368.html\" data-mrf-recirculation=\"saber-mas-abajo\" data-dl-event=\"saber-mas-abajo\" rel=\"nofollow noopener\" target=\"_blank\"><\/p>\n<p class=\"know-more__title\">&#8216;\u00bfD\u00f3nde estaba Maz\u00f3n?&#8217;: el documental que investiga la gran inc\u00f3gnita de la dana<\/p>\n<p>            <img decoding=\"async\" class=\"lazy\" loading=\"lazy\" data-src=\"https:\/\/static.eldiario.es\/clip\/6c9b1f0e-3882-478b-8bc0-6dc547ffddd6_16-9-aspect-ratio_default_0_x3567y2157.jpg\" src=\"data:image\/svg+xml,%3Csvg xmlns=\" http:=\"\" viewbox=\"0 0 880 495\" alt=\"Maz\u00f3n, mil y una mentiras sobre la dana para un a\u00f1o sin coartada\"\/><\/p>\n<p>                        <\/a><\/p>\n<p class=\"article-text\">\n        En caso de \u201cno considerar oportuna dicha comparecencia\u201d por parte de la jueza, la acusaci\u00f3n que ejerce Esteve \u201cse reserva\u201d el derecho a solicitarla\u201c m\u00e1s adelante.\n    <\/p>\n","protected":false},"excerpt":{"rendered":"El abogado que consigui\u00f3 que la periodista Maribel Vilaplana declarara como testigo en la causa de la dana&hellip;\n","protected":false},"author":2,"featured_media":207837,"comment_status":"","ping_status":"","sticky":false,"template":"","format":"standard","meta":{"footnotes":""},"categories":[8],"tags":[517,2206,1705,17,18,3965,242,25,24,13,14,11,1667,19,20,9,10,15,16,1925,23,12,21,22,235],"class_list":{"0":"post-207836","1":"post","2":"type-post","3":"status-publish","4":"format-standard","5":"has-post-thumbnail","7":"category-espana","8":"tag-actualidad","9":"tag-alicante","10":"tag-analisis","11":"tag-breaking-news","12":"tag-breakingnews","13":"tag-castellon","14":"tag-comunidad-valenciana","15":"tag-es","16":"tag-espana","17":"tag-featured-news","18":"tag-featurednews","19":"tag-headlines","20":"tag-informacion","21":"tag-latest-news","22":"tag-latestnews","23":"tag-news","24":"tag-noticias","25":"tag-noticias-destacadas","26":"tag-noticiasdestacadas","27":"tag-opinion","28":"tag-spain","29":"tag-titulares","30":"tag-ultimas-noticias","31":"tag-ultimasnoticias","32":"tag-valencia"},"share_on_mastodon":{"url":"https:\/\/pubeurope.com\/@es\/115459235726446968","error":""},"_links":{"self":[{"href":"https:\/\/www.europesays.com\/es\/wp-json\/wp\/v2\/posts\/207836","targetHints":{"allow":["GET"]}}],"collection":[{"href":"https:\/\/www.europesays.com\/es\/wp-json\/wp\/v2\/posts"}],"about":[{"href":"https:\/\/www.europesays.com\/es\/wp-json\/wp\/v2\/types\/post"}],"author":[{"embeddable":true,"href":"https:\/\/www.europesays.com\/es\/wp-json\/wp\/v2\/users\/2"}],"replies":[{"embeddable":true,"href":"https:\/\/www.europesays.com\/es\/wp-json\/wp\/v2\/comments?post=207836"}],"version-history":[{"count":0,"href":"https:\/\/www.europesays.com\/es\/wp-json\/wp\/v2\/posts\/207836\/revisions"}],"wp:featuredmedia":[{"embeddable":true,"href":"https:\/\/www.europesays.com\/es\/wp-json\/wp\/v2\/media\/207837"}],"wp:attachment":[{"href":"https:\/\/www.europesays.com\/es\/wp-json\/wp\/v2\/media?parent=207836"}],"wp:term":[{"taxonomy":"category","embeddable":true,"href":"https:\/\/www.europesays.com\/es\/wp-json\/wp\/v2\/categories?post=207836"},{"taxonomy":"post_tag","embeddable":true,"href":"https:\/\/www.europesays.com\/es\/wp-json\/wp\/v2\/tags?post=207836"}],"curies":[{"name":"wp","href":"https:\/\/api.w.org\/{rel}","templated":true}]}}