{"id":207838,"date":"2025-10-29T20:02:16","date_gmt":"2025-10-29T20:02:16","guid":{"rendered":"https:\/\/www.europesays.com\/es\/207838\/"},"modified":"2025-10-29T20:02:16","modified_gmt":"2025-10-29T20:02:16","slug":"gritos-de-asesino-y-rata-cobarde-a-mazon-durante-el-funeral-de-estado-por-la-dana","status":"publish","type":"post","link":"https:\/\/www.europesays.com\/es\/207838\/","title":{"rendered":"Gritos de \u00abasesino\u00bb y \u00abrata cobarde\u00bb a Maz\u00f3n durante el funeral de Estado por la dana"},"content":{"rendered":"<p style=\"\">El presidente de la Generalitat Valenciana, <strong>Carlos Maz\u00f3n<\/strong>, ha protagonizado momentos de tensi\u00f3n al principio y al final del funeral de Estado de las v\u00edctimas de la <a href=\"https:\/\/www.abc.es\/noticias\/dana\/\" target=\"_self\" data-voc-vtm-id=\"in-text-traffic\" title=\"dana\" data-mrf-link=\"www.abc.es\" rel=\"nofollow noopener\">dana<\/a>, cuyos familiares le han reclamado la dimisi\u00f3n y le han reprochado al grito de \u00abasesino\u00bb  &#8230; y \u00abcobarde\u00bb su gesti\u00f3n de la barrancada con 229 muertos en la provincia de Valencia.<\/p>\n<p class=\"voc-p\" style=\"\">Tras un fr\u00edo saludo con el presidente del Gobierno, <strong>Pedro S\u00e1nchez<\/strong>, con quien no ha mantenido contacto en estos doce meses por la negativa de este \u00faltimo a reunirse con \u00e9l, el protocolo de Moncloa lo ha excluido del saludo con los Reyes a representantes de las familias afectadas en una sala adyacente al espacio en el que se ha celebrado la ceremonia.<\/p>\n<p class=\"voc-p\" style=\"\">Mientras eso ocurr\u00eda, Maz\u00f3n entraba a la conocida como Calle Mayor del Museo de las Ciencias de Valencia entre gritos y reproches de muchos de los asistentes, con gesto serio y visiblemente consternado por la situaci\u00f3n. <\/p>\n<p class=\"voc-p\" style=\"\">\u00abA nuestro lado no te queremos\u00bb, le ha advertido una de las participantes en el acto. \u00ab<strong>Cabr\u00f3n, que te est\u00e1 esperando la jueza. Sinverg\u00fcenza, rata cobarde<\/strong>. Has matado a nuestros familiares. Ojal\u00e1 te hagan un completo como a Rita Barber\u00e1\u00bb, gritaba otra, que le reprochaba que estuviera \u00abcomiendo con la periodista [Maribel Vilaplana], cuando la gente se estaba ahogando\u00bb.<\/p>\n<p class=\"voc-p\" style=\"\">\u00abHas matado a mi hermano y a mi sobrino\u00bb, exclamaba al mismo tiempo una mujer. \u00abR\u00edete, r\u00edete de nosotros viniendo aqu\u00ed\u00bb, se ha podido escuchar tambi\u00e9n. \u00abNadie da la cara por los espa\u00f1oles. <strong>Sois traidores a vuestro pa\u00eds<\/strong>\u00bb, agregaba otra asistente, cargando tambi\u00e9n contra el Gobierno central. <\/p>\n<p class=\"voc-p\" style=\"\">Una de las familiares participantes en el homenaje ha pedido \u00abrespeto\u00bb por las v\u00edctimas para calmar los \u00e1nimos y evitar enfrentamientos entre ellas. Los gritos de rabia no han cesado hasta la entrada de los Reyes en la sala, cuando han empezado los aplausos.<\/p>\n<p><a class=\"voc-img-link\" href=\"https:\/\/www.abc.es\/espana\/comunidad-valenciana\/funeral-estado-primer-aniversario-dana-imagenes-20251029171600-ga.html\" data-voc-vtm-id=\"in-text-traffic\" title=\"El funeral, en fotos. En la imagen, la Reina abraza a Andrea Ferrari, hija de Eva Mar\u00eda Canut, v\u00edctima de la dana. Andrea fue de las tres personas que intervinieron en el funeral en representaci\u00f3n de los familiares de todas las v\u00edctimas.\" rel=\"nofollow noopener\" target=\"_blank\"><\/p>\n<p><img decoding=\"async\" loading=\"lazy\" src=\"https:\/\/www.europesays.com\/es\/wp-content\/uploads\/2025\/10\/1502441353-U7010748974789AF--760x427@diario_abc.JPG\" class=\"voc-img\" width=\"760\" height=\"427\" alt=\"El funeral, en fotos. En la imagen, la Reina abraza a Andrea Ferrari, hija de Eva Mar\u00eda Canut, v\u00edctima de la dana. Andrea fue de las tres personas que intervinieron en el funeral en representaci\u00f3n de los familiares de todas las v\u00edctimas.\" data-voc-vtm-id=\"in-text-traffic\"\/><\/p>\n<p><\/a><\/p>\n<p>Galer\u00eda.<\/p>\n<p>El funeral, en fotos. En la imagen, la Reina abraza a Andrea Ferrari, hija de Eva Mar\u00eda Canut, v\u00edctima de la dana. Andrea fue de las tres personas que intervinieron en el funeral en representaci\u00f3n de los familiares de todas las v\u00edctimas.<\/p>\n<p class=\"voc-p\" style=\"\">Durante todo el acto, los familiares presentes han ido levantando las fotograf\u00edas de sus seres queridos en los momentos m\u00e1s emotivos. Algunos portaban camisetas con mensajes como \u00abEren morts evitables\u00bb (\u00ab<strong>Eran muertos evitables<\/strong>\u00bb). La tensi\u00f3n ha vuelto a desatarse al finalizar el acto y tras la salida de Felipe VI y Letizia, cuando se han repetido los gritos de \u00abfuera\u00bb y \u00abMaz\u00f3n, dimisi\u00f3n\u00bb. <\/p>\n<p class=\"voc-p\" style=\"\">El complejo de la Ciudad de las Artes y las Ciencias estaba blindado por un gran per\u00edmetro de seguridad ante la voluntad de Moncloa de prevenir altercados en las inmediaciones del museo.<\/p>\n","protected":false},"excerpt":{"rendered":"El presidente de la Generalitat Valenciana, Carlos Maz\u00f3n, ha protagonizado momentos de tensi\u00f3n al principio y al final&hellip;\n","protected":false},"author":2,"featured_media":207839,"comment_status":"","ping_status":"","sticky":false,"template":"","format":"standard","meta":{"footnotes":""},"categories":[5],"tags":[19521,17,18,56550,11667,1681,25,24,693,13,14,9589,11823,11,19,20,1439,9,10,15,16,15120,23,12,21,22],"class_list":{"0":"post-207838","1":"post","2":"type-post","3":"status-publish","4":"format-standard","5":"has-post-thumbnail","7":"category-titulares","8":"tag-asesino","9":"tag-breaking-news","10":"tag-breakingnews","11":"tag-cobarde","12":"tag-comenzar","13":"tag-dana","14":"tag-es","15":"tag-espana","16":"tag-estado","17":"tag-featured-news","18":"tag-featurednews","19":"tag-funeral","20":"tag-gritos","21":"tag-headlines","22":"tag-latest-news","23":"tag-latestnews","24":"tag-mazon","25":"tag-news","26":"tag-noticias","27":"tag-noticias-destacadas","28":"tag-noticiasdestacadas","29":"tag-rata","30":"tag-spain","31":"tag-titulares","32":"tag-ultimas-noticias","33":"tag-ultimasnoticias"},"share_on_mastodon":{"url":"https:\/\/pubeurope.com\/@es\/115459243746828699","error":""},"_links":{"self":[{"href":"https:\/\/www.europesays.com\/es\/wp-json\/wp\/v2\/posts\/207838","targetHints":{"allow":["GET"]}}],"collection":[{"href":"https:\/\/www.europesays.com\/es\/wp-json\/wp\/v2\/posts"}],"about":[{"href":"https:\/\/www.europesays.com\/es\/wp-json\/wp\/v2\/types\/post"}],"author":[{"embeddable":true,"href":"https:\/\/www.europesays.com\/es\/wp-json\/wp\/v2\/users\/2"}],"replies":[{"embeddable":true,"href":"https:\/\/www.europesays.com\/es\/wp-json\/wp\/v2\/comments?post=207838"}],"version-history":[{"count":0,"href":"https:\/\/www.europesays.com\/es\/wp-json\/wp\/v2\/posts\/207838\/revisions"}],"wp:featuredmedia":[{"embeddable":true,"href":"https:\/\/www.europesays.com\/es\/wp-json\/wp\/v2\/media\/207839"}],"wp:attachment":[{"href":"https:\/\/www.europesays.com\/es\/wp-json\/wp\/v2\/media?parent=207838"}],"wp:term":[{"taxonomy":"category","embeddable":true,"href":"https:\/\/www.europesays.com\/es\/wp-json\/wp\/v2\/categories?post=207838"},{"taxonomy":"post_tag","embeddable":true,"href":"https:\/\/www.europesays.com\/es\/wp-json\/wp\/v2\/tags?post=207838"}],"curies":[{"name":"wp","href":"https:\/\/api.w.org\/{rel}","templated":true}]}}