{"id":207842,"date":"2025-10-29T20:08:10","date_gmt":"2025-10-29T20:08:10","guid":{"rendered":"https:\/\/www.europesays.com\/es\/207842\/"},"modified":"2025-10-29T20:08:10","modified_gmt":"2025-10-29T20:08:10","slug":"llamados-a-declarar-ocho-detenidos-en-o-corgo-por-las-protestas-propalestinas","status":"publish","type":"post","link":"https:\/\/www.europesays.com\/es\/207842\/","title":{"rendered":"Llamados a declarar ocho detenidos en O Corgo por las protestas propalestinas"},"content":{"rendered":"<p data-mrf-recirculation=\"Links P\u00e1rrafos\" class=\"ue-c-article__paragraph paragraph ue-c-article--first-letter-highlighted\">Las ocho personas <strong>detenidas en O Corgo en la etapa de La Vuelta por las protestas a favor de Palestina han sido llamadas para prestar declaraci\u00f3n <\/strong>en sede judicial en\u00a0 diciembre como investigadas por un delito de \u00abdes\u00f3rdenes p\u00fablicos\u00bb, seg\u00fan ha informado mediante un comunicado el colectivo Lugo por Palestina.<\/p>\n<p data-mrf-recirculation=\"Links P\u00e1rrafos\" class=\"ue-c-article__paragraph paragraph\">En ese mismo escrito, este colectivo denuncia \u00abla falta de coherencia del Gobierno\u00bb, que \u00abp\u00fablicamente mostr\u00f3 su apoyo a las protestas\u00bb y \u00abal mismo tiempo las criminaliza\u00bb.\u00a0Recuerda que <strong><a href=\"https:\/\/www.marca.com\/ciclismo\/vuelta-espana\/2025\/09\/04\/israel-premier-tech-descarta-retirarse-vuelta-censura-manifestantes-favor-palestina.html\" target=\"_blank\" rel=\"nofollow noopener\">la participaci\u00f3n del equipo Israel Primer Tech en La Vuelta <\/a><\/strong>motiv\u00f3 protestas generalizadas en todo el recorrido de la competici\u00f3n deportiva.<\/p>\n<p data-mrf-recirculation=\"Links P\u00e1rrafos\" class=\"ue-c-article__paragraph paragraph\">\u00abEn esas protestas, ocho personas fuimos detenidas en O Corgo por la Guardia Civil, y dos m\u00e1s en el final de etapa en Monforte de Lemos, donde otras tres fueron identificadas e incluidas en el atestado de la Polic\u00eda Nacional\u00bb, aclararon.<\/p>\n<p data-mrf-recirculation=\"Links P\u00e1rrafos\" class=\"ue-c-article__paragraph paragraph\"><strong>En total, \u00absomos 13 personas de Lugo que pedimos nuestra absoluci\u00f3n.<\/strong> Presumiblemente, todas vamos a ser juzgadas y tambi\u00e9n se nos abrir\u00e1 expediente administrativo en la Delegaci\u00f3n del Gobierno\u00bb, ante la cual \u00abla Comisi\u00f3n Antiviolencia solicita multas de entre 3.000 y 5.000 euros por persona\u00bb.<\/p>\n<p data-mrf-recirculation=\"Links P\u00e1rrafos\" class=\"ue-c-article__paragraph paragraph\"><strong>Por ello, la Plataforma Lugo por Palestina acaba de poner en marcha una campa\u00f1a de solidaridad <\/strong>para recaudar fondos con los que hacer frente a las \u00ababultadas multas que esas personas esperan recibir\u00bb.<\/p>\n<p data-mrf-recirculation=\"Links P\u00e1rrafos\" class=\"ue-c-article__paragraph paragraph\">Adem\u00e1s, se compromete a que, en caso de que la campa\u00f1a de recogida de fondos supere la cuant\u00eda necesaria, ese dinero sobrante ir\u00e1 destinado \u00aba la causa Palestina\u00bb.<\/p>\n","protected":false},"excerpt":{"rendered":"Las ocho personas detenidas en O Corgo en la etapa de La Vuelta por las protestas a favor&hellip;\n","protected":false},"author":2,"featured_media":207843,"comment_status":"","ping_status":"","sticky":false,"template":"","format":"standard","meta":{"footnotes":""},"categories":[273],"tags":[313,312,168,25,24,23,167],"class_list":{"0":"post-207842","1":"post","2":"type-post","3":"status-publish","4":"format-standard","5":"has-post-thumbnail","7":"category-ciclismo","8":"tag-ciclismo","9":"tag-cycling","10":"tag-deportes","11":"tag-es","12":"tag-espana","13":"tag-spain","14":"tag-sports"},"share_on_mastodon":{"url":"https:\/\/pubeurope.com\/@es\/115459267185366620","error":""},"_links":{"self":[{"href":"https:\/\/www.europesays.com\/es\/wp-json\/wp\/v2\/posts\/207842","targetHints":{"allow":["GET"]}}],"collection":[{"href":"https:\/\/www.europesays.com\/es\/wp-json\/wp\/v2\/posts"}],"about":[{"href":"https:\/\/www.europesays.com\/es\/wp-json\/wp\/v2\/types\/post"}],"author":[{"embeddable":true,"href":"https:\/\/www.europesays.com\/es\/wp-json\/wp\/v2\/users\/2"}],"replies":[{"embeddable":true,"href":"https:\/\/www.europesays.com\/es\/wp-json\/wp\/v2\/comments?post=207842"}],"version-history":[{"count":0,"href":"https:\/\/www.europesays.com\/es\/wp-json\/wp\/v2\/posts\/207842\/revisions"}],"wp:featuredmedia":[{"embeddable":true,"href":"https:\/\/www.europesays.com\/es\/wp-json\/wp\/v2\/media\/207843"}],"wp:attachment":[{"href":"https:\/\/www.europesays.com\/es\/wp-json\/wp\/v2\/media?parent=207842"}],"wp:term":[{"taxonomy":"category","embeddable":true,"href":"https:\/\/www.europesays.com\/es\/wp-json\/wp\/v2\/categories?post=207842"},{"taxonomy":"post_tag","embeddable":true,"href":"https:\/\/www.europesays.com\/es\/wp-json\/wp\/v2\/tags?post=207842"}],"curies":[{"name":"wp","href":"https:\/\/api.w.org\/{rel}","templated":true}]}}