{"id":207850,"date":"2025-10-29T20:13:42","date_gmt":"2025-10-29T20:13:42","guid":{"rendered":"https:\/\/www.europesays.com\/es\/207850\/"},"modified":"2025-10-29T20:13:42","modified_gmt":"2025-10-29T20:13:42","slug":"bivac-para-los-juegos-olimpicos-de-2026-por-carlo-ratti-associati","status":"publish","type":"post","link":"https:\/\/www.europesays.com\/es\/207850\/","title":{"rendered":"Bivac para los Juegos Ol\u00edmpicos de 2026 por Carlo Ratti Associati"},"content":{"rendered":"<p class=\"text-align-justify\"><a href=\"https:\/\/www.metalocus.es\/es\/noticias\/oficinas-mondadori-de-oscar-niemeyer-renovadas-por-carlo-ratti-associati\" target=\"_blank\" rel=\"nofollow noopener\">CRA-Carlo Ratti Associati<\/a>, en colaboraci\u00f3n con el Salone del Mobile Milano, presenta un nuevo vivac fabricado digitalmente que armoniza con el paisaje alpino. El proceso comienza con un escaneo 3D de las formaciones rocosas de los Alpes. El dise\u00f1o resultante minimiza el impacto visual y maximiza la funcionalidad, incorporando la producci\u00f3n y el almacenamiento de energ\u00eda, as\u00ed como la captaci\u00f3n de agua mediante la condensaci\u00f3n del aire. Previsto para su debut como pabell\u00f3n urbano durante los Juegos Ol\u00edmpicos de Invierno de 2026 en Mil\u00e1n, el refugio ser\u00e1 posteriormente trasladado por aire a su ubicaci\u00f3n permanente en los Alpes, donde servir\u00e1 como refugio permanente para monta\u00f1eros.<\/p>\n<p class=\"text-align-justify\">El enfoque de proyecto de <a href=\"https:\/\/www.metalocus.es\/es\/noticias\/integracion-en-el-paisaje-cantina-de-tierra-por-carlo-ratti-associati\" target=\"_blank\" rel=\"nofollow noopener\">CRA<\/a> busca difuminar la frontera entre la naturaleza y las estructuras artificiales. Mediante el escaneo digital de las formaciones rocosas alpinas, el equipo cre\u00f3 un modelo 3D preciso del paisaje, que inspir\u00f3 el dise\u00f1o del refugio. El resultado es una estructura de armaz\u00f3n de madera laminada cruzada (CLT), aerogel y metal, inspirada en las formaciones cristalinas de los Alpes y que se integra con la forma del entorno.<\/p>\n<p class=\"text-align-justify\">Proyectado para ser completamente autosuficiente, el vivac cuenta con un sistema fotovoltaico de 5 kW pico con almacenamiento, que abastece todas sus necesidades energ\u00e9ticas, incluyendo la conexi\u00f3n a la red. En una zona sin acceso a fuentes de agua naturales, el vivac utiliza un sistema de condensaci\u00f3n de aire para producir varios litros de agua potable al d\u00eda, garantizando as\u00ed que escaladores y senderistas siempre tengan acceso a agua limpia, incluso en caso de emergencia. A diferencia de los vivacs tradicionales, que se pintan de colores brillantes para garantizar la visibilidad en d\u00edas nublados o con niebla, el refugio adopta un enfoque m\u00e1s sutil, integr\u00e1ndose en el paisaje. En su lugar, una luz roja brillante se activa solo en condiciones de visibilidad limitada, reduciendo su impacto visual y garantizando la seguridad en momentos cr\u00edticos.<\/p>\n<p><img decoding=\"async\" src=\"https:\/\/www.europesays.com\/es\/wp-content\/uploads\/2025\/10\/metalocus_carlo-ratti_Bivouac_01.jpg\" data-entity-uuid=\"fdd6ac14-b8d4-4b77-a876-7a3ab86c43ee\" data-entity-type=\"file\" alt=\"vivac fabricado digitalmente para los Juegos Ol\u00edmpicos de 2026 por Carlo Ratti Associati\" width=\"2048\" height=\"1536\" loading=\"lazy\"\/><\/p>\n<p class=\"text-align-justify\">Vivac fabricado digitalmente para los Juegos Ol\u00edmpicos de 2026 por Carlo Ratti Associati.<\/p>\n<p class=\"text-align-justify\">La pared de cristal del vivac ofrece una vista meditativa de los Alpes circundantes. Adem\u00e1s de su funci\u00f3n como refugio, la estructura ofrece un santuario temporal: un lugar para la reflexi\u00f3n, el descanso y la conexi\u00f3n con la naturaleza.<\/p>\n<p class=\"text-align-justify\">El vivac tendr\u00e1 una doble existencia. Inicialmente, se expondr\u00e1 como pabell\u00f3n temporal coincidiendo con los Juegos Ol\u00edmpicos de Invierno de 2026, para celebrar la cultura alpina. Tras el evento, ser\u00e1 trasladado en helic\u00f3ptero a su ubicaci\u00f3n definitiva a gran altitud, donde seguir\u00e1 sirviendo a los escaladores de las pr\u00f3ximas generaciones. Este ciclo de vida en dos fases encarna los principios m\u00e1s profundos del dise\u00f1o circular, ya que la estructura conecta la cultura urbana con el patrimonio monta\u00f1oso de forma sostenible y duradera.<\/p>\n<p class=\"text-align-justify Indent1\">\u00abDesafortunadamente, hoy en d\u00eda los vivacs a menudo parecen dirigibles que han aterrizado en nuestros hermosos paisajes alpinos. En este caso, adoptamos el enfoque opuesto: una estructura que se integra al m\u00e1ximo con el entorno \u2014declar\u00f3 Carlo Ratti, profesor del MIT y del Polit\u00e9cnico de Mil\u00e1n, cofundador de CRA y director de la Bienal de Arquitectura 2025\u2014. El gran arquitecto italiano del siglo XX, Gio Ponti, dijo una vez que la arquitectura es &#8216;como un cristal&#8217;. En este dise\u00f1o, lo tomamos al pie de la letra, utilizando la fabricaci\u00f3n digital para dise\u00f1ar un vivac como si formara parte de las formaciones rocosas naturales que dan forma a los Alpes\u00bb.<\/p>\n","protected":false},"excerpt":{"rendered":"CRA-Carlo Ratti Associati, en colaboraci\u00f3n con el Salone del Mobile Milano, presenta un nuevo vivac fabricado digitalmente que&hellip;\n","protected":false},"author":2,"featured_media":207851,"comment_status":"","ping_status":"","sticky":false,"template":"","format":"standard","meta":{"footnotes":""},"categories":[173],"tags":[229,233,231,230,232,234,146,147,25,24,23],"class_list":{"0":"post-207850","1":"post","2":"type-post","3":"status-publish","4":"format-standard","5":"has-post-thumbnail","7":"category-arte-y-diseno","8":"tag-arte","9":"tag-arte-y-diseno","10":"tag-arts","11":"tag-arts-and-design","12":"tag-design","13":"tag-diseno","14":"tag-entertainment","15":"tag-entretenimiento","16":"tag-es","17":"tag-espana","18":"tag-spain"},"share_on_mastodon":{"url":"https:\/\/pubeurope.com\/@es\/115459287099391211","error":""},"_links":{"self":[{"href":"https:\/\/www.europesays.com\/es\/wp-json\/wp\/v2\/posts\/207850","targetHints":{"allow":["GET"]}}],"collection":[{"href":"https:\/\/www.europesays.com\/es\/wp-json\/wp\/v2\/posts"}],"about":[{"href":"https:\/\/www.europesays.com\/es\/wp-json\/wp\/v2\/types\/post"}],"author":[{"embeddable":true,"href":"https:\/\/www.europesays.com\/es\/wp-json\/wp\/v2\/users\/2"}],"replies":[{"embeddable":true,"href":"https:\/\/www.europesays.com\/es\/wp-json\/wp\/v2\/comments?post=207850"}],"version-history":[{"count":0,"href":"https:\/\/www.europesays.com\/es\/wp-json\/wp\/v2\/posts\/207850\/revisions"}],"wp:featuredmedia":[{"embeddable":true,"href":"https:\/\/www.europesays.com\/es\/wp-json\/wp\/v2\/media\/207851"}],"wp:attachment":[{"href":"https:\/\/www.europesays.com\/es\/wp-json\/wp\/v2\/media?parent=207850"}],"wp:term":[{"taxonomy":"category","embeddable":true,"href":"https:\/\/www.europesays.com\/es\/wp-json\/wp\/v2\/categories?post=207850"},{"taxonomy":"post_tag","embeddable":true,"href":"https:\/\/www.europesays.com\/es\/wp-json\/wp\/v2\/tags?post=207850"}],"curies":[{"name":"wp","href":"https:\/\/api.w.org\/{rel}","templated":true}]}}