{"id":207852,"date":"2025-10-29T20:15:12","date_gmt":"2025-10-29T20:15:12","guid":{"rendered":"https:\/\/www.europesays.com\/es\/207852\/"},"modified":"2025-10-29T20:15:12","modified_gmt":"2025-10-29T20:15:12","slug":"tus-lagrimas-son-las-nuestras","status":"publish","type":"post","link":"https:\/\/www.europesays.com\/es\/207852\/","title":{"rendered":"Tus l\u00e1grimas son las nuestras"},"content":{"rendered":"<p class=\"article-text\">\n        <strong>Antonio Garc\u00eda Ferreras<\/strong> se ha quebrado al escuchar el testimonio de <strong>Dolores Ruiz<\/strong>, la mujer que perdi\u00f3 a su marido y sus dos hijos en la <strong>dana <\/strong>que arras\u00f3 la provincia de Valencia en 2024. Este mi\u00e9rcoles, coincidiendo con el primer aniversario de la cat\u00e1strofe, el presentador de <strong>laSexta <\/strong>ha tenido la oportunidad de escuchar su historia en <strong>Al Rojo Vivo<\/strong>.\n    <\/p>\n<p>    <a href=\"https:\/\/www.eldiario.es\/vertele\/noticias\/marilo-montero-telemadrid-sanchez-digo-exageracion-camino-dictadura-video-antonio-naranjo_1_12725388.html\" data-mrf-recirculation=\"saber-mas\" data-dl-event=\"saber-mas\" rel=\"nofollow noopener\" target=\"_blank\"><\/p>\n<p class=\"know-more__title\">Maril\u00f3 Montero, en Telemadrid sobre S\u00e1nchez: \u00abDigo sin ninguna exageraci\u00f3n que estamos camino de la dictadura\u00bb<\/p>\n<p>            <img decoding=\"async\" class=\"lazy\" loading=\"lazy\" data-src=\"https:\/\/static.eldiario.es\/clip\/141e9cfa-0e5a-42e3-a26e-2c8267b1dd79_16-9-aspect-ratio_default_0.jpg\" src=\"data:image\/svg+xml,%3Csvg xmlns=\" http:=\"\" viewbox=\"0 0 880 495\" alt=\"Maril\u00f3 Montero, en Telemadrid sobre S\u00e1nchez: &quot;Digo sin ninguna exageraci\u00f3n que estamos camino de la dictadura&quot;\"\/><\/p>\n<p>                        <\/a><\/p>\n<p class=\"article-text\">\n        El hijo de Dolores se lanz\u00f3 al agua para salvar a su hermano, que segundos antes hab\u00eda intentado socorrer a un perro. Al padre de ellos tambi\u00e9n lo arrastr\u00f3 la riada. <strong>\u201cNo me explico c\u00f3mo yo me qued\u00e9 enganchada a la ventana, engarrotada, horas y horas\u201d<\/strong>, ha contado la se\u00f1ora, todav\u00eda consternada por esta desgracia sin igual.\n    <\/p>\n<p class=\"article-text\">\n        Emocionado, Ferreras le ha trasladado su \u201ccari\u00f1o\u201d y el de <strong>Ana Pastor<\/strong>. \u201cDolores, sabes muy bien que tus l\u00e1grimas son las nuestras\u201d, le ha dicho con la voz rota. De hecho, en ese instante no ha podido a\u00f1adir ni una sola palabra m\u00e1s. Si ha podido recomponerse es porque la valenciana ha agradecido el cari\u00f1o de los medios de comunicaci\u00f3n y de quienes la han arropado en las numerosas manifestaciones con las que se ha pedido la dimisi\u00f3n de <strong>Carlos Maz\u00f3n<\/strong>, presidente de la Generalitat.\n    <\/p>\n<p>    <a href=\"https:\/\/www.eldiario.es\/vertele\/noticias\/peticion-noemi-galera-ot-2025-homenaje-victimas-dana-valencia-mazon-dimision_1_12725377.html\" data-mrf-recirculation=\"saber-mas-abajo\" data-dl-event=\"saber-mas-abajo\" rel=\"nofollow noopener\" target=\"_blank\"><\/p>\n<p class=\"know-more__title\">La petici\u00f3n de Noem\u00ed Galera en &#8216;OT 2025&#8217; en homenaje a las v\u00edctimas de la DANA de Valencia: \u201c\u00a1Maz\u00f3n dimisi\u00f3n!\u201d<\/p>\n<p>            <img decoding=\"async\" class=\"lazy\" loading=\"lazy\" data-src=\"https:\/\/static.eldiario.es\/clip\/e9455627-9524-4ec5-accb-428c1b3326a7_16-9-aspect-ratio_default_0.jpg\" src=\"data:image\/svg+xml,%3Csvg xmlns=\" http:=\"\" viewbox=\"0 0 880 495\" alt=\"La petici\u00f3n de Noem\u00ed Galera en 'OT 2025' en homenaje a las v\u00edctimas de la DANA de Valencia: &quot;\u00a1Maz\u00f3n dimisi\u00f3n!&quot;\"\/><\/p>\n<p>                        <\/a><\/p>\n<p class=\"article-text\">\n        Y por \u00faltimo, antes de despedirse de ella, el periodista le ha hecho saber que siempre apoyar\u00e1 su causa. <strong>\u201cEstamos, estuvimos y vamos a estar contigo\u201d<\/strong>, le ha recordado.\n    <\/p>\n<blockquote class=\"twitter-tweet\" data-lang=\"es\"><p><a href=\"https:\/\/twitter.com\/X\/status\/1983522393545982060?ref_src=twsrc%5Etfw\" rel=\"nofollow noopener\" target=\"_blank\"><\/p><\/blockquote>\n<p>                                <script async src=\"https:\/\/platform.twitter.com\/widgets.js\" charset=\"utf-8\"><\/script><\/p>\n","protected":false},"excerpt":{"rendered":"Antonio Garc\u00eda Ferreras se ha quebrado al escuchar el testimonio de Dolores Ruiz, la mujer que perdi\u00f3 a&hellip;\n","protected":false},"author":2,"featured_media":207853,"comment_status":"","ping_status":"","sticky":false,"template":"","format":"standard","meta":{"footnotes":""},"categories":[171],"tags":[36248,1681,3050,146,147,25,24,8023,448,8385,23,214,14281],"class_list":{"0":"post-207852","1":"post","2":"type-post","3":"status-publish","4":"format-standard","5":"has-post-thumbnail","7":"category-tv","8":"tag-al-rojo-vivo","9":"tag-dana","10":"tag-dolores","11":"tag-entertainment","12":"tag-entretenimiento","13":"tag-es","14":"tag-espana","15":"tag-ferreras","16":"tag-historia","17":"tag-llora","18":"tag-spain","19":"tag-tv","20":"tag-victima"},"share_on_mastodon":{"url":"https:\/\/pubeurope.com\/@es\/115459294890153177","error":""},"_links":{"self":[{"href":"https:\/\/www.europesays.com\/es\/wp-json\/wp\/v2\/posts\/207852","targetHints":{"allow":["GET"]}}],"collection":[{"href":"https:\/\/www.europesays.com\/es\/wp-json\/wp\/v2\/posts"}],"about":[{"href":"https:\/\/www.europesays.com\/es\/wp-json\/wp\/v2\/types\/post"}],"author":[{"embeddable":true,"href":"https:\/\/www.europesays.com\/es\/wp-json\/wp\/v2\/users\/2"}],"replies":[{"embeddable":true,"href":"https:\/\/www.europesays.com\/es\/wp-json\/wp\/v2\/comments?post=207852"}],"version-history":[{"count":0,"href":"https:\/\/www.europesays.com\/es\/wp-json\/wp\/v2\/posts\/207852\/revisions"}],"wp:featuredmedia":[{"embeddable":true,"href":"https:\/\/www.europesays.com\/es\/wp-json\/wp\/v2\/media\/207853"}],"wp:attachment":[{"href":"https:\/\/www.europesays.com\/es\/wp-json\/wp\/v2\/media?parent=207852"}],"wp:term":[{"taxonomy":"category","embeddable":true,"href":"https:\/\/www.europesays.com\/es\/wp-json\/wp\/v2\/categories?post=207852"},{"taxonomy":"post_tag","embeddable":true,"href":"https:\/\/www.europesays.com\/es\/wp-json\/wp\/v2\/tags?post=207852"}],"curies":[{"name":"wp","href":"https:\/\/api.w.org\/{rel}","templated":true}]}}