{"id":207858,"date":"2025-10-29T20:18:12","date_gmt":"2025-10-29T20:18:12","guid":{"rendered":"https:\/\/www.europesays.com\/es\/207858\/"},"modified":"2025-10-29T20:18:12","modified_gmt":"2025-10-29T20:18:12","slug":"real-madrid-el-olympique-de-lyon-va-a-por-endrick","status":"publish","type":"post","link":"https:\/\/www.europesays.com\/es\/207858\/","title":{"rendered":"Real Madrid | El Olympique de Lyon va a por Endrick"},"content":{"rendered":"<p class=\"ft-text\"><a class=\"ft-link ft-link--decoration\" href=\"https:\/\/www.sport.es\/es\/noticias\/real-madrid\/endrick-planta-son-exigencias-elegir-122959582\" rel=\"nofollow noopener\" target=\"_blank\">La temporada de Endrick est\u00e1 siendo, cuanto menos, decepcionante<\/a>. Lleg\u00f3 al inicio de la era Xabi Alonso con percances f\u00edsicos, pero tras recuperarse no ha podido entrar todav\u00eda en din\u00e1mica del equipo y parece que el t\u00e9cnico blanco no est\u00e1 muy por la labor de darle minutos.<\/p>\n<p class=\"ft-text\">En lo que llevamos de curso, el delantero brasile\u00f1o todav\u00eda est\u00e1 in\u00e9dito, es decir, que no ha jugado ni un solo minuto con la el\u00e1stica blanca, y eso que ya nos adentramos en el mes de noviembre. Gonzalo, despu\u00e9s de ser muy protagonista en el Mundial de Clubes, <strong>se ha ganado el sitio como sustituto de Mbapp\u00e9 en la posici\u00f3n de &#8216;9&#8217;,<\/strong> dejando sin sitio a Endrick, por el que el Real Madrid hizo una gran inversi\u00f3n en su d\u00eda.<\/p>\n<p><img decoding=\"async\" src=\"https:\/\/www.europesays.com\/es\/wp-content\/uploads\/2025\/10\/d599ca7d-b2bf-4762-9378-93f644e542be_alta-libre-aspect-ratio_default_0.jpg\" width=\"1200\" height=\"675\" alt=\"Endrick acepta irse cedido si es a un equipo de primera l\u00ednea\" class=\"ft-helper-img-rd\" loading=\"lazy\" hasdataaida=\"true\"\/><\/p>\n<p class=\"ft-helper-fontColor-quaternary ft-helper-fontSize-body-S ft-helper-spacer-t-xxs\">Endrick acepta irse cedido si es a un equipo de primera l\u00ednea  \/ Efe<\/p>\n<p class=\"ft-text\">As\u00ed, el club blanco y Xabi Alonso estar\u00edan encantados de dar salida al delantero en este pr\u00f3ximo mercadod e fichajes de invierno, pero no lo har\u00e1n a cualquier precio. Pese a no tener sitio ni minutos, el equipo merengue no quiere deshacerse del futbolista y solo estar\u00eda interesado en una cesi\u00f3n simple para que ganara protagonismo de aqu\u00ed a final de temporada.<\/p>\n<p>El Lyon, al acecho<\/p>\n<p class=\"ft-text\">Y aqu\u00ed es donde entra el Olympique de Lyon. Seg\u00fan apunta el periodista Fabrizio Romano, el Olympique de Lyon, que perdi\u00f3 a Mikautadze en verano en direcci\u00f3n a Villarreal, <strong>estar\u00eda muy interesado en reclutar al brasile\u00f1o a pr\u00e9stamo hasta el pr\u00f3ximo 30 de junio y ya habr\u00eda iniciado negociaciones.<\/strong><\/p>\n<p class=\"ft-text\"><strong>En Francia, Endrick podr\u00eda demostrar el nivel que se le presupone y por el cu\u00e1l el Real Madrid<\/strong> pag\u00f3 una millonada en su d\u00eda. El brasile\u00f1o necesita minutos, mimos y goles para volver a tener confianza y ganarse as\u00ed su vuelta al Real Madrid. Vamos a ver si el jugador, eso s\u00ed, est\u00e1 dispuesto a salir en direcci\u00f3n a Lyon. El futbolista quiere marcharse, pero sigue sopesando opciones.<\/p>\n<p class=\"ft-text\">Xabi Alonso dispone de un enorme n\u00famero de atacantes y, ahora mismo, Endrick no est\u00e1 ni entre las primeras opciones en sus planteamientos. Adem\u00e1s, para m\u00e1s inri, Gonzalo, del Castilla, ha derribado la puerta del primer equipo a base de goles y de grandes actuaciones. De hecho, ya jug\u00f3 unos minutos en el cl\u00e1sico, <strong>demostrando el t\u00e9cnico vasco que apuesta claramente por \u00e9l como recambio de Mbapp\u00e9 y no con Endrick.<\/strong><\/p>\n","protected":false},"excerpt":{"rendered":"La temporada de Endrick est\u00e1 siendo, cuanto menos, decepcionante. Lleg\u00f3 al inicio de la era Xabi Alonso con&hellip;\n","protected":false},"author":2,"featured_media":207859,"comment_status":"","ping_status":"","sticky":false,"template":"","format":"standard","meta":{"footnotes":""},"categories":[93],"tags":[168,17689,25,24,1964,17678,3048,23,167],"class_list":{"0":"post-207858","1":"post","2":"type-post","3":"status-publish","4":"format-standard","5":"has-post-thumbnail","7":"category-deportes","8":"tag-deportes","9":"tag-endrick","10":"tag-es","11":"tag-espana","12":"tag-mercado-de-fichajes","13":"tag-olympique-de-lyon","14":"tag-real-madrid","15":"tag-spain","16":"tag-sports"},"share_on_mastodon":{"url":"https:\/\/pubeurope.com\/@es\/115459306911060559","error":""},"_links":{"self":[{"href":"https:\/\/www.europesays.com\/es\/wp-json\/wp\/v2\/posts\/207858","targetHints":{"allow":["GET"]}}],"collection":[{"href":"https:\/\/www.europesays.com\/es\/wp-json\/wp\/v2\/posts"}],"about":[{"href":"https:\/\/www.europesays.com\/es\/wp-json\/wp\/v2\/types\/post"}],"author":[{"embeddable":true,"href":"https:\/\/www.europesays.com\/es\/wp-json\/wp\/v2\/users\/2"}],"replies":[{"embeddable":true,"href":"https:\/\/www.europesays.com\/es\/wp-json\/wp\/v2\/comments?post=207858"}],"version-history":[{"count":0,"href":"https:\/\/www.europesays.com\/es\/wp-json\/wp\/v2\/posts\/207858\/revisions"}],"wp:featuredmedia":[{"embeddable":true,"href":"https:\/\/www.europesays.com\/es\/wp-json\/wp\/v2\/media\/207859"}],"wp:attachment":[{"href":"https:\/\/www.europesays.com\/es\/wp-json\/wp\/v2\/media?parent=207858"}],"wp:term":[{"taxonomy":"category","embeddable":true,"href":"https:\/\/www.europesays.com\/es\/wp-json\/wp\/v2\/categories?post=207858"},{"taxonomy":"post_tag","embeddable":true,"href":"https:\/\/www.europesays.com\/es\/wp-json\/wp\/v2\/tags?post=207858"}],"curies":[{"name":"wp","href":"https:\/\/api.w.org\/{rel}","templated":true}]}}