{"id":207875,"date":"2025-10-29T20:31:11","date_gmt":"2025-10-29T20:31:11","guid":{"rendered":"https:\/\/www.europesays.com\/es\/207875\/"},"modified":"2025-10-29T20:31:11","modified_gmt":"2025-10-29T20:31:11","slug":"kilian-jornet-regala-la-bici-con-la-que-hizo-historia-en-su-ultimo-desafio","status":"publish","type":"post","link":"https:\/\/www.europesays.com\/es\/207875\/","title":{"rendered":"Kilian Jornet regala la bici con la que hizo historia en su \u00faltimo desaf\u00edo"},"content":{"rendered":"<p data-gtm-element-container=\"modulo-texto-link\" class=\"paragraph\">Que <strong>Kilian Jornet<\/strong> haya hecho historia gracias a uno de sus incre\u00edbles retos no es ninguna novedad, pero s\u00ed que lo es la forma en que quiere celebrarlo.\u00a0<\/p>\n<p data-gtm-element-container=\"modulo-texto-link\" class=\"paragraph\">El atleta catal\u00e1n ha decidido sortear la bicicleta con la que complet\u00f3 su reciente reto <strong>\u201cStates of Elevation\u201d<\/strong>, una de las aventuras m\u00e1s ambiciosas de su carrera que consisti\u00f3 en una traves\u00eda por los Estados Unidos en las que solamente cont\u00f3 con ese veh\u00edculo como medio de transporte, <strong>valorado en m\u00e1s de 10.000 euros.\u00a0<\/strong><\/p>\n<blockquote class=\"instagram-media\" data-instgrm-captioned=\"\" data-instgrm-permalink=\"https:\/\/www.instagram.com\/reel\/DP325NZkZIG\/?utm_source=ig_embed&amp;utm_campaign=loading\" data-instgrm-version=\"14\" style=\" background:#FFF; border:0; border-radius:3px; box-shadow:0 0 1px 0 rgba(0,0,0,0.5),0 1px 10px 0 rgba(0,0,0,0.15); margin: 1px; max-width:540px; min-width:326px; padding:0; width:99.375%; width:-webkit-calc(100% - 2px); width:calc(100% - 2px);\"\/>\n<p data-gtm-element-container=\"modulo-texto-link\" class=\"paragraph\">El deportista ha anunciado a trav\u00e9s de sus redes sociales que cualquier persona podr\u00e1 participar de forma gratuita en el sorteo -abierto hasta el 30 de octubre de 2025- y optar al premio, que ser\u00e1 doble. Junto a la bicicleta, se entregar\u00e1 un equipamiento completo de running de la marca NNormal, que incluye zapatillas Tomir 02, una camiseta t\u00e9cnica, pantalones cortos y calcetines.\u00a0<\/p>\n<p>    Lee tambi\u00e9n<\/p>\n<p data-gtm-element-container=\"modulo-texto-link\" class=\"paragraph\">El proyecto \u201cStates of Elevation\u201d fue uno de los desaf\u00edos m\u00e1s personales de Kilian Jornet, que se propuso enlazar los principales picos de m\u00e1s de 14.000 pies (unos 4.267 metros) de Estados Unidos, desplaz\u00e1ndose \u00fanicamente con su cuerpo, ya sea a pie o en bicicleta.<\/p>\n<blockquote class=\"instagram-media\" data-instgrm-captioned=\"\" data-instgrm-permalink=\"https:\/\/www.instagram.com\/p\/DPbXgnGiAbp\/?utm_source=ig_embed&amp;utm_campaign=loading\" data-instgrm-version=\"14\" style=\" background:#FFF; border:0; border-radius:3px; box-shadow:0 0 1px 0 rgba(0,0,0,0.5),0 1px 10px 0 rgba(0,0,0,0.15); margin: 1px; max-width:540px; min-width:326px; padding:0; width:99.375%; width:-webkit-calc(100% - 2px); width:calc(100% - 2px);\"\/>\n<p data-gtm-element-container=\"modulo-texto-link\" class=\"paragraph\">Durante m\u00e1s de un mes, recorri\u00f3 unos 5.145 kil\u00f3metros, un 80% de los cuales fueron sobre la bicicleta que ser\u00e1 sorteada, una joya de tecnolog\u00eda punta, mientras que el resto fueron a pie para acumular un impresionante <strong>desnivel positivo de m\u00e1s de 123.000 metros.\u00a0<\/strong><\/p>\n<p data-gtm-element-container=\"modulo-texto-link\" class=\"paragraph\">La bicicleta se trata de una\u00a0<strong>Trek Domane personalizada<\/strong>, un veh\u00edculo de transporte h\u00edbrido adaptado a las exigencias del terreno norteamericano, capaz de rendir tanto en carretera como en tramos de grava y monta\u00f1a.\u00a0<\/p>\n<blockquote class=\"instagram-media\" data-instgrm-captioned=\"\" data-instgrm-permalink=\"https:\/\/www.instagram.com\/p\/DQHTSKtCKxk\/?utm_source=ig_embed&amp;utm_campaign=loading\" data-instgrm-version=\"14\" style=\" background:#FFF; border:0; border-radius:3px; box-shadow:0 0 1px 0 rgba(0,0,0,0.5),0 1px 10px 0 rgba(0,0,0,0.15); margin: 1px; max-width:540px; min-width:326px; padding:0; width:99.375%; width:-webkit-calc(100% - 2px); width:calc(100% - 2px);\"\/>\n<p data-gtm-element-container=\"modulo-texto-link\" class=\"paragraph\">El proceso para participar en el sorteo es sencillo: tan solo hay que seguir los perfiles oficiales de Instagram de Kilian Jornet y\u00a0NNormal (@nnormal_official), y compartir la publicaci\u00f3n del sorteo etiquetando a la marca.\u00a0\u00a0<\/p>\n<p><script async src=\"\/\/www.instagram.com\/embed.js\"><\/script><\/p>\n","protected":false},"excerpt":{"rendered":"Que Kilian Jornet haya hecho historia gracias a uno de sus incre\u00edbles retos no es ninguna novedad, pero&hellip;\n","protected":false},"author":2,"featured_media":207876,"comment_status":"","ping_status":"","sticky":false,"template":"","format":"standard","meta":{"footnotes":""},"categories":[273],"tags":[313,312,168,25,24,23,167],"class_list":{"0":"post-207875","1":"post","2":"type-post","3":"status-publish","4":"format-standard","5":"has-post-thumbnail","7":"category-ciclismo","8":"tag-ciclismo","9":"tag-cycling","10":"tag-deportes","11":"tag-es","12":"tag-espana","13":"tag-spain","14":"tag-sports"},"share_on_mastodon":{"url":"https:\/\/pubeurope.com\/@es\/115459357611305905","error":""},"_links":{"self":[{"href":"https:\/\/www.europesays.com\/es\/wp-json\/wp\/v2\/posts\/207875","targetHints":{"allow":["GET"]}}],"collection":[{"href":"https:\/\/www.europesays.com\/es\/wp-json\/wp\/v2\/posts"}],"about":[{"href":"https:\/\/www.europesays.com\/es\/wp-json\/wp\/v2\/types\/post"}],"author":[{"embeddable":true,"href":"https:\/\/www.europesays.com\/es\/wp-json\/wp\/v2\/users\/2"}],"replies":[{"embeddable":true,"href":"https:\/\/www.europesays.com\/es\/wp-json\/wp\/v2\/comments?post=207875"}],"version-history":[{"count":0,"href":"https:\/\/www.europesays.com\/es\/wp-json\/wp\/v2\/posts\/207875\/revisions"}],"wp:featuredmedia":[{"embeddable":true,"href":"https:\/\/www.europesays.com\/es\/wp-json\/wp\/v2\/media\/207876"}],"wp:attachment":[{"href":"https:\/\/www.europesays.com\/es\/wp-json\/wp\/v2\/media?parent=207875"}],"wp:term":[{"taxonomy":"category","embeddable":true,"href":"https:\/\/www.europesays.com\/es\/wp-json\/wp\/v2\/categories?post=207875"},{"taxonomy":"post_tag","embeddable":true,"href":"https:\/\/www.europesays.com\/es\/wp-json\/wp\/v2\/tags?post=207875"}],"curies":[{"name":"wp","href":"https:\/\/api.w.org\/{rel}","templated":true}]}}