{"id":207881,"date":"2025-10-29T20:35:10","date_gmt":"2025-10-29T20:35:10","guid":{"rendered":"https:\/\/www.europesays.com\/es\/207881\/"},"modified":"2025-10-29T20:35:10","modified_gmt":"2025-10-29T20:35:10","slug":"preguntan-a-bad-gyal-que-opina-sobre-la-nueva-cancion-de-rosalia-y-su-respuesta-lo-dice-todo","status":"publish","type":"post","link":"https:\/\/www.europesays.com\/es\/207881\/","title":{"rendered":"Preguntan a Bad Gyal qu\u00e9 opina sobre la nueva canci\u00f3n de Rosal\u00eda y su respuesta lo dice todo"},"content":{"rendered":"<p>Rosal\u00eda ha estrenado esta semana la primera canci\u00f3n del que ser\u00e1 su nuevo \u00e1lbum (LUX) el cual &#8216;ver\u00e1 la luz&#8217; el pr\u00f3ximo 7 de noviembre y<b> en tan solo un d\u00eda ha conseguido m\u00e1s de seis millones de reproducciones,<\/b> no solo por ser su primer sencillo, sino por su letra (que adem\u00e1s es mitad en alem\u00e1n y mitad en ingl\u00e9s), su videoclip y su inesperado estilo musical.\u00a0<\/p>\n<p><b>Su obra no ha pasado desapercibida y eso es un hecho, <\/b>provocando una oleada de reacciones, tanto del p\u00fablico como de otros artistas. Una de las que se ha pronunciado al respecto ha sido Bad Gyal (catalana tambi\u00e9n), a quien le ha preguntado si le ha gustado la canci\u00f3n y si har\u00eda alguna vez una colaboraci\u00f3n con ella.<\/p>\n<p><b>\u00abElla siempre lo peta. \u00bfC\u00f3mo no lo va a petar?\u00bb<\/b>, ha respondido la cantante con una sonrisa en la alfombra roja. Preguntada sobre una posible futura colaboraci\u00f3n, <a href=\"https:\/\/www.huffingtonpost.es\/life\/cultura\/preguntan-bad-gyal-le-gustaria-colaboracion-rosalia-respuesta-dice.html\" title=\"Preguntan a Bad Gyal que si le gustar\u00eda una colaboraci\u00f3n con Rosal\u00eda y su silencio lo dice todo\" rel=\"nofollow noopener\" target=\"_blank\">cuesti\u00f3n que no es la primera vez que le formulan, <\/a>la catalana tampoco se ha cortado y ha dejado caer que ese momento podr\u00eda llegar en un futuro (esperemos que pr\u00f3ximo).\u00a0<\/p>\n<p>\u00abSer\u00eda incre\u00edble una colab, yo creo que se va a dar en alg\u00fan momento. Le mando un beso desde aqu\u00ed\u00bb, ha asegurado la misma ante los micr\u00f3fonos de los medios de comunicaci\u00f3n. El momento ha sido captado por la cuenta en &#8216;X&#8217; (antes conocido como Twitter)\u00a0@rosaliaposting,<b> donde lleva ya cerca de 200 compartidos y 3.000 &#8216;me gusta&#8217;.\u00a0<\/b><\/p>\n<p>Qu\u00e9 significa el videoclip Berghain de Rosal\u00eda<\/p>\n<p>El nuevo videoclip de Rosal\u00eda, <a href=\"https:\/\/www.huffingtonpost.es\/videos\/que-opina-redaccion-huffpost-berghain-nuevo-single-rosalia.html\" title=\"\u00bfQu\u00e9 opina la redacci\u00f3n del Huffpost de &#039;Berghain&#039;, el nuevo single de Rosal\u00eda?\" rel=\"nofollow noopener\" target=\"_blank\">Berghain<\/a>, primer adelanto de su \u00e1lbum LUX, ha desatado una amplia variedad de teor\u00edas en redes. Una de las m\u00e1s virales es la del usuario @adri_motopapi, quien sostiene que<b> la pieza narra una relaci\u00f3n t\u00f3xica en la que la protagonista pierde su propia esencia por culpa del amor.\u00a0<\/b><\/p>\n<p>La orquesta que la acompa\u00f1a representar\u00eda su conciencia atormentada, mientras que el coraz\u00f3n que encuentra en el suelo simboliza <b>un amor que ya no tiene valor. <\/b>La escena final, con Rosal\u00eda adoptando una postura parecida a la de la Virgen Mar\u00eda, ser\u00eda \u2014seg\u00fan esta interpretaci\u00f3n\u2014 una muerte simb\u00f3lica y renacimiento espiritual, <b>donde la artista se desprende del dolor para volver a ser ella misma.<\/b><\/p>\n","protected":false},"excerpt":{"rendered":"Rosal\u00eda ha estrenado esta semana la primera canci\u00f3n del que ser\u00e1 su nuevo \u00e1lbum (LUX) el cual &#8216;ver\u00e1&hellip;\n","protected":false},"author":2,"featured_media":207882,"comment_status":"","ping_status":"","sticky":false,"template":"","format":"standard","meta":{"footnotes":""},"categories":[174],"tags":[23252,255,146,147,25,24,256,4147,23],"class_list":{"0":"post-207881","1":"post","2":"type-post","3":"status-publish","4":"format-standard","5":"has-post-thumbnail","7":"category-famosos","8":"tag-bad-gyal","9":"tag-celebrities","10":"tag-entertainment","11":"tag-entretenimiento","12":"tag-es","13":"tag-espana","14":"tag-famosos","15":"tag-rosalia","16":"tag-spain"},"share_on_mastodon":{"url":"https:\/\/pubeurope.com\/@es\/115459373465819834","error":""},"_links":{"self":[{"href":"https:\/\/www.europesays.com\/es\/wp-json\/wp\/v2\/posts\/207881","targetHints":{"allow":["GET"]}}],"collection":[{"href":"https:\/\/www.europesays.com\/es\/wp-json\/wp\/v2\/posts"}],"about":[{"href":"https:\/\/www.europesays.com\/es\/wp-json\/wp\/v2\/types\/post"}],"author":[{"embeddable":true,"href":"https:\/\/www.europesays.com\/es\/wp-json\/wp\/v2\/users\/2"}],"replies":[{"embeddable":true,"href":"https:\/\/www.europesays.com\/es\/wp-json\/wp\/v2\/comments?post=207881"}],"version-history":[{"count":0,"href":"https:\/\/www.europesays.com\/es\/wp-json\/wp\/v2\/posts\/207881\/revisions"}],"wp:featuredmedia":[{"embeddable":true,"href":"https:\/\/www.europesays.com\/es\/wp-json\/wp\/v2\/media\/207882"}],"wp:attachment":[{"href":"https:\/\/www.europesays.com\/es\/wp-json\/wp\/v2\/media?parent=207881"}],"wp:term":[{"taxonomy":"category","embeddable":true,"href":"https:\/\/www.europesays.com\/es\/wp-json\/wp\/v2\/categories?post=207881"},{"taxonomy":"post_tag","embeddable":true,"href":"https:\/\/www.europesays.com\/es\/wp-json\/wp\/v2\/tags?post=207881"}],"curies":[{"name":"wp","href":"https:\/\/api.w.org\/{rel}","templated":true}]}}