{"id":207893,"date":"2025-10-29T20:42:22","date_gmt":"2025-10-29T20:42:22","guid":{"rendered":"https:\/\/www.europesays.com\/es\/207893\/"},"modified":"2025-10-29T20:42:22","modified_gmt":"2025-10-29T20:42:22","slug":"los-consejos-de-la-neurologa-para-que-el-ictus-la-primera-causa-de-muerte-en-mujeres-no-nos-mate","status":"publish","type":"post","link":"https:\/\/www.europesays.com\/es\/207893\/","title":{"rendered":"Los consejos de la neur\u00f3loga para que el ictus, la primera causa de muerte en mujeres, no nos mate"},"content":{"rendered":"<p class=\"ft-text\">Seg\u00fan datos de la Sociedad Espa\u00f1ola de Neurolog\u00eda (SEN), <strong>en Espa\u00f1a unas 110.000 personas sufren un ictus cada a\u00f1o<\/strong>, de los cuales al menos un 15% fallecen y, entre los supervivientes, alrededor de un 30% queda en situaci\u00f3n de <a class=\"ft-link ft-link--decoration\" href=\"https:\/\/www.informacion.es\/tags\/dependencia\/\" target=\"_blank\" rel=\"nofollow noopener\">dependencia<\/a> funcional.<\/p>\n<p class=\"ft-text\">Seg\u00fan explica a este diario la <strong>doctora Natalia Barbero Bordalo<\/strong>, jefa del Servicio de Neurolog\u00eda del Hospital Universitario HM Madrid R\u00edo, el ictus est\u00e1 provocado porque la circulaci\u00f3n de la sangre que llega al cerebro se interrumpe, por una rotura o por el taponamiento del vaso sangu\u00edneo.<\/p>\n<p class=\"ft-text\">El ictus es una urgencia neurol\u00f3gica tiempo-dependiente, donde una intervenci\u00f3n precoz optimiza el pron\u00f3stico funcional.<\/p>\n<p>El ictus no solo afecta a la tercera edad<\/p>\n<p class=\"ft-text\">Existen muchos \u00abmitos\u00bb sobre el ictus que pueden dificultar su prevenci\u00f3n y tratamiento. Uno de los m\u00e1s comunes es que solo afecta a personas mayores. \u00abAunque la edad avanzada es un factor de riesgo, puede presentarse en adultos j\u00f3venes e incluso en ni\u00f1os si se tiene <a class=\"ft-link ft-link--decoration\" href=\"https:\/\/www.informacion.es\/salud\/guia\/2025\/10\/07\/son-buenas-colesterol-hipertension-diabetes-77833143.html\" target=\"_blank\" rel=\"nofollow noopener\">hipertensi\u00f3n<\/a>, diabetes, obesidad o enfermedades card\u00edacas\u00bb.<\/p>\n<p class=\"ft-text\">Otro de los mitos es que el ictus no se puede prevenir. \u00abAl contrario, hasta el 80% de los ictus <strong>pueden evitarse con h\u00e1bitos saludables<\/strong>. El m\u00e1s peligroso es que si los s\u00edntomas desaparecen no es necesario ir al m\u00e9dico. \u00abAunque los s\u00edntomas solo duran unos minutos, esto podr\u00eda ser un accidente isqu\u00e9mico transitorio, una se\u00f1al de advertencia de un ictus mayor, por lo que hay que acudir al m\u00e9dico s\u00ed o s\u00ed.\u00bb<\/p>\n<p><img decoding=\"async\" src=\"https:\/\/www.europesays.com\/es\/wp-content\/uploads\/2025\/10\/ed404950-7662-4aa8-bd50-6147a72ce848_alta-libre-aspect-ratio_default_0.jpg\" width=\"1200\" height=\"675\" alt=\"El ictus es la segunda causa de muerte, y la primera entre las mujeres.\" class=\"ft-helper-img-rd\" loading=\"lazy\" hasdataaida=\"true\"\/><\/p>\n<p class=\"ft-helper-fontColor-quaternary ft-helper-fontSize-body-S ft-helper-spacer-t-xxs\">El ictus es la segunda causa de muerte, y la primera entre las mujeres  \/ Freepik<\/p>\n<p>S\u00edntomas: c\u00f3mo reconocerlo<\/p>\n<ol class=\"ft-list ft-list--numbered\">\n<li class=\"ft-list__item\">Debilidad o adormecimiento en la cara, en el brazo o la pierna de un mismo lado del cuerpo.<\/li>\n<li class=\"ft-list__item\">Dificultad para hablar o entender el lenguaje.<\/li>\n<li class=\"ft-list__item\">P\u00e9rdida de visi\u00f3n en uno o ambos ojos.<\/li>\n<li class=\"ft-list__item\">Mareo, falta de equilibrio o dificultad para caminar.<\/li>\n<li class=\"ft-list__item\">Dolor de cabeza intenso y repentino.<\/li>\n<\/ol>\n<p>Vida activa y saludable, m\u00e1s ejercicio y eliminar los h\u00e1bitos t\u00f3xicos<\/p>\n<p class=\"ft-text\">Para reducir el riesgo de ictus, es fundamental adoptar <strong>h\u00e1bitos de vida saludables<\/strong>. Controlar la <a class=\"ft-link ft-link--decoration\" href=\"https:\/\/www.informacion.es\/salud\/guia\/2025\/02\/06\/hipertenso-alimentos-debo-eliminar-dieta-76380444.html\" target=\"_blank\" rel=\"nofollow noopener\">tensi\u00f3n arterial<\/a>, ya que la hipertensi\u00f3n es uno de los principales factores de riesgo de ictus.<\/p>\n<p class=\"ft-text\">Llevar una alimentaci\u00f3n saludable con frutas, verduras, cereales, legumbres, pescado y grasas saludables (como el aceite de oliva), ayuda a prevenir el sobrepeso, controlar el colesterol y reducir el riesgo de diabetes, todos factores asociados al ictus.<\/p>\n<p class=\"ft-text\">Tambi\u00e9n es fundamental la <strong>actividad f\u00edsica<\/strong> regular, al menos 30 minutos al d\u00eda, evitar el tabaco y el alcohol, y controlar las enfermedades cr\u00f3nicas como la diabetes, la obesidad o el colesterol y triglic\u00e9ridos altos.<\/p>\n<p>Tipos de ictus: \u00bfcu\u00e1les son y c\u00f3mo nos afectan?<\/p>\n<p class=\"ft-text\">El ictus isqu\u00e9mico es el m\u00e1s habitual (85%), que provoca una isquemia y da\u00f1o en el tejido cerebral. Es fundamental llegar al m\u00e9dico antes de las 4,5 horas desde el inicio de los s\u00edntomas para administrar un tratamiento farmacol\u00f3gico denominado fibrinolisis intravenosa con el fin de disolver el trombo.<\/p>\n<p class=\"ft-text\">En el caso del ictus hemorr\u00e1gico (15%), se controla la presi\u00f3n arterial, la reversi\u00f3n de anticoagulantes y la evacuaci\u00f3n quir\u00fargica del hematoma.<\/p>\n<p><img decoding=\"async\" src=\"https:\/\/www.europesays.com\/es\/wp-content\/uploads\/2025\/10\/62c2a9fb-d4d0-4fd0-adbf-3c46d614e377_alta-libre-aspect-ratio_default_0.jpg\" width=\"1200\" height=\"716\" alt=\"Ictus e infartos son dos de las consecuencias directas de la hipertenci\u00f3n\" class=\"ft-helper-img-rd\" loading=\"lazy\" hasdataaida=\"true\"\/><\/p>\n<p class=\"ft-helper-fontColor-quaternary ft-helper-fontSize-body-S ft-helper-spacer-t-xxs\">Ictus e infartos son dos de las consecuencias directas de la hipertenci\u00f3n  \/ Unsplash<\/p>\n<p>Complicaciones despu\u00e9s de un ictus<\/p>\n<p class=\"ft-text ft-helper-align-justify\">Despu\u00e9s de un ictus, pueden surgir varias complicaciones, tanto a corto como a largo plazo, dependiendo de la gravedad del ictus, la parte del cerebro afectada y la rapidez con la que se recibi\u00f3 atenci\u00f3n m\u00e9dica.<\/p>\n<ul class=\"ft-list ft-list--primary\" data-aida-text=\"\">\n<li class=\"ft-list__item ft-helper-align-justify\"><strong>Complicaciones a corto plazo<\/strong>: Ausencia de movimiento en una parte del cuerpo, dificultad para hablar y dificultad en la degluci\u00f3n (disfagia) entre otros.<\/li>\n<li class=\"ft-list__item ft-helper-align-justify\"><strong>Complicaciones a largo plazo<\/strong>: Discapacidad permanente ante la ausencia de recuperaci\u00f3n del movimiento de extremidades, deterioro cognitivo progresivo (existe un mayor riesgo de desarrollar demencia), trastornos emocionales persistentes (depresi\u00f3n, ansiedad\u2026) e incluso riesgo de desarrollar crisis epil\u00e9pticas.<\/li>\n<\/ul>\n<p class=\"ft-text ft-helper-align-justify\">El tratamiento y rehabilitaci\u00f3n tempranos ayudan a reducir muchas de estas complicaciones.<\/p>\n<p class=\"ft-text ft-helper-align-justify\">La <strong>recuperaci\u00f3n tras un ictus es un proceso gradual que var\u00eda seg\u00fan la gravedad del da\u00f1o cerebral <\/strong>y la rapidez del tratamiento. La rehabilitaci\u00f3n es clave para ayudar al paciente a recuperar la mayor autonom\u00eda posible y mejorar su calidad de vida.<\/p>\n<p class=\"ft-text ft-helper-align-justify\">Este proceso comienza lo antes posible, una vez estabilizado el paciente, y suele implicar un equipo multidisciplinar: neur\u00f3logos, fisioterapeutas, terapeutas ocupacionales, logopedas y psic\u00f3logos. La rehabilitaci\u00f3n se enfoca en restaurar funciones motoras, mejorar el equilibrio y la coordinaci\u00f3n, recuperar el habla y trabajar habilidades cognitivas y emocionales.<\/p>\n<p class=\"ft-text\">El proceso de recuperaci\u00f3n es diferente en cada paciente; aunque \u00ablos progresos m\u00e1s significativos suelen ocurrir durante los primeros meses, la rehabilitaci\u00f3n constante puede seguir generando mejoras con el tiempo. El apoyo familiar y un plan de rehabilitaci\u00f3n adaptado a las necesidades de cada paciente son fundamentales en este proceso\u00bb.<\/p>\n<ul class=\"ft-list ft-list--primary\">\n<li class=\"ft-list__item\">Fisioterapia: Es esencial para restaurar la movilidad, la fuerza y la coordinaci\u00f3n, adem\u00e1s de prevenir la rigidez muscular y mejorar el equilibrio y la marcha.<\/li>\n<li class=\"ft-list__item\">Terapia ocupacional: Facilita la recuperaci\u00f3n de habilidades necesarias para la vida diaria, como vestirse, comer o realizar tareas dom\u00e9sticas, promoviendo la independencia.<\/li>\n<li class=\"ft-list__item\">Logopedia<strong>:<\/strong> Trabaja en la recuperaci\u00f3n del habla, la comprensi\u00f3n del lenguaje y la capacidad de tragar, en caso de que se vean afectadas.<\/li>\n<li class=\"ft-list__item\">Rehabilitaci\u00f3n neuropsicol\u00f3gica<strong>:<\/strong> Ayuda a mantener funciones cognitivas como la memoria, la atenci\u00f3n o la resoluci\u00f3n de problemas, especialmente cuando el ictus afecta estas \u00e1reas.<\/li>\n<li class=\"ft-list__item\">Apoyo emocional y psicol\u00f3gico: Es clave para manejar el impacto emocional del ictus, como la ansiedad o la depresi\u00f3n, y favorecer la motivaci\u00f3n en el proceso de recuperaci\u00f3n.<\/li>\n<\/ul>\n<p class=\"ft-text\">El \u00e9xito de la rehabilitaci\u00f3n depende de combinar estas terapias seg\u00fan las necesidades espec\u00edficas de cada paciente, siempre con un enfoque personalizado y un inicio temprano.<\/p>\n<p>Abordaje<\/p>\n<p class=\"ft-text ft-helper-align-justify\">La atenci\u00f3n al ictus requiere un equipo multidisciplinar porque es una enfermedad compleja que afecta diferentes funciones del organismo y demanda un abordaje integral. \u00abDesde el momento en que el paciente llega al hospital, la coordinaci\u00f3n entre distintos especialistas es clave para asegurar un diagn\u00f3stico r\u00e1pido y un tratamiento efectivo\u00bb, se\u00f1ala la neur\u00f3loga.<\/p>\n<p class=\"ft-text ft-helper-align-justify\">En la fase aguda, neur\u00f3logos, m\u00e9dicos de urgencias, radi\u00f3logos e intensivistas trabajan juntos para identificar el tipo de ictus y aplicar tratamientos como la tromb\u00f3lisis intravenosa o la trombectom\u00eda mec\u00e1nica, que solo son efectivos si se administran en las primeras horas.<\/p>\n<ul class=\"ft-list ft-list--primary\" data-aida-text=\"\">\n<li class=\"ft-list__item ft-helper-align-justify\">\u00abUna vez estabilizado el paciente, fisioterapeutas, logopedas, terapeutas ocupacionales y neuropsic\u00f3logos se encargan de la rehabilitaci\u00f3n, abordando dificultades motoras, del lenguaje, cognitivas y emocionales. No se debe olvidar el equipo de enfermer\u00eda, que proporciona cuidados continuos a estos pacientes\u00bb.<\/li>\n<\/ul>\n<p class=\"ft-text ft-helper-align-justify\">Este enfoque coordinado mejora significativamente las posibilidades de recuperaci\u00f3n, reduce el riesgo de secuelas y garantiza una atenci\u00f3n personalizada y eficiente.<\/p>\n","protected":false},"excerpt":{"rendered":"Seg\u00fan datos de la Sociedad Espa\u00f1ola de Neurolog\u00eda (SEN), en Espa\u00f1a unas 110.000 personas sufren un ictus cada&hellip;\n","protected":false},"author":2,"featured_media":207894,"comment_status":"","ping_status":"","sticky":false,"template":"","format":"standard","meta":{"footnotes":""},"categories":[92],"tags":[25,24,165,12369,11289,166,23],"class_list":{"0":"post-207893","1":"post","2":"type-post","3":"status-publish","4":"format-standard","5":"has-post-thumbnail","7":"category-salud","8":"tag-es","9":"tag-espana","10":"tag-health","11":"tag-ictus","12":"tag-neurologia","13":"tag-salud","14":"tag-spain"},"share_on_mastodon":{"url":"https:\/\/pubeurope.com\/@es\/115459401167634194","error":""},"_links":{"self":[{"href":"https:\/\/www.europesays.com\/es\/wp-json\/wp\/v2\/posts\/207893","targetHints":{"allow":["GET"]}}],"collection":[{"href":"https:\/\/www.europesays.com\/es\/wp-json\/wp\/v2\/posts"}],"about":[{"href":"https:\/\/www.europesays.com\/es\/wp-json\/wp\/v2\/types\/post"}],"author":[{"embeddable":true,"href":"https:\/\/www.europesays.com\/es\/wp-json\/wp\/v2\/users\/2"}],"replies":[{"embeddable":true,"href":"https:\/\/www.europesays.com\/es\/wp-json\/wp\/v2\/comments?post=207893"}],"version-history":[{"count":0,"href":"https:\/\/www.europesays.com\/es\/wp-json\/wp\/v2\/posts\/207893\/revisions"}],"wp:featuredmedia":[{"embeddable":true,"href":"https:\/\/www.europesays.com\/es\/wp-json\/wp\/v2\/media\/207894"}],"wp:attachment":[{"href":"https:\/\/www.europesays.com\/es\/wp-json\/wp\/v2\/media?parent=207893"}],"wp:term":[{"taxonomy":"category","embeddable":true,"href":"https:\/\/www.europesays.com\/es\/wp-json\/wp\/v2\/categories?post=207893"},{"taxonomy":"post_tag","embeddable":true,"href":"https:\/\/www.europesays.com\/es\/wp-json\/wp\/v2\/tags?post=207893"}],"curies":[{"name":"wp","href":"https:\/\/api.w.org\/{rel}","templated":true}]}}