{"id":207911,"date":"2025-10-29T20:54:21","date_gmt":"2025-10-29T20:54:21","guid":{"rendered":"https:\/\/www.europesays.com\/es\/207911\/"},"modified":"2025-10-29T20:54:21","modified_gmt":"2025-10-29T20:54:21","slug":"la-corraliza-la-nueva-gran-ruta-de-mtb-y-gravel-en-las-comarcas-mineras-de-teruel","status":"publish","type":"post","link":"https:\/\/www.europesays.com\/es\/207911\/","title":{"rendered":"La Corraliza, la nueva gran ruta de MTB y gravel en las comarcas mineras de Teruel"},"content":{"rendered":"<p>El proyecto de <strong>La Corraliza<\/strong> es el resultado del trabajo de <strong>Daniel G\u00f3mez<\/strong>, un apasionado de las comarcas de <strong>Cuencas Mineras y Andorra \u2013 Sierra de Arcos (Teruel)<\/strong>, que ha sabido ver en este territorio el destino ideal para todos aquellos ciclistas de <strong>MTB, <a href=\"https:\/\/www.maillotmag.com\/gravel\" rel=\"nofollow noopener\" target=\"_blank\">gravel <\/a>o <a href=\"https:\/\/www.maillotmag.com\/tags\/bikepacking\" rel=\"nofollow noopener\" target=\"_blank\">bikepacking<\/a><\/strong><a href=\"https:\/\/www.maillotmag.com\/tags\/bikepacking\" rel=\"nofollow noopener\" target=\"_blank\"> <\/a>que buscan desconexi\u00f3n y autenticidad, adem\u00e1s de aportar su granito de arena en el desarrollo sostenible de las peque\u00f1as poblaciones que jalonan el recorrido.<\/p>\n<p>Inspirada en el proyecto de <a href=\"https:\/\/www.maillotmag.com\/actualidad\/entrevista-ernesto-pastor-creador-de-montanas-vacias-heroesdel-sendero\" rel=\"nofollow noopener\" target=\"_blank\"><strong>Monta\u00f1as Vac\u00edas<\/strong><\/a>, <strong>La Corraliza<\/strong> nace para mostrar la riqueza paisaj\u00edstica y cultural de estas tierras. Su objetivo es ofrecer al ciclista un viaje en el espacio y en el tiempo por paisajes \u00fanicos y un territorio que resiste al abandono.<\/p>\n<p><strong>466 km<\/strong> por el coraz\u00f3n minero de <strong>Teruel<\/strong>, <strong>La Corraliza<\/strong> es una ruta dise\u00f1ada para bicicletas tipo MTB o gravel. El recorrido, con un desnivel positivo acumulado de <strong>8.490 m<\/strong>, se desarrolla principalmente por caminos agr\u00edcolas, pistas forestales y carreteras secundarias con muy poco tr\u00e1fico.<\/p>\n<p>Aunque los ciclistas pueden plantearse el recorrido seg\u00fan su capacidad y preferencias, <strong>Daniel <\/strong>propone <strong>siete etapas que oscilan entre los 50 y los 90 km diarios<\/strong> para quienes prefieren viajar sin prisa y dedicar tiempo al turismo cultural. El itinerario forma un gran bucle con inicio y final en <strong>Utrillas, capital de las Cuencas Mineras<\/strong>. Pasa por localidades como <strong>Mart\u00edn del R\u00edo, Armillas, Ob\u00f3n, Alcaine, Segura de los Ba\u00f1os, Huesa del Com\u00fan, Muniesa, Ari\u00f1o, Andorra, Alloza, Oliete, Estercuel, Montalb\u00e1n, Ejulve y Aliaga<\/strong>.<\/p>\n<p>El trazado recorre terrenos muy variados, desde planicies a escarpados relieves, con ascensos destacados como <strong>la sierra de Sant Just (el punto m\u00e1s alto de la ruta, 1.547 m) o el alto de San Crist\u00f3bal<\/strong>. Los tramos m\u00e1s t\u00e9cnicos cuentan con variantes alternativas que facilitan el tr\u00e1nsito a ciclistas que se inician en el bikepacking o no les apetece \u2018complicarse\u2019 la ruta.<\/p>\n<p><img decoding=\"async\" alt=\"\" src=\"https:\/\/www.europesays.com\/es\/wp-content\/uploads\/2025\/10\/la_corraliza_2.jpg\" style=\"width: 100%;\"\/><\/p>\n<p>La Corraliza, s\u00edmbolo de resistencia y paisaje cultural<\/p>\n<p>El nombre de la ruta no es casual.<strong> La Corraliza<\/strong> surge de la observaci\u00f3n de los antiguos corrales hoy en desuso y cuyas piedras resisten a\u00fan al paso del tiempo. Son s\u00edmbolos de una vida agro-ganadera casi extinguida, marcada por el esfuerzo y la subsistencia.<br \/>En un momento en que muchos ciclistas huyen de la masificaci\u00f3n, <strong>La Corraliza<\/strong> convierte la baja densidad de estas comarcas en su mayor atractivo. Recorrerlas es viajar hacia atr\u00e1s en el tiempo. Es descubrir un paisaje cultural que se mantiene vivo pese a la despoblaci\u00f3n.<\/p>\n<p>El proyecto es un ejemplo de resistencia. Busca generar valor sin desarraigar, demostrando que el desarrollo y la conservaci\u00f3n pueden avanzar juntos. El ciclista que se adentra en <strong>La Corraliza<\/strong> busca precisamente esa lejan\u00eda para disfrutar de paisajes singulares como la <strong>sima de San Pedro en Oliete o los \u00d3rganos de Montoro en Villarluengo<\/strong>, testigos de un paisaje modelado por el tiempo.<\/p>\n<p>Sin olvidar la riqueza hist\u00f3rica de la zona, donde el legado minero y pastoril de los pueblos convive con restos de arte rupestre, mediaval y mud\u00e9jar. El <strong>Parque Cultural del R\u00edo Mart\u00edn<\/strong> atraviesa parte del trazado y conecta al viajero con un pasado cuyas huellas siguen vivas en lugares como <strong>Montalb\u00e1n, Alcaine, Oliete o Ari\u00f1o<\/strong>.<\/p>\n<p><img decoding=\"async\" alt=\"\" src=\"https:\/\/www.europesays.com\/es\/wp-content\/uploads\/2025\/10\/la_corraliza_1.jpg\" style=\"width: 100%;\"\/><\/p>\n<p>Una ruta que conecta territorio y vida rural<\/p>\n<p><strong>La Corraliza<\/strong> no es solo una ruta. Es un motor de vertebraci\u00f3n territorial. Al pasar por numerosos pueblos, fomenta un turismo consciente que repercute directamente en la econom\u00eda local. En la <a href=\"https:\/\/www.lacorraliza.org\/\" rel=\"nofollow noopener\" target=\"_blank\"><strong>web de La Corraliza<\/strong><\/a> se ofrece una gu\u00eda detallada de servicios con opciones de alojamiento y restauraci\u00f3n en las localidades del recorrido. En la mayor\u00eda de los peque\u00f1os n\u00facleos, el viajero encontrar\u00e1 al menos un \u2018teleclub\u2019 o bar social. Cada vez es m\u00e1s com\u00fan la f\u00f3rmula del \u2018multiservicio rural\u2019, que puede llegar a combinar albergue, tienda, bar y punto de informaci\u00f3n tur\u00edstica. Estos espacios, que garantizan servicios b\u00e1sicos y ayudan a fijar poblaci\u00f3n en los municipios m\u00e1s peque\u00f1os, ser\u00e1n tambi\u00e9n buenos aliados para el ciclista.<\/p>\n<p>En definitiva, el proyecto es una declaraci\u00f3n de amor hacia estas comarcas. Aspira a consolidarse como un modelo de desarrollo sostenible ligado al cicloturismo. Su prop\u00f3sito es atraer visitantes y fortalecer el v\u00ednculo entre quienes visitan el territorio y quienes lo habitan. <strong>La Corraliza<\/strong> busca reactivar el orgullo local y preservar la identidad cultural de la zona. Es una forma de resistencia activa frente al olvido, una invitaci\u00f3n a redescubrir la belleza de lo esencial y a entender que pedalear por estos paisajes es tambi\u00e9n una manera de cuidarlos.<\/p>\n<p><strong>M\u00e1s informaci\u00f3n en la <a href=\"https:\/\/www.lacorraliza.org\/\" rel=\"nofollow noopener\" target=\"_blank\">web de La Corraliza<\/a><\/strong><\/p>\n<p><strong><img decoding=\"async\" alt=\"\" src=\"https:\/\/www.europesays.com\/es\/wp-content\/uploads\/2025\/10\/la_corraliza_3.jpg\" style=\"width: 100%;\"\/><\/strong><\/p>\n<p><strong>\u00bfQuieres estar al tanto de todas las novedades de MTBpro?<\/strong><br \/><a href=\"https:\/\/www.mtbpro.es\/suscribete\/\" rel=\"nofollow noopener\" target=\"_blank\">Suscribete a nuestro newsletter<\/a> para no perderte el mejor contenido relevante, novedades, opini\u00f3n, podcast, etc.<\/p>\n","protected":false},"excerpt":{"rendered":"El proyecto de La Corraliza es el resultado del trabajo de Daniel G\u00f3mez, un apasionado de las comarcas&hellip;\n","protected":false},"author":2,"featured_media":207912,"comment_status":"","ping_status":"","sticky":false,"template":"","format":"standard","meta":{"footnotes":""},"categories":[273],"tags":[56562,313,312,168,56563,25,24,56560,56561,23,167,226],"class_list":{"0":"post-207911","1":"post","2":"type-post","3":"status-publish","4":"format-standard","5":"has-post-thumbnail","7":"category-ciclismo","8":"tag-bikepacking","9":"tag-ciclismo","10":"tag-cycling","11":"tag-deportes","12":"tag-destinos-mtb","13":"tag-es","14":"tag-espana","15":"tag-heroes-del-sendero","16":"tag-la-corraliza","17":"tag-spain","18":"tag-sports","19":"tag-viajes"},"share_on_mastodon":{"url":"https:\/\/pubeurope.com\/@es\/115459448248346469","error":""},"_links":{"self":[{"href":"https:\/\/www.europesays.com\/es\/wp-json\/wp\/v2\/posts\/207911","targetHints":{"allow":["GET"]}}],"collection":[{"href":"https:\/\/www.europesays.com\/es\/wp-json\/wp\/v2\/posts"}],"about":[{"href":"https:\/\/www.europesays.com\/es\/wp-json\/wp\/v2\/types\/post"}],"author":[{"embeddable":true,"href":"https:\/\/www.europesays.com\/es\/wp-json\/wp\/v2\/users\/2"}],"replies":[{"embeddable":true,"href":"https:\/\/www.europesays.com\/es\/wp-json\/wp\/v2\/comments?post=207911"}],"version-history":[{"count":0,"href":"https:\/\/www.europesays.com\/es\/wp-json\/wp\/v2\/posts\/207911\/revisions"}],"wp:featuredmedia":[{"embeddable":true,"href":"https:\/\/www.europesays.com\/es\/wp-json\/wp\/v2\/media\/207912"}],"wp:attachment":[{"href":"https:\/\/www.europesays.com\/es\/wp-json\/wp\/v2\/media?parent=207911"}],"wp:term":[{"taxonomy":"category","embeddable":true,"href":"https:\/\/www.europesays.com\/es\/wp-json\/wp\/v2\/categories?post=207911"},{"taxonomy":"post_tag","embeddable":true,"href":"https:\/\/www.europesays.com\/es\/wp-json\/wp\/v2\/tags?post=207911"}],"curies":[{"name":"wp","href":"https:\/\/api.w.org\/{rel}","templated":true}]}}