{"id":207950,"date":"2025-10-29T21:22:20","date_gmt":"2025-10-29T21:22:20","guid":{"rendered":"https:\/\/www.europesays.com\/es\/207950\/"},"modified":"2025-10-29T21:22:20","modified_gmt":"2025-10-29T21:22:20","slug":"una-vivienda-solida-y-tectonica-casa-en-cala-tamarit-por-raul-sanchez","status":"publish","type":"post","link":"https:\/\/www.europesays.com\/es\/207950\/","title":{"rendered":"Una vivienda s\u00f3lida y tect\u00f3nica. Casa en Cala Tamarit por Ra\u00fal S\u00e1nchez"},"content":{"rendered":"<p class=\"text-align-justify\">Descripci\u00f3n del proyecto por <a href=\"https:\/\/www.metalocus.es\/es\/noticias\/busqueda-de-belleza-e-integracion-casa-magarola-por-raul-sanchez-architects\" target=\"_blank\" rel=\"nofollow noopener\">Ra\u00fal S\u00e1nchez Architects<\/a>\u00a0<\/p>\n<p>\u00ab\u2026una casa s\u00f3lida\u2026pesada\u00bb<\/p>\n<p>Esta frase resume c\u00f3mo se imaginaban la casa sus futuros habitantes: una pareja en la que ambos trabajan en el mundo digital, para lo que \u00fanicamente necesitan un ordenador port\u00e1til. Y precisamente para su futura casa quer\u00edan todo lo contrario: materialidad frente a inmaterialidad, volumen y masa frente a ligereza, experiencia frente a la inmediatez. Acostumbrados a un entorno en el que todo lo s\u00f3lido se desvanece en el aire, su futura casa deb\u00eda aportarles no s\u00f3lo cobijo, sino una experiencia f\u00edsica.<\/p>\n<p>La casa toma forma recogida por dos muros de hormig\u00f3n armado visto, tintados, de color beige, seg\u00fan exige la normativa local, que hacia el acceso se doblan y forman un patio de entrada rehundido, al que se accede mediante una escalera que ocupa la franja entre los dos muros. As\u00ed, al descender se entra a un mundo sin apenas contacto con el exterior, flanqueado por los pesados muros de hormig\u00f3n (que est\u00e1n decolorados y muestran los restos del encofrado y el proceso de la construcci\u00f3n), con la \u00fanica vista del cielo y del interior de la casa. En el interior de la vivienda casi no hay jerarqu\u00edas, las estancias se forman como los espacios que quedan a uno y otro lado de unos bloques que encierran armarios, ba\u00f1os o la cocina: estos bloques no est\u00e1n alineados, por lo que no hay un espacio de circulaci\u00f3n como tal, y el propio movimiento a trav\u00e9s de la casa encuentra muchas formas de llegar a un mismo espacio.<\/p>\n<p>            <img decoding=\"async\" loading=\"lazy\" src=\"https:\/\/www.europesays.com\/es\/wp-content\/uploads\/2025\/10\/metalocus_raul-sanchez_casa-cala-tamarit_20_0.jpg\" width=\"2048\" height=\"1782\" alt=\"Casa en Cala Tamarit por Ra\u00fal S\u00e1nchez. Fotograf\u00eda por David Zarzoso.\" title=\"Casa en Cala Tamarit por Ra\u00fal S\u00e1nchez. Fotograf\u00eda por David Zarzoso.\" class=\"image-style-max-2600x2600\"\/><\/p>\n<p>Casa en Cala Tamarit por Ra\u00fal S\u00e1nchez. Fotograf\u00eda por David Zarzoso.<\/p>\n<p>La experiencia interior es por lo tanto cambiante y variada, y es necesario recorrer las estancias para entender la casa: desde la entrada el ambiente es m\u00e1s recogido e \u00edntimo, pero siempre se tiene la vista del horizonte al otro lado, hasta que se llega a la zona de cocina, completamente abierta al paisaje de pinos; desde la cocina, o tambi\u00e9n desde la entrada, se puede acceder a la sala principal, desarrollada en una doble altura que se descubre al atravesar el umbral de acceso; y a su vez, esta sala se prolonga hacia el patio de entrada a trav\u00e9s de un \u00e1mbito m\u00e1s recogido que prepara la conexi\u00f3n con este espacio. Tanto la sala a doble altura como la cocina se abren mediante una gran terraza a las vistas y el paisaje, y desde esta terraza, se va descendiendo a la zona de piscina, ubicada en el l\u00edmite donde el terreno se convierte en un barranco. En la planta primera se ubican tres dormitorios, cada uno con su propio ba\u00f1o, mientras que el s\u00f3tano se dedica a sala de juegos, dormitorio adicional y almacenes.<\/p>\n<p>Una lectura atenta de la casa desvela un juego de opuestos: la rotundidad y solidez del hormig\u00f3n armado queda desmentida por su propia disposici\u00f3n, mediante balcones volados donde parece que falta un pilar, pantallas superiores que descansan en huecos inferiores, o la propia grieta por donde la escalera sube a cubierta, que parece romper las losas que deber\u00edan ser continuas. Esta doble lectura tambi\u00e9n se aplica a la propia experiencia de la casa: cerrada e \u00edntima a la vez que abierta hacia el paisaje; oscura y luminosa; rugosa y lisa. Precisamente la casa quiere escapar de etiquetas para moverse en terrenos m\u00e1s ambiguos que potencian la experiencia fenomenol\u00f3gica de la misma.<\/p>\n<p>            <img decoding=\"async\" loading=\"lazy\" src=\"https:\/\/www.europesays.com\/es\/wp-content\/uploads\/2025\/10\/metalocus_raul-sanchez_casa-cala-tamarit_37_0.jpg\" width=\"1580\" height=\"2107\" alt=\"House in Cala Tamarit by Ra\u00fal S\u00e1nchez. Photograph by David Zarzoso.\" title=\"House in Cala Tamarit by Ra\u00fal S\u00e1nchez. Photograph by David Zarzoso.\" class=\"image-style-max-2600x2600\"\/><\/p>\n<p>Casa en Cala Tamarit por Ra\u00fal S\u00e1nchez. Fotograf\u00eda por David Zarzoso.<\/p>\n<p>La elecci\u00f3n del mobiliario sigue esta misma idea, combinando cl\u00e1sicos de Carlo Scarpa, Mackintosh, Le Corbusier, Mies Van Der Rohe o Miguel Mil\u00e1 (todas ellas conseguidas a trav\u00e9s de FENIX Originals), con otras piezas m\u00e1s cercanas al arte de creadores contempor\u00e1neos, como Maxime Halot o Alex Bellotti, todos representados por EastWest Space de Barcelona. Algunas obras de Francisco Su\u00e1rez o de Malgosia Jankowska, ambos de la galer\u00eda V\u00edctor Lope Arte Contempor\u00e1neo de Barcelona, empiezan a ocupar algunas paredes pensadas para ir \u00a0 acogiendo una familia creciente de arte.<\/p>\n<p>La casa dispone de un sistema de suelo radiante en todas las estancias, y un eficiente sistema de aerotermia genera el fr\u00edo y el calor necesarios. Sumado a la ventilaci\u00f3n cruzada natural en todas las estancias, a un cuidado control de la orientaci\u00f3n y posici\u00f3n de los huecos junto a los elementos que les dan sombra, a un dep\u00f3sito pluvial que almacena y reutiliza el agua de lluvia, y a una selecci\u00f3n de materiales sencillos y de proximidad, consiguen una casa medioambientalmente comprometida y de unas elevadas prestaciones energ\u00e9ticas: incluso el hormig\u00f3n armado se ha ejecutado con el objetivo de reducir su huella de carbono, para lo que se ha sustituido gran parte del cemento portland por puzolanas naturales, se \u00a0han usado \u00e1ridos reciclados en lugar de \u00e1ridos extra\u00eddos de cantera, y se han usado aditivos superplastificantes para minimizar el uso de cemento.<\/p>\n<p>            <img decoding=\"async\" loading=\"lazy\" src=\"https:\/\/www.europesays.com\/es\/wp-content\/uploads\/2025\/10\/metalocus_raul-sanchez_casa-cala-tamarit_16_0.jpg\" width=\"2048\" height=\"1828\" alt=\"House in Cala Tamarit by Ra\u00fal S\u00e1nchez. Photograph by David Zarzoso.\" title=\"House in Cala Tamarit by Ra\u00fal S\u00e1nchez. Photograph by David Zarzoso.\" class=\"image-style-max-2600x2600\"\/><\/p>\n<p>Casa en Cala Tamarit por Ra\u00fal S\u00e1nchez. Fotograf\u00eda por David Zarzoso.<\/p>\n<p>A ello se a\u00f1ade la incorporaci\u00f3n de fachada de madera de alerce, proveniente de bosques gestionados de manera sostenible, que incorpora una serie de \u2018costillas\u2019 para generar sombra sobre la propia fachada y reducir el calentamiento de la misma, adem\u00e1s de disimular las ventanas situadas en las fachadas laterales, enfrentadas a las casas vecinas. Adicionalmente, la disposici\u00f3n de la casa aprovecha la topograf\u00eda para asentarse en el terreno equilibrando excavaci\u00f3n y aporte de tierras, colocando la planta baja semienterrada y desplazando el s\u00f3tano buscando las terrazas naturales del solar.<\/p>\n<p>Ubicada en el id\u00edlico entorno de Cala Tamarit, en las afueras de Tarragona, el solar tiene acceso desde dos viales, aunque \u00fanicamente se accede desde la calle superior, ya que, a mitad de solar, el terreno se convierte en un barranco con una pendiente que supera el 100%, imposibilitando no s\u00f3lo el acceso sino el propio aprovechamiento de esa parte. La orientaci\u00f3n es noreste-suroeste y est\u00e1 a apenas 150 metros del mar. Todas las proporciones, tanto en planta como en secci\u00f3n, obedecen a la secci\u00f3n \u00e1urea.<\/p>\n","protected":false},"excerpt":{"rendered":"Descripci\u00f3n del proyecto por Ra\u00fal S\u00e1nchez Architects\u00a0 \u00ab\u2026una casa s\u00f3lida\u2026pesada\u00bb Esta frase resume c\u00f3mo se imaginaban la casa&hellip;\n","protected":false},"author":2,"featured_media":207951,"comment_status":"","ping_status":"","sticky":false,"template":"","format":"standard","meta":{"footnotes":""},"categories":[173],"tags":[229,233,231,230,232,234,146,147,25,24,23],"class_list":{"0":"post-207950","1":"post","2":"type-post","3":"status-publish","4":"format-standard","5":"has-post-thumbnail","7":"category-arte-y-diseno","8":"tag-arte","9":"tag-arte-y-diseno","10":"tag-arts","11":"tag-arts-and-design","12":"tag-design","13":"tag-diseno","14":"tag-entertainment","15":"tag-entretenimiento","16":"tag-es","17":"tag-espana","18":"tag-spain"},"share_on_mastodon":{"url":"https:\/\/pubeurope.com\/@es\/115459558595092252","error":""},"_links":{"self":[{"href":"https:\/\/www.europesays.com\/es\/wp-json\/wp\/v2\/posts\/207950","targetHints":{"allow":["GET"]}}],"collection":[{"href":"https:\/\/www.europesays.com\/es\/wp-json\/wp\/v2\/posts"}],"about":[{"href":"https:\/\/www.europesays.com\/es\/wp-json\/wp\/v2\/types\/post"}],"author":[{"embeddable":true,"href":"https:\/\/www.europesays.com\/es\/wp-json\/wp\/v2\/users\/2"}],"replies":[{"embeddable":true,"href":"https:\/\/www.europesays.com\/es\/wp-json\/wp\/v2\/comments?post=207950"}],"version-history":[{"count":0,"href":"https:\/\/www.europesays.com\/es\/wp-json\/wp\/v2\/posts\/207950\/revisions"}],"wp:featuredmedia":[{"embeddable":true,"href":"https:\/\/www.europesays.com\/es\/wp-json\/wp\/v2\/media\/207951"}],"wp:attachment":[{"href":"https:\/\/www.europesays.com\/es\/wp-json\/wp\/v2\/media?parent=207950"}],"wp:term":[{"taxonomy":"category","embeddable":true,"href":"https:\/\/www.europesays.com\/es\/wp-json\/wp\/v2\/categories?post=207950"},{"taxonomy":"post_tag","embeddable":true,"href":"https:\/\/www.europesays.com\/es\/wp-json\/wp\/v2\/tags?post=207950"}],"curies":[{"name":"wp","href":"https:\/\/api.w.org\/{rel}","templated":true}]}}